{"id":55440,"date":"2020-01-14T10:40:34","date_gmt":"2020-01-14T08:40:34","guid":{"rendered":"https:\/\/activecitizensfund.ro\/?p=55440"},"modified":"2020-07-14T15:25:46","modified_gmt":"2020-07-14T13:25:46","slug":"haide-la-sesiunile-de-informare-acf","status":"publish","type":"post","link":"https:\/\/activecitizensfund.ro\/en\/haide-la-sesiunile-de-informare-acf\/","title":{"rendered":"#haide la sesiunile de informare pentru apelurile Active Citizens Fund Rom\u00e2nia deschise \u00een prezent"},"content":{"rendered":"<div class=\"wpb-content-wrapper\"><section class=\"vc_section\"><div class=\"vc_row wpb_row vc_row-fluid dt-default\" style=\"margin-top: 0px;margin-bottom: 0px\"><div class=\"wpb_column vc_column_container vc_col-sm-12\"><div class=\"vc_column-inner\"><div class=\"wpb_wrapper\"><div class=\"vc_empty_space\"   style=\"height: 32px\"><span class=\"vc_empty_space_inner\"><\/span><\/div>\n\t<div class=\"wpb_text_column wpb_content_element\" >\n\t\t<div class=\"wpb_wrapper\">\n\t\t\t<p>Funda\u0163ia pentru Dezvoltarea Societ\u0103\u0163ii Civile, \u00eempreun\u0103 cu partenerii s\u0103i, Funda\u021bia pentru Parteneriat, Centrul de Resurse pentru Comunit\u0103\u021bile de Romi, Funda\u021bia PACT \u0219i Frivillighet Norge organizeaz\u0103 \u00een cadrul programului de finan\u0163are Active Citizens Fund Rom\u00e2nia, parte a Granturile SEE \u0219i Norvegiene 2014-2021, patru <strong>information sessions <\/strong><strong>pentru poten\u0163ialii solicitan\u0163i\/parteneri \u00een cadrul Apelurilor deschise<\/strong>. Acestea vor avea structur\u0103 \u015fi prezent\u0103ri similare \u0219i \u00ee\u0219i propun s\u0103 permit\u0103 accesul unui num\u0103r c\u00e2t mai mare de participan\u0163i din \u0163ar\u0103. Fiecare participant poate opta pentru una dintre cele 4 loca\u0163ii propuse:<\/p>\n\n\t\t<\/div>\n\t<\/div>\n<div class=\"vc_empty_space\"   style=\"height: 32px\"><span class=\"vc_empty_space_inner\"><\/span><\/div>\n\t<div class=\"wpb_text_column wpb_content_element\" >\n\t\t<div class=\"wpb_wrapper\">\n\t\t\t<ul>\n<li><strong>27 January 2020<\/strong> <span style=\"color: #ff0000;\"><strong>Bucure\u015fti<\/strong><\/span>, data limit\u0103 de \u00eenscriere 21 ianuarie 2020 \u00een formularul disponibil <a href=\"https:\/\/www.esurveyspro.com\/Survey.aspx?id=3985cec0-b132-4887-9fb5-87fe61a60865\"><strong>HERE<\/strong><\/a><\/li>\n<li><strong>30 ianuarie 2020<\/strong> <span style=\"color: #ff0000;\"><strong>Ia\u015fi<\/strong><\/span>, data limit\u0103 de \u00eenscriere 27 ianuarie 2020 \u00een formularul disponibil <a href=\"https:\/\/www.esurveyspro.com\/Survey.aspx?id=866f86ab-b8f3-48ec-afff-7902c09964d5\"><strong>HERE<\/strong><\/a><\/li>\n<li><strong>4 februarie 2020<\/strong> <span style=\"color: #ff0000;\"><strong>Craiova<\/strong><\/span>, data limit\u0103 de \u00eenscriere 29 ianuarie 2020 \u00een formularul disponibil <a href=\"https:\/\/www.esurveyspro.com\/Survey.aspx?id=9a507dad-facd-43ff-80e4-cd276cf7c716\"><strong>HERE<\/strong><\/a><\/li>\n<li><strong>11 februarie 2020<\/strong> <span style=\"color: #ff0000;\"><strong>Cluj-Napoca<\/strong><\/span>, data limit\u0103 de \u00eenscriere 5 februarie 2020 \u00een formularul disponibil <a href=\"https:\/\/www.esurveyspro.com\/Survey.aspx?id=a9629053-f319-45fe-9852-18b1d75c20bc\"><strong>HERE<\/strong><\/a><\/li>\n<\/ul>\n\n\t\t<\/div>\n\t<\/div>\n<div class=\"vc_empty_space\"   style=\"height: 32px\"><span class=\"vc_empty_space_inner\"><\/span><\/div>\n\t<div class=\"wpb_text_column wpb_content_element\" >\n\t\t<div class=\"wpb_wrapper\">\n\t\t\t<p>Cele patru sesiuni se vor desf\u0103\u015fura \u00een intervalul estimativ <span style=\"color: #ff0000;\"><strong>10.00 \u2013 16.00<\/strong><\/span> \u015fi vor aborda urm\u0103toarele aspecte:<\/p>\n\n\t\t<\/div>\n\t<\/div>\n\n\t<div class=\"wpb_text_column wpb_content_element\" >\n\t\t<div class=\"wpb_wrapper\">\n\t\t\t<ul>\n<li><strong>Prezentare general\u0103 Active Citizens Fund Rom\u00e2nia<\/strong><\/li>\n<li><strong>Call for proposals<\/strong><\/li>\n<li><strong>Budget and eligible costs<\/strong><\/li>\n<li><strong>Application and evaluation procedure<\/strong><\/li>\n<li><strong>Sesiune de \u00eentreb\u0103ri \u015fi r\u0103spunsuri<\/strong><\/li>\n<\/ul>\n\n\t\t<\/div>\n\t<\/div>\n<div class=\"vc_empty_space\"   style=\"height: 32px\"><span class=\"vc_empty_space_inner\"><\/span><\/div>\n\t<div class=\"wpb_text_column wpb_content_element\" >\n\t\t<div class=\"wpb_wrapper\">\n\t\t\t<p>\u00cen mod special, \u00een cadrul acestor evenimente, vor avea loc <strong>sesiuni dedicate <span style=\"color: #ff0000;\">ORGANIZA\u021aIILOR MICI<\/span><\/strong> (principalele sec\u0163iuni ale cererii de finan\u0163are, modalit\u0103\u0163i de completare \u015fi evitarea gre\u015felillor frecvente) \u015fi <span style=\"color: #ff0000;\"><strong>PARTENERIATELOR<\/strong><\/span>(valoarea adaugat\u0103 a parteneriatelor na\u0163ionale \u015fi bilaterale). \u00centruc\u00e2t aceste sesiuni vor avea loc \u00een paralel, recomand\u0103m organiza\u0163iilor mici* s\u0103 participe cu un num\u0103r de doi reprezentan\u0163i.<\/p>\n<p><em>*organiza\u0163ie mic\u0103 \u2013 organiza\u0163ie care are un buget mediu de maximum 240.000 Ron &#8211; aproximativ 51.000 Euro, pentru ultimii 3 ani<\/em><\/p>\n\n\t\t<\/div>\n\t<\/div>\n<div class=\"vc_empty_space\"   style=\"height: 32px\"><span class=\"vc_empty_space_inner\"><\/span><\/div>\n\t<div class=\"wpb_text_column wpb_content_element\" >\n\t\t<div class=\"wpb_wrapper\">\n\t\t\t<p>Men\u0163ion\u0103m c\u0103 organizatorul <span style=\"color: #ff0000;\"><strong>DO NOT<\/strong><\/span> acoper\u0103 <strong>costurile de transport, cazare \u015fi mas\u0103<\/strong> (cu excep\u0163ia pauzelor de cafea \u015fi pr\u00e2nz din cadrul evenimentului).<\/p>\n\n\t\t<\/div>\n\t<\/div>\n<div class=\"vc_empty_space\"   style=\"height: 32px\"><span class=\"vc_empty_space_inner\"><\/span><\/div>\n\t<div class=\"wpb_text_column wpb_content_element\" >\n\t\t<div class=\"wpb_wrapper\">\n\t\t\t<p><strong>Contact person<\/strong> pentru detalii suplimentare privind sesiunile de informare: Ileana Hargala\u0219 (FDSC) &#8211; 021.310.01.81 sau 0758.231.011.<\/p>\n\n\t\t<\/div>\n\t<\/div>\n<\/div><\/div><\/div><\/div><\/section>\n<\/div>","protected":false},"excerpt":{"rendered":"<p>Funda\u0163ia pentru Dezvoltarea Societ\u0103\u0163ii Civile, \u00eempreun\u0103 cu partenerii s\u0103i, Funda\u021bia pentru Parteneriat, Centrul de Resurse pentru Comunit\u0103\u021bile de Romi, Funda\u021bia PACT \u0219i Frivillighet Norge organizeaz\u0103 \u00een cadrul programului de finan\u0163are Active Citizens Fund Rom\u00e2nia, parte a Granturile SEE \u0219i Norvegiene 2014-2021, patru sesiuni de informare pentru poten\u0163ialii solicitan\u0163i\/parteneri \u00een cadrul Apelurilor deschise. <\/p>","protected":false},"author":1,"featured_media":55441,"comment_status":"closed","ping_status":"closed","sticky":false,"template":"template-microsite.php","format":"standard","meta":{"footnotes":""},"categories":[211],"tags":[],"class_list":["post-55440","post","type-post","status-publish","format-standard","has-post-thumbnail","hentry","category-stiri","category-211","description-off"],"_links":{"self":[{"href":"https:\/\/activecitizensfund.ro\/en\/wp-json\/wp\/v2\/posts\/55440","targetHints":{"allow":["GET"]}}],"collection":[{"href":"https:\/\/activecitizensfund.ro\/en\/wp-json\/wp\/v2\/posts"}],"about":[{"href":"https:\/\/activecitizensfund.ro\/en\/wp-json\/wp\/v2\/types\/post"}],"author":[{"embeddable":true,"href":"https:\/\/activecitizensfund.ro\/en\/wp-json\/wp\/v2\/users\/1"}],"replies":[{"embeddable":true,"href":"https:\/\/activecitizensfund.ro\/en\/wp-json\/wp\/v2\/comments?post=55440"}],"version-history":[{"count":3,"href":"https:\/\/activecitizensfund.ro\/en\/wp-json\/wp\/v2\/posts\/55440\/revisions"}],"predecessor-version":[{"id":55444,"href":"https:\/\/activecitizensfund.ro\/en\/wp-json\/wp\/v2\/posts\/55440\/revisions\/55444"}],"wp:featuredmedia":[{"embeddable":true,"href":"https:\/\/activecitizensfund.ro\/en\/wp-json\/wp\/v2\/media\/55441"}],"wp:attachment":[{"href":"https:\/\/activecitizensfund.ro\/en\/wp-json\/wp\/v2\/media?parent=55440"}],"wp:term":[{"taxonomy":"category","embeddable":true,"href":"https:\/\/activecitizensfund.ro\/en\/wp-json\/wp\/v2\/categories?post=55440"},{"taxonomy":"post_tag","embeddable":true,"href":"https:\/\/activecitizensfund.ro\/en\/wp-json\/wp\/v2\/tags?post=55440"}],"curies":[{"name":"wp","href":"https:\/\/api.w.org\/{rel}","templated":true}]}}