{"id":55485,"date":"2020-01-22T14:28:59","date_gmt":"2020-01-22T12:28:59","guid":{"rendered":"https:\/\/activecitizensfund.ro\/?p=55485"},"modified":"2020-07-14T15:25:46","modified_gmt":"2020-07-14T13:25:46","slug":"sesiuni-tematice-acf-1","status":"publish","type":"post","link":"https:\/\/activecitizensfund.ro\/en\/sesiuni-tematice-acf-1\/","title":{"rendered":"#haide la sesiunile tematice Active Citizens Fund Rom\u00e2nia"},"content":{"rendered":"<div class=\"wpb-content-wrapper\"><section class=\"vc_section\"><div class=\"vc_row wpb_row vc_row-fluid dt-default\" style=\"margin-top: 0px;margin-bottom: 0px\"><div class=\"wpb_column vc_column_container vc_col-sm-12\"><div class=\"vc_column-inner\"><div class=\"wpb_wrapper\"><div class=\"vc_empty_space\"   style=\"height: 32px\"><span class=\"vc_empty_space_inner\"><\/span><\/div>\n\t<div class=\"wpb_text_column wpb_content_element\" >\n\t\t<div class=\"wpb_wrapper\">\n\t\t\t<p>Funda\u0163ia pentru Dezvoltarea Societ\u0103\u0163ii Civile, \u00eempreun\u0103 cu partenerii s\u0103i, Funda\u021bia pentru Parteneriat, Centrul de Resurse pentru Comunit\u0103\u021bile de Romi, Funda\u021bia PACT \u0219i Frivillighet Norge organizeaz\u0103 \u00een cadrul programului de finan\u0163are Active Citizens Fund Rom\u00e2nia <strong>patru<\/strong> sesiuni tematice pentru poten\u0163ialii solicitan\u0163i \u00een cadrul Apelurilor deschise, cu interes \u00een diferite zone tematice importante promovate de program.<\/p>\n\n\t\t<\/div>\n\t<\/div>\n<div class=\"vc_empty_space\"   style=\"height: 32px\"><span class=\"vc_empty_space_inner\"><\/span><\/div>\n\t<div class=\"wpb_text_column wpb_content_element\" >\n\t\t<div class=\"wpb_wrapper\">\n\t\t\t<p><strong>The objective <\/strong>acestor sesiuni este de a crea un context de dialog \u00eentre organiza\u021bii cu interes\/expertiz\u0103 \u00een diferite zone tematice importante promovate prin ACF Rom\u00e2nia (coalizare ONG, interven\u021bii prin art\u0103 \u0219i cultur\u0103, incluziunea \u0219i participarea tinerilor, dezvoltarea capacit\u0103\u021bii ONG-urilor) pentru a g\u00e2ndi \u0219i propune interven\u021bii sus\u021binute \u0219i coroborate prin intermediul a viitoare propuneri de finan\u021bare \u00een cadrul programului ACF Rom\u00e2nia.<\/p>\n\n\t\t<\/div>\n\t<\/div>\n<div class=\"vc_empty_space\"   style=\"height: 32px\"><span class=\"vc_empty_space_inner\"><\/span><\/div>\n\t<div class=\"wpb_text_column wpb_content_element\" >\n\t\t<div class=\"wpb_wrapper\">\n\t\t\t<p>Selec\u021bia se va realiza \u00een func\u021bie de num\u0103rul de locuri disponibile \u015fi va avea \u00een vedere motiva\u021bia pentru participare \u015fi dimensiunea organiza\u021biei, acord\u00e2nd prioritate organiza\u021biilor mici \u015fi celor care nu au participat deja la una din sesiunile de informare organizate \u00een cadrul ACF Rom\u00e2nia.<\/p>\n<p>Men\u0163ion\u0103m c\u0103 organizatorul <strong>DO NOT<\/strong> acoper\u0103 costurile de transport, cazare \u015fi mas\u0103 (cu excep\u0163ia pauzelor de cafea \u015fi pr\u00e2nz din cadrul evenimentului). Informa\u0163ii despre locul exact de desf\u0103\u0219urare a sesiunilor se vor trimite celor selecta\u021bi \u00eempreun\u0103 cu alte detalii logistice \u0219i de con\u021binut.<\/p>\n\n\t\t<\/div>\n\t<\/div>\n<div class=\"vc_empty_space\"   style=\"height: 32px\"><span class=\"vc_empty_space_inner\"><\/span><\/div>\n\t<div class=\"wpb_text_column wpb_content_element\" >\n\t\t<div class=\"wpb_wrapper\">\n\t\t\t<p><strong>Termene limit\u0103 de \u00eenscriere:<\/strong><\/p>\n<p>Pentru sesiunea din Bucure\u0219ti: 28.01.2020<\/p>\n<p>Pentru sesiunea din Timi\u0219oara: 11.02.2020<\/p>\n<p>Pentru sesiunea din Constan\u021ba: 18.02.2020<\/p>\n<p>Pentru sesiunea din Cluj-Napoca: 20.02.2020<\/p>\n<p>Persoan\u0103 de contact pentru detalii suplimentare privind sesiunile de formare: Dalisa Strugariu (FDSC) \u2013 021.310.01.81 sau <a href=\"mailto:dalisa.strugariu@fdsc.ro\">dalisa.strugariu@fdsc.ro<\/a>.<\/p>\n\n\t\t<\/div>\n\t<\/div>\n<div class=\"vc_empty_space\"   style=\"height: 32px\"><span class=\"vc_empty_space_inner\"><\/span><\/div><div class=\"vc_tta-container\" data-vc-action=\"collapse\"><div class=\"vc_general vc_tta vc_tta-accordion vc_tta-color-grey vc_tta-style-classic vc_tta-shape-square vc_tta-o-shape-group vc_tta-controls-align-default\"><div class=\"vc_tta-panels-container\"><div class=\"vc_tta-panels\"><div class=\"vc_tta-panel vc_active\" id=\"1579695817221-fde4c911-6600\" data-vc-content=\".vc_tta-panel-body\"><div class=\"vc_tta-panel-heading\"><h4 class=\"vc_tta-panel-title vc_tta-controls-icon-position-left\"><a href=\"#1579695817221-fde4c911-6600\" data-vc-accordion data-vc-container=\".vc_tta-container\"><span class=\"vc_tta-title-text\">AGENDA PRELIMINAR\u0102* <\/span><i class=\"vc_tta-controls-icon vc_tta-controls-icon-plus\"><\/i><\/a><\/h4><\/div><div class=\"vc_tta-panel-body\"><div class=\"vc_row wpb_row vc_inner vc_row-fluid\"><div class=\"wpb_column vc_column_container vc_col-sm-3\"><div class=\"vc_column-inner\"><div class=\"wpb_wrapper\">\n\t<div class=\"wpb_text_column wpb_content_element\" >\n\t\t<div class=\"wpb_wrapper\">\n\t\t\t<p><span lang=\"RO\">10.00 \u2013 11.30<\/span><\/p>\n\n\t\t<\/div>\n\t<\/div>\n<\/div><\/div><\/div><div class=\"wpb_column vc_column_container vc_col-sm-9\"><div class=\"vc_column-inner\"><div class=\"wpb_wrapper\">\n\t<div class=\"wpb_text_column wpb_content_element\" >\n\t\t<div class=\"wpb_wrapper\">\n\t\t\t<p>Prezentare general\u0103 Active Citizens Fund Rom\u00e2nia cu accent pe zonele tematice propuse &amp; Sesiune de \u00eentreb\u0103ri \u015fi r\u0103spunsuri<\/p>\n\n\t\t<\/div>\n\t<\/div>\n<\/div><\/div><\/div><\/div><div class=\"vc_row wpb_row vc_inner vc_row-fluid\"><div class=\"wpb_column vc_column_container vc_col-sm-3\"><div class=\"vc_column-inner\"><div class=\"wpb_wrapper\">\n\t<div class=\"wpb_text_column wpb_content_element\" >\n\t\t<div class=\"wpb_wrapper\">\n\t\t\t<p><span lang=\"RO\">11.30 \u2013 12.00<\/span><\/p>\n\n\t\t<\/div>\n\t<\/div>\n<\/div><\/div><\/div><div class=\"wpb_column vc_column_container vc_col-sm-9\"><div class=\"vc_column-inner\"><div class=\"wpb_wrapper\">\n\t<div class=\"wpb_text_column wpb_content_element\" >\n\t\t<div class=\"wpb_wrapper\">\n\t\t\t<p><span lang=\"RO\">Coffee break<\/span><\/p>\n\n\t\t<\/div>\n\t<\/div>\n<\/div><\/div><\/div><\/div><div class=\"vc_row wpb_row vc_inner vc_row-fluid\"><div class=\"wpb_column vc_column_container vc_col-sm-3\"><div class=\"vc_column-inner\"><div class=\"wpb_wrapper\">\n\t<div class=\"wpb_text_column wpb_content_element\" >\n\t\t<div class=\"wpb_wrapper\">\n\t\t\t<p><span lang=\"RO\">12.00 \u2013 13.30<\/span><\/p>\n\n\t\t<\/div>\n\t<\/div>\n<\/div><\/div><\/div><div class=\"wpb_column vc_column_container vc_col-sm-9\"><div class=\"vc_column-inner\"><div class=\"wpb_wrapper\">\n\t<div class=\"wpb_text_column wpb_content_element\" >\n\t\t<div class=\"wpb_wrapper\">\n\t\t\t<p>Clarificare \u0219i calibrare a nevoilor pe tematicile propuse \u0219i cum poate programul s\u0103 r\u0103spund\u0103 la aceste nevoi<\/p>\n\n\t\t<\/div>\n\t<\/div>\n<\/div><\/div><\/div><\/div><div class=\"vc_row wpb_row vc_inner vc_row-fluid\"><div class=\"wpb_column vc_column_container vc_col-sm-3\"><div class=\"vc_column-inner\"><div class=\"wpb_wrapper\">\n\t<div class=\"wpb_text_column wpb_content_element\" >\n\t\t<div class=\"wpb_wrapper\">\n\t\t\t<p><span lang=\"RO\">13.30 \u2013 14.30<\/span><\/p>\n\n\t\t<\/div>\n\t<\/div>\n<\/div><\/div><\/div><div class=\"wpb_column vc_column_container vc_col-sm-9\"><div class=\"vc_column-inner\"><div class=\"wpb_wrapper\">\n\t<div class=\"wpb_text_column wpb_content_element\" >\n\t\t<div class=\"wpb_wrapper\">\n\t\t\t<p><span lang=\"RO\">Pauz\u0103 de pr\u00e2nz<\/span><\/p>\n\n\t\t<\/div>\n\t<\/div>\n<\/div><\/div><\/div><\/div><div class=\"vc_row wpb_row vc_inner vc_row-fluid\"><div class=\"wpb_column vc_column_container vc_col-sm-3\"><div class=\"vc_column-inner\"><div class=\"wpb_wrapper\">\n\t<div class=\"wpb_text_column wpb_content_element\" >\n\t\t<div class=\"wpb_wrapper\">\n\t\t\t<p><span lang=\"RO\">14.30 \u2013 17.00<\/span><\/p>\n\n\t\t<\/div>\n\t<\/div>\n<\/div><\/div><\/div><div class=\"wpb_column vc_column_container vc_col-sm-9\"><div class=\"vc_column-inner\"><div class=\"wpb_wrapper\">\n\t<div class=\"wpb_text_column wpb_content_element\" >\n\t\t<div class=\"wpb_wrapper\">\n\t\t\t<p><span lang=\"RO\">Posibile interven\u021bii tematice integrate prin ACF Rom\u00e2nia <\/span><\/p>\n\n\t\t<\/div>\n\t<\/div>\n<\/div><\/div><\/div><\/div><\/div><\/div><\/div><\/div><\/div><\/div>\n\t<div class=\"wpb_text_column wpb_content_element\" >\n\t\t<div class=\"wpb_wrapper\">\n\t\t\t<p><em><span lang=\"EN-US\">(<\/span><span lang=\"RO\">*Intervalul orar poate suferi modific\u0103ri de la un tip de sesiune la alta<\/span><\/em><\/p>\n\n\t\t<\/div>\n\t<\/div>\n<div class=\"vc_empty_space\"   style=\"height: 32px\"><span class=\"vc_empty_space_inner\"><\/span><\/div>\n\t<div class=\"wpb_text_column wpb_content_element\" >\n\t\t<div class=\"wpb_wrapper\">\n\t\t\t<p>Pentru aceste sesiuni c\u0103ut\u0103m un num\u0103r de aproximativ 20 de organiza\u021bii per eveniment, organiza\u021bii cu interes\/expertiz\u0103 \u00een zonele tematice eviden\u021biate (coalizare ONG, interven\u021bii prin art\u0103 \u0219i cultur\u0103, incluziunea \u0219i participarea tinerilor, dezvoltarea capacit\u0103\u021bii ONG-urilor), care vor s\u0103 aplice cu propuneri de proiecte la urm\u0103torul termen limit\u0103 din cadrul ACF Rom\u00e2nia.<\/p>\n\n\t\t<\/div>\n\t<\/div>\n<div class=\"vc_empty_space\"   style=\"height: 32px\"><span class=\"vc_empty_space_inner\"><\/span><\/div>\n\t<div class=\"wpb_text_column wpb_content_element\" >\n\t\t<div class=\"wpb_wrapper\">\n\t\t\t<p>Persoanele interesate s\u0103 participe la aceste sesiuni sunt rugate s\u0103 completeze formularul de \u00eenscriere de <a href=\"https:\/\/www.esurveyspro.com\/Survey.aspx?id=0153ea0b-eafc-4aa0-95f6-e5ba36ca4645\"><strong>HERE<\/strong><\/a>.<\/p>\n\n\t\t<\/div>\n\t<\/div>\n<div class=\"vc_empty_space\"   style=\"height: 32px\"><span class=\"vc_empty_space_inner\"><\/span><\/div>\n\t<div class=\"wpb_text_column wpb_content_element\" >\n\t\t<div class=\"wpb_wrapper\">\n\t\t\t<p>Selec\u021bia se va realiza \u00een func\u021bie de num\u0103rul de locuri disponibile, motiva\u021bia pentru participare \u015fi expertiza organiza\u0163iilor interesate.<\/p>\n<p>Men\u0163ion\u0103m c\u0103 organizatorul <strong>DO NOT<\/strong> acoper\u0103 costurile de transport, cazare \u015fi mas\u0103 (cu excep\u0163ia pauzelor de cafea \u015fi pr\u00e2nz din cadrul evenimentului). Loca\u021biile de desf\u0103\u0219urare a sesiunilor se vor trimite celor selecta\u021bi \u00eempreun\u0103 cu alte detalii logistice \u0219i de con\u021binut.<\/p>\n\n\t\t<\/div>\n\t<\/div>\n<div class=\"vc_empty_space\"   style=\"height: 32px\"><span class=\"vc_empty_space_inner\"><\/span><\/div>\n\t<div class=\"wpb_text_column wpb_content_element\" >\n\t\t<div class=\"wpb_wrapper\">\n\t\t\t<p><strong>Termene limit\u0103 de \u00eenscriere:<\/strong><\/p>\n<p>Pentru Sesiunea tematic\u0103 \u201dCoali\u021bii \u0219i re\u021bele\u201d : 29.01.2020<\/p>\n<p>Pentru Sesiunea tematic\u0103 \u201dInterven\u021bii prin art\u0103 \u0219i cultur\u0103\u201d: 04.02.2020<\/p>\n<p>Pentru Sesiunea tematic\u0103 \u201dIncluziunea \u0219i participarea tinerilor\u201d: 14.02.2020<\/p>\n<p>Pentru Sesiunea tematic\u0103 \u201dDezvoltarea capacit\u0103\u021bii ONG-urilor\u201d: 02.03.2020<\/p>\n<p>Persoan\u0103 de contact pentru detalii suplimentare privind sesiunile de formare: Dalisa Strugariu (FDSC) \u2013 021.310.01.81 sau <a href=\"mailto:dalisa.strugariu@fdsc.ro\">dalisa.strugariu@fdsc.ro<\/a><\/p>\n\n\t\t<\/div>\n\t<\/div>\n<\/div><\/div><\/div><\/div><\/section>\n<\/div>","protected":false},"excerpt":{"rendered":"<p>Funda\u0163ia pentru Dezvoltarea Societ\u0103\u0163ii Civile, \u00eempreun\u0103 cu partenerii s\u0103i, Funda\u021bia pentru Parteneriat, Centrul de Resurse pentru Comunit\u0103\u021bile de Romi, Funda\u021bia PACT \u0219i Frivillighet Norge organizeaz\u0103 \u00een cadrul programului de finan\u0163are Active Citizens Fund Rom\u00e2nia patru sesiuni de formare pentru organiza\u021bii mici, poten\u0163iali solicitan\u0163i \u00een cadrul Apelurilor #1, #4 \u0219i #6 pentru granturi mici.<\/p>","protected":false},"author":1,"featured_media":55486,"comment_status":"closed","ping_status":"closed","sticky":false,"template":"template-microsite.php","format":"standard","meta":{"footnotes":""},"categories":[211],"tags":[],"class_list":["post-55485","post","type-post","status-publish","format-standard","has-post-thumbnail","hentry","category-stiri","category-211","description-off"],"_links":{"self":[{"href":"https:\/\/activecitizensfund.ro\/en\/wp-json\/wp\/v2\/posts\/55485","targetHints":{"allow":["GET"]}}],"collection":[{"href":"https:\/\/activecitizensfund.ro\/en\/wp-json\/wp\/v2\/posts"}],"about":[{"href":"https:\/\/activecitizensfund.ro\/en\/wp-json\/wp\/v2\/types\/post"}],"author":[{"embeddable":true,"href":"https:\/\/activecitizensfund.ro\/en\/wp-json\/wp\/v2\/users\/1"}],"replies":[{"embeddable":true,"href":"https:\/\/activecitizensfund.ro\/en\/wp-json\/wp\/v2\/comments?post=55485"}],"version-history":[{"count":1,"href":"https:\/\/activecitizensfund.ro\/en\/wp-json\/wp\/v2\/posts\/55485\/revisions"}],"predecessor-version":[{"id":55487,"href":"https:\/\/activecitizensfund.ro\/en\/wp-json\/wp\/v2\/posts\/55485\/revisions\/55487"}],"wp:featuredmedia":[{"embeddable":true,"href":"https:\/\/activecitizensfund.ro\/en\/wp-json\/wp\/v2\/media\/55486"}],"wp:attachment":[{"href":"https:\/\/activecitizensfund.ro\/en\/wp-json\/wp\/v2\/media?parent=55485"}],"wp:term":[{"taxonomy":"category","embeddable":true,"href":"https:\/\/activecitizensfund.ro\/en\/wp-json\/wp\/v2\/categories?post=55485"},{"taxonomy":"post_tag","embeddable":true,"href":"https:\/\/activecitizensfund.ro\/en\/wp-json\/wp\/v2\/tags?post=55485"}],"curies":[{"name":"wp","href":"https:\/\/api.w.org\/{rel}","templated":true}]}}