{"id":55507,"date":"2020-02-04T14:24:54","date_gmt":"2020-02-04T12:24:54","guid":{"rendered":"https:\/\/activecitizensfund.ro\/?p=55507"},"modified":"2020-07-14T15:25:46","modified_gmt":"2020-07-14T13:25:46","slug":"haide-webinar-mediu-schimbari-climatice","status":"publish","type":"post","link":"https:\/\/activecitizensfund.ro\/en\/haide-webinar-mediu-schimbari-climatice\/","title":{"rendered":"#haide la webinarul Mediu \u0219i schimb\u0103ri climatice \u00een contextul Active Citizens Fund Rom\u00e2nia"},"content":{"rendered":"<div class=\"wpb-content-wrapper\"><section class=\"vc_section\"><div class=\"vc_row wpb_row vc_row-fluid dt-default\" style=\"margin-top: 0px;margin-bottom: 0px\"><div class=\"wpb_column vc_column_container vc_col-sm-12\"><div class=\"vc_column-inner\"><div class=\"wpb_wrapper\"><div class=\"vc_empty_space\"   style=\"height: 32px\"><span class=\"vc_empty_space_inner\"><\/span><\/div>\n\t<div class=\"wpb_text_column wpb_content_element \" >\n\t\t<div class=\"wpb_wrapper\">\n\t\t\t<p>Funda\u021bia pentru Parteneriat organizeaz\u0103 \u00een cadrul programului de finan\u0163are Active Citizens Fund Rom\u00e2nia un webinar tematic pentru poten\u021bialii solicitan\u021bi \u00een cadrul apelurilor deschise, cu interes \u00een zona mediu \u0219i schimb\u0103ri climatice.<\/p>\n\n\t\t<\/div>\n\t<\/div>\n<div class=\"vc_empty_space\"   style=\"height: 32px\"><span class=\"vc_empty_space_inner\"><\/span><\/div>\n\t<div class=\"wpb_text_column wpb_content_element \" >\n\t\t<div class=\"wpb_wrapper\">\n\t\t\t<p><strong>Obiectivul <\/strong>webinarului este de a \u00een\u021belege contextul \u0219i tipurile de proiecte \u00een domeniul mediului\/schimb\u0103rilor climatice care pot fi depuse \u00een cadrul programului ACF Rom\u00e2nia, \u00een vederea contribu\u021biei acestora la Outcome-ul 1 \u2013 Cultura democratic\u0103 \u0219i con\u0219tientizarea civic\u0103 consolidate.<\/p>\n\n\t\t<\/div>\n\t<\/div>\n<div class=\"vc_empty_space\"   style=\"height: 32px\"><span class=\"vc_empty_space_inner\"><\/span><\/div><div class=\"vc_tta-container\" data-vc-action=\"collapse\"><div class=\"vc_general vc_tta vc_tta-accordion vc_tta-color-grey vc_tta-style-classic vc_tta-shape-square vc_tta-o-shape-group vc_tta-controls-align-default\"><div class=\"vc_tta-panels-container\"><div class=\"vc_tta-panels\"><div class=\"vc_tta-panel vc_active\" id=\"1579695817221-fde4c911-6600\" data-vc-content=\".vc_tta-panel-body\"><div class=\"vc_tta-panel-heading\"><h4 class=\"vc_tta-panel-title vc_tta-controls-icon-position-left\"><a href=\"#1579695817221-fde4c911-6600\" data-vc-accordion data-vc-container=\".vc_tta-container\"><span class=\"vc_tta-title-text\">AGENDA<\/span><i class=\"vc_tta-controls-icon vc_tta-controls-icon-plus\"><\/i><\/a><\/h4><\/div><div class=\"vc_tta-panel-body\"><div class=\"vc_row wpb_row vc_inner vc_row-fluid\"><div class=\"wpb_column vc_column_container vc_col-sm-3\"><div class=\"vc_column-inner\"><div class=\"wpb_wrapper\">\n\t<div class=\"wpb_text_column wpb_content_element \" >\n\t\t<div class=\"wpb_wrapper\">\n\t\t\t<p><span lang=\"RO\">11.00 \u2013 11.10 <\/span><\/p>\n\n\t\t<\/div>\n\t<\/div>\n<\/div><\/div><\/div><div class=\"wpb_column vc_column_container vc_col-sm-9\"><div class=\"vc_column-inner\"><div class=\"wpb_wrapper\">\n\t<div class=\"wpb_text_column wpb_content_element \" >\n\t\t<div class=\"wpb_wrapper\">\n\t\t\t<p>Prezentare general\u0103 Active Citizens Fund Rom\u00e2nia, cu accent pe zona tematic\u0103 Mediu\/Schimb\u0103ri climatice<\/p>\n\n\t\t<\/div>\n\t<\/div>\n<\/div><\/div><\/div><\/div><div class=\"vc_row wpb_row vc_inner vc_row-fluid\"><div class=\"wpb_column vc_column_container vc_col-sm-3\"><div class=\"vc_column-inner\"><div class=\"wpb_wrapper\">\n\t<div class=\"wpb_text_column wpb_content_element \" >\n\t\t<div class=\"wpb_wrapper\">\n\t\t\t<p><span lang=\"RO\">11.10 \u2013 11.30 <\/span><\/p>\n\n\t\t<\/div>\n\t<\/div>\n<\/div><\/div><\/div><div class=\"wpb_column vc_column_container vc_col-sm-9\"><div class=\"vc_column-inner\"><div class=\"wpb_wrapper\">\n\t<div class=\"wpb_text_column wpb_content_element \" >\n\t\t<div class=\"wpb_wrapper\">\n\t\t\t<p>Clarificare condi\u021bie special\u0103: Proiectele de protec\u021bia mediului \u0219i schimb\u0103rile climatice vor fi sprijinite doar ca parte a unor m\u0103suri de promovare a particip\u0103rii civice, advocacy, inov\u0103rii sociale \u0219i a cet\u0103\u021beniei active<\/p>\n\n\t\t<\/div>\n\t<\/div>\n<\/div><\/div><\/div><\/div><div class=\"vc_row wpb_row vc_inner vc_row-fluid\"><div class=\"wpb_column vc_column_container vc_col-sm-3\"><div class=\"vc_column-inner\"><div class=\"wpb_wrapper\">\n\t<div class=\"wpb_text_column wpb_content_element \" >\n\t\t<div class=\"wpb_wrapper\">\n\t\t\t<p><span lang=\"RO\">11.30 \u2013 12.30 <\/span><\/p>\n\n\t\t<\/div>\n\t<\/div>\n<\/div><\/div><\/div><div class=\"wpb_column vc_column_container vc_col-sm-9\"><div class=\"vc_column-inner\"><div class=\"wpb_wrapper\">\n\t<div class=\"wpb_text_column wpb_content_element \" >\n\t\t<div class=\"wpb_wrapper\">\n\t\t\t<p>Sesiune de \u00eentreb\u0103ri \u0219i r\u0103spunsuri<\/p>\n\n\t\t<\/div>\n\t<\/div>\n<\/div><\/div><\/div><\/div><\/div><\/div><\/div><\/div><\/div><\/div>\n\t<div class=\"wpb_text_column wpb_content_element \" >\n\t\t<div class=\"wpb_wrapper\">\n\t\t\t<p>Pentru eventuale <strong>\u00eentreb\u0103ri<\/strong> legate de programul ACF Rom\u00e2nia, procesul de aplicare, Apelul #1 sau\/\u0219i Apelul #3 pute\u021bi trimite \u00een prealabil \u00eentreb\u0103rile prin email la apel1.mediu[at]repf.ro sau apel3.mediu[at]repf.ro. R\u0103spunsurile vor fi f\u0103cute cunoscute \u00een cadrul webinarului \u0219i ulterior publicate pe website-ul programului.<\/p>\n\n\t\t<\/div>\n\t<\/div>\n<div class=\"vc_empty_space\"   style=\"height: 32px\"><span class=\"vc_empty_space_inner\"><\/span><\/div>\n\t<div class=\"wpb_text_column wpb_content_element \" >\n\t\t<div class=\"wpb_wrapper\">\n\t\t\t<p>Participarea la webinar se face \u00een baza <strong>\u00eenscrierii <\/strong>\u00een formularul disponibil<a href=\"https:\/\/www.esurveyspro.com\/Survey.aspx?id=1e0084bc-ddf7-43fa-ae8d-e97647d90b09\"><strong> AICI<\/strong><\/a>\u00a0p\u00e2n\u0103 cel t\u00e2rziu duminic\u0103, <strong>9 februarie 2020<\/strong>.<\/p>\n\n\t\t<\/div>\n\t<\/div>\n<div class=\"vc_empty_space\"   style=\"height: 32px\"><span class=\"vc_empty_space_inner\"><\/span><\/div>\n\t<div class=\"wpb_text_column wpb_content_element \" >\n\t\t<div class=\"wpb_wrapper\">\n\t\t\t<p><strong>Persoan\u0103 de contact<\/strong> pentru detalii suplimentare: Csilla Daniel (Funda\u021bia pentru Parteneriat) \u2013 0266.310678 sau apel1.mediu[at]repf.ro.<\/p>\n\n\t\t<\/div>\n\t<\/div>\n<\/div><\/div><\/div><\/div><\/section>\n<\/div>","protected":false},"excerpt":{"rendered":"<p>Funda\u0163ia pentru Dezvoltarea Societ\u0103\u0163ii Civile, \u00eempreun\u0103 cu partenerii s\u0103i, Funda\u021bia pentru Parteneriat, Centrul de Resurse pentru Comunit\u0103\u021bile de Romi, Funda\u021bia PACT \u0219i Frivillighet Norge organizeaz\u0103 \u00een cadrul programului de finan\u0163are Active Citizens Fund Rom\u00e2nia patru sesiuni de formare pentru organiza\u021bii mici, poten\u0163iali solicitan\u0163i \u00een cadrul Apelurilor #1, #4 \u0219i #6 pentru granturi mici.<\/p>","protected":false},"author":1,"featured_media":55508,"comment_status":"closed","ping_status":"closed","sticky":false,"template":"template-microsite.php","format":"standard","meta":{"footnotes":""},"categories":[211],"tags":[],"class_list":["post-55507","post","type-post","status-publish","format-standard","has-post-thumbnail","hentry","category-stiri","category-211","description-off"],"_links":{"self":[{"href":"https:\/\/activecitizensfund.ro\/en\/wp-json\/wp\/v2\/posts\/55507","targetHints":{"allow":["GET"]}}],"collection":[{"href":"https:\/\/activecitizensfund.ro\/en\/wp-json\/wp\/v2\/posts"}],"about":[{"href":"https:\/\/activecitizensfund.ro\/en\/wp-json\/wp\/v2\/types\/post"}],"author":[{"embeddable":true,"href":"https:\/\/activecitizensfund.ro\/en\/wp-json\/wp\/v2\/users\/1"}],"replies":[{"embeddable":true,"href":"https:\/\/activecitizensfund.ro\/en\/wp-json\/wp\/v2\/comments?post=55507"}],"version-history":[{"count":1,"href":"https:\/\/activecitizensfund.ro\/en\/wp-json\/wp\/v2\/posts\/55507\/revisions"}],"predecessor-version":[{"id":55509,"href":"https:\/\/activecitizensfund.ro\/en\/wp-json\/wp\/v2\/posts\/55507\/revisions\/55509"}],"wp:featuredmedia":[{"embeddable":true,"href":"https:\/\/activecitizensfund.ro\/en\/wp-json\/wp\/v2\/media\/55508"}],"wp:attachment":[{"href":"https:\/\/activecitizensfund.ro\/en\/wp-json\/wp\/v2\/media?parent=55507"}],"wp:term":[{"taxonomy":"category","embeddable":true,"href":"https:\/\/activecitizensfund.ro\/en\/wp-json\/wp\/v2\/categories?post=55507"},{"taxonomy":"post_tag","embeddable":true,"href":"https:\/\/activecitizensfund.ro\/en\/wp-json\/wp\/v2\/tags?post=55507"}],"curies":[{"name":"wp","href":"https:\/\/api.w.org\/{rel}","templated":true}]}}