{"id":55511,"date":"2020-02-08T12:16:27","date_gmt":"2020-02-08T10:16:27","guid":{"rendered":"https:\/\/activecitizensfund.ro\/?p=55511"},"modified":"2020-07-14T15:25:46","modified_gmt":"2020-07-14T13:25:46","slug":"haide-webinar-dezvoltare-organizationala-acf","status":"publish","type":"post","link":"https:\/\/activecitizensfund.ro\/en\/haide-webinar-dezvoltare-organizationala-acf\/","title":{"rendered":"#haide la webinarul de dezvoltare organiza\u021bional\u0103 \u00een cadrul apelurilor deschise \u00een contextul Active Citizens Fund Rom\u00e2nia"},"content":{"rendered":"<div class=\"wpb-content-wrapper\"><section class=\"vc_section\"><div class=\"vc_row wpb_row vc_row-fluid dt-default\" style=\"margin-top: 0px;margin-bottom: 0px\"><div class=\"wpb_column vc_column_container vc_col-sm-12\"><div class=\"vc_column-inner\"><div class=\"wpb_wrapper\"><div class=\"vc_empty_space\"   style=\"height: 32px\"><span class=\"vc_empty_space_inner\"><\/span><\/div>\n\t<div class=\"wpb_text_column wpb_content_element\" >\n\t\t<div class=\"wpb_wrapper\">\n\t\t\t<p>Funda\u021bia pentru Dezvoltarea Societ\u0103\u021bii Civile organizeaz\u0103 \u00een cadrul programului de finan\u0163are Active Citizens Fund Rom\u00e2nia un webinar tematic privind activit\u0103\u021bile de dezvoltare organiza\u021bional\u0103 ce pot fi incluse \u00een cererile de finan\u021bare aferente apelurilor deschise \u00een prezent.<\/p>\n\n\t\t<\/div>\n\t<\/div>\n<div class=\"vc_empty_space\"   style=\"height: 32px\"><span class=\"vc_empty_space_inner\"><\/span><\/div>\n\t<div class=\"wpb_text_column wpb_content_element\" >\n\t\t<div class=\"wpb_wrapper\">\n\t\t\t<p><strong>The objective<\/strong> webinarului este de a familiariza poten\u021bialii solicitan\u021bi cu tipurile de activit\u0103\u021bi de dezvoltare organiza\u021bional\u0103 ce pot fi incluse \u00een cererile de finan\u021bare aferente apelurilor deschise \u00een prezent \u0219i modalitatea de a reflecta costurile lor \u00een bugetele proiectelor.<\/p>\n\n\t\t<\/div>\n\t<\/div>\n<div class=\"vc_empty_space\"   style=\"height: 32px\"><span class=\"vc_empty_space_inner\"><\/span><\/div><div class=\"vc_tta-container\" data-vc-action=\"collapse\"><div class=\"vc_general vc_tta vc_tta-accordion vc_tta-color-grey vc_tta-style-classic vc_tta-shape-square vc_tta-o-shape-group vc_tta-controls-align-default\"><div class=\"vc_tta-panels-container\"><div class=\"vc_tta-panels\"><div class=\"vc_tta-panel vc_active\" id=\"1579695817221-fde4c911-6600\" data-vc-content=\".vc_tta-panel-body\"><div class=\"vc_tta-panel-heading\"><h4 class=\"vc_tta-panel-title vc_tta-controls-icon-position-left\"><a href=\"#1579695817221-fde4c911-6600\" data-vc-accordion data-vc-container=\".vc_tta-container\"><span class=\"vc_tta-title-text\">AGENDA<\/span><i class=\"vc_tta-controls-icon vc_tta-controls-icon-plus\"><\/i><\/a><\/h4><\/div><div class=\"vc_tta-panel-body\"><div class=\"vc_row wpb_row vc_inner vc_row-fluid\"><div class=\"wpb_column vc_column_container vc_col-sm-3\"><div class=\"vc_column-inner\"><div class=\"wpb_wrapper\">\n\t<div class=\"wpb_text_column wpb_content_element\" >\n\t\t<div class=\"wpb_wrapper\">\n\t\t\t<p><span lang=\"RO\">11.00 \u2013 11.10 <\/span><\/p>\n\n\t\t<\/div>\n\t<\/div>\n<\/div><\/div><\/div><div class=\"wpb_column vc_column_container vc_col-sm-9\"><div class=\"vc_column-inner\"><div class=\"wpb_wrapper\">\n\t<div class=\"wpb_text_column wpb_content_element\" >\n\t\t<div class=\"wpb_wrapper\">\n\t\t\t<p><span lang=\"RO\">Dezvoltarea organizational\u0103 \u00een cadrul Active Citizens Fund Rom\u00e2nia<\/span><\/p>\n\n\t\t<\/div>\n\t<\/div>\n<\/div><\/div><\/div><\/div><div class=\"vc_row wpb_row vc_inner vc_row-fluid\"><div class=\"wpb_column vc_column_container vc_col-sm-3\"><div class=\"vc_column-inner\"><div class=\"wpb_wrapper\">\n\t<div class=\"wpb_text_column wpb_content_element\" >\n\t\t<div class=\"wpb_wrapper\">\n\t\t\t<p><span lang=\"RO\">11.10 \u2013 11.30 <\/span><\/p>\n\n\t\t<\/div>\n\t<\/div>\n<\/div><\/div><\/div><div class=\"wpb_column vc_column_container vc_col-sm-9\"><div class=\"vc_column-inner\"><div class=\"wpb_wrapper\">\n\t<div class=\"wpb_text_column wpb_content_element\" >\n\t\t<div class=\"wpb_wrapper\">\n\t\t\t<ul>\n<li>Planificarea activit\u0103\u021bilor de dezvoltare organiza\u021bional\u0103: obiective la care contribuie, tipuri de activit\u0103\u021bi eligibile, matricea de dezvoltare organiza\u021bional\u0103<\/li>\n<li>Bugetul alocat dezvolt\u0103rii organiza\u021bionale: costuri eligibile, modalit\u0103\u021bi de reflectare \u00een bugetul proiectului<\/li>\n<li>Prevederi specifice granturilor strategice<\/li>\n<\/ul>\n\n\t\t<\/div>\n\t<\/div>\n<\/div><\/div><\/div><\/div><div class=\"vc_row wpb_row vc_inner vc_row-fluid\"><div class=\"wpb_column vc_column_container vc_col-sm-3\"><div class=\"vc_column-inner\"><div class=\"wpb_wrapper\">\n\t<div class=\"wpb_text_column wpb_content_element\" >\n\t\t<div class=\"wpb_wrapper\">\n\t\t\t<p><span lang=\"RO\">11.30 \u2013 12.30 <\/span><\/p>\n\n\t\t<\/div>\n\t<\/div>\n<\/div><\/div><\/div><div class=\"wpb_column vc_column_container vc_col-sm-9\"><div class=\"vc_column-inner\"><div class=\"wpb_wrapper\">\n\t<div class=\"wpb_text_column wpb_content_element\" >\n\t\t<div class=\"wpb_wrapper\">\n\t\t\t<p>Question and answer session<\/p>\n\n\t\t<\/div>\n\t<\/div>\n<\/div><\/div><\/div><\/div><\/div><\/div><\/div><\/div><\/div><\/div>\n\t<div class=\"wpb_text_column wpb_content_element\" >\n\t\t<div class=\"wpb_wrapper\">\n\t\t\t<p>Pentru eventuale <strong>questions<\/strong> legate de programul Active Citizens Fund Rom\u00e2nia \u0219i componenta de dezvoltare organiza\u021bional\u0103 ce poate fi inclus\u0103 \u00een cererile de finan\u021bare, pute\u021bi trimite \u00een prealabil \u00eentreb\u0103rile prin email la daniela.mita@]fdsc.ro. R\u0103spunsurile vor fi f\u0103cute cunoscute \u00een cadrul webinarului \u0219i ulterior publicate pe website-ul programului.<\/p>\n\n\t\t<\/div>\n\t<\/div>\n<div class=\"vc_empty_space\"   style=\"height: 32px\"><span class=\"vc_empty_space_inner\"><\/span><\/div>\n\t<div class=\"wpb_text_column wpb_content_element\" >\n\t\t<div class=\"wpb_wrapper\">\n\t\t\t<p>Participarea la webinar se face \u00een baza <strong>\u00eenscrierii <\/strong>\u00een formularul disponibil<a href=\"https:\/\/www.esurveyspro.com\/Survey.aspx?id=09b9651f-2ca1-4100-b719-8fe05346cc26\"><strong> HERE<\/strong><\/a>\u00a0p\u00e2n\u0103 cel t\u00e2rziu mar\u021bi, <strong>18 February 2020<\/strong>.<\/p>\n\n\t\t<\/div>\n\t<\/div>\n<div class=\"vc_empty_space\"   style=\"height: 32px\"><span class=\"vc_empty_space_inner\"><\/span><\/div>\n\t<div class=\"wpb_text_column wpb_content_element\" >\n\t\t<div class=\"wpb_wrapper\">\n\t\t\t<p><strong>Contact person<\/strong> pentru detalii suplimentare: Daniela Mita (Funda\u021bia pentru Dezvoltarea Societ\u0103\u021bii Civile) \u2013 021.310.01.80 sau daniela.mita@fdsc.ro.<\/p>\n\n\t\t<\/div>\n\t<\/div>\n<\/div><\/div><\/div><\/div><\/section>\n<\/div>","protected":false},"excerpt":{"rendered":"<p>Funda\u0163ia pentru Dezvoltarea Societ\u0103\u0163ii Civile, \u00eempreun\u0103 cu partenerii s\u0103i, Funda\u021bia pentru Parteneriat, Centrul de Resurse pentru Comunit\u0103\u021bile de Romi, Funda\u021bia PACT \u0219i Frivillighet Norge organizeaz\u0103 \u00een cadrul programului de finan\u0163are Active Citizens Fund Rom\u00e2nia patru sesiuni de formare pentru organiza\u021bii mici, poten\u0163iali solicitan\u0163i \u00een cadrul Apelurilor #1, #4 \u0219i #6 pentru granturi mici.<\/p>","protected":false},"author":1,"featured_media":55515,"comment_status":"closed","ping_status":"closed","sticky":false,"template":"template-microsite.php","format":"standard","meta":{"footnotes":""},"categories":[211],"tags":[],"class_list":["post-55511","post","type-post","status-publish","format-standard","has-post-thumbnail","hentry","category-stiri","category-211","description-off"],"_links":{"self":[{"href":"https:\/\/activecitizensfund.ro\/en\/wp-json\/wp\/v2\/posts\/55511","targetHints":{"allow":["GET"]}}],"collection":[{"href":"https:\/\/activecitizensfund.ro\/en\/wp-json\/wp\/v2\/posts"}],"about":[{"href":"https:\/\/activecitizensfund.ro\/en\/wp-json\/wp\/v2\/types\/post"}],"author":[{"embeddable":true,"href":"https:\/\/activecitizensfund.ro\/en\/wp-json\/wp\/v2\/users\/1"}],"replies":[{"embeddable":true,"href":"https:\/\/activecitizensfund.ro\/en\/wp-json\/wp\/v2\/comments?post=55511"}],"version-history":[{"count":1,"href":"https:\/\/activecitizensfund.ro\/en\/wp-json\/wp\/v2\/posts\/55511\/revisions"}],"predecessor-version":[{"id":55513,"href":"https:\/\/activecitizensfund.ro\/en\/wp-json\/wp\/v2\/posts\/55511\/revisions\/55513"}],"wp:featuredmedia":[{"embeddable":true,"href":"https:\/\/activecitizensfund.ro\/en\/wp-json\/wp\/v2\/media\/55515"}],"wp:attachment":[{"href":"https:\/\/activecitizensfund.ro\/en\/wp-json\/wp\/v2\/media?parent=55511"}],"wp:term":[{"taxonomy":"category","embeddable":true,"href":"https:\/\/activecitizensfund.ro\/en\/wp-json\/wp\/v2\/categories?post=55511"},{"taxonomy":"post_tag","embeddable":true,"href":"https:\/\/activecitizensfund.ro\/en\/wp-json\/wp\/v2\/tags?post=55511"}],"curies":[{"name":"wp","href":"https:\/\/api.w.org\/{rel}","templated":true}]}}