{"id":55601,"date":"2020-05-04T10:14:43","date_gmt":"2020-05-04T08:14:43","guid":{"rendered":"https:\/\/activecitizensfund.ro\/?p=55601"},"modified":"2020-07-14T15:25:46","modified_gmt":"2020-07-14T13:25:46","slug":"webinar-granturi-raspuns-rapid-apel1si4-dupa-starea-de-urgenta-acf","status":"publish","type":"post","link":"https:\/\/activecitizensfund.ro\/en\/webinar-granturi-raspuns-rapid-apel1si4-dupa-starea-de-urgenta-acf\/","title":{"rendered":"#haide la Webinarul despre granturile tip r\u0103spuns rapid pe apelurile #1 \u0219i #4 \u00een perioada \u0219i dup\u0103 starea de urgen\u021b\u0103 &#8211; Active Citizens Fund Rom\u00e2nia | 7 mai 2020"},"content":{"rendered":"<div class=\"wpb-content-wrapper\"><section class=\"vc_section\"><div class=\"vc_row wpb_row vc_row-fluid dt-default\" style=\"margin-top: 0px;margin-bottom: 0px\"><div class=\"wpb_column vc_column_container vc_col-sm-12\"><div class=\"vc_column-inner\"><div class=\"wpb_wrapper\"><div class=\"vc_empty_space\"   style=\"height: 32px\"><span class=\"vc_empty_space_inner\"><\/span><\/div>\n\t<div class=\"wpb_text_column wpb_content_element\" >\n\t\t<div class=\"wpb_wrapper\">\n\t\t\t<p>Funda\u021bia pentru Dezvoltarea Societ\u0103\u021bii Civile organizeaz\u0103 \u00een cadrul programului de finan\u0163are Active Citizens Fund Rom\u00e2nia un webinar pentru poten\u021bialii solicitan\u021bi \u00een cadrul Apelurilor #1 \u0219i #4, granturi de tip r\u0103spuns rapid.<\/p>\n\n\t\t<\/div>\n\t<\/div>\n<div class=\"vc_empty_space\"   style=\"height: 32px\"><span class=\"vc_empty_space_inner\"><\/span><\/div>\n\t<div class=\"wpb_text_column wpb_content_element\" >\n\t\t<div class=\"wpb_wrapper\">\n\t\t\t<p><strong>The objective <\/strong>webinarului este de a discuta despre provoc\u0103rile actuale \u2013 inclusiv cele generate de efectele CovidD-19 \u2013 \u00een diferitele domenii \u00een care ONG-urile activeaz\u0103, sau care privesc \u00eens\u0103\u0219i existen\u0163a lor, \u0219i modalit\u0103\u021bi de adresare a acestor provoc\u0103ri cu sprijinul granturilor rapide ACF Rom\u00e2nia.<\/p>\n\n\t\t<\/div>\n\t<\/div>\n<div class=\"vc_empty_space\"   style=\"height: 32px\"><span class=\"vc_empty_space_inner\"><\/span><\/div><div class=\"vc_tta-container\" data-vc-action=\"collapse\"><div class=\"vc_general vc_tta vc_tta-accordion vc_tta-color-grey vc_tta-style-classic vc_tta-shape-square vc_tta-o-shape-group vc_tta-controls-align-default\"><div class=\"vc_tta-panels-container\"><div class=\"vc_tta-panels\"><div class=\"vc_tta-panel vc_active\" id=\"1579695817221-fde4c911-6600\" data-vc-content=\".vc_tta-panel-body\"><div class=\"vc_tta-panel-heading\"><h4 class=\"vc_tta-panel-title vc_tta-controls-icon-position-left\"><a href=\"#1579695817221-fde4c911-6600\" data-vc-accordion data-vc-container=\".vc_tta-container\"><span class=\"vc_tta-title-text\">AGENDA<\/span><i class=\"vc_tta-controls-icon vc_tta-controls-icon-plus\"><\/i><\/a><\/h4><\/div><div class=\"vc_tta-panel-body\"><div class=\"vc_row wpb_row vc_inner vc_row-fluid\"><div class=\"wpb_column vc_column_container vc_col-sm-3\"><div class=\"vc_column-inner\"><div class=\"wpb_wrapper\">\n\t<div class=\"wpb_text_column wpb_content_element\" >\n\t\t<div class=\"wpb_wrapper\">\n\t\t\t<p><span lang=\"RO\">11.00 \u2013 11.10 <\/span><\/p>\n\n\t\t<\/div>\n\t<\/div>\n<\/div><\/div><\/div><div class=\"wpb_column vc_column_container vc_col-sm-9\"><div class=\"vc_column-inner\"><div class=\"wpb_wrapper\">\n\t<div class=\"wpb_text_column wpb_content_element\" >\n\t\t<div class=\"wpb_wrapper\">\n\t\t\t<p>Prezentare general\u0103 a granturilor rapide ca mecanism de finan\u021bare \u00een cadrul Active Citizens Fund Rom\u00e2nia.<\/p>\n\n\t\t<\/div>\n\t<\/div>\n<\/div><\/div><\/div><\/div><div class=\"vc_row wpb_row vc_inner vc_row-fluid\"><div class=\"wpb_column vc_column_container vc_col-sm-3\"><div class=\"vc_column-inner\"><div class=\"wpb_wrapper\">\n\t<div class=\"wpb_text_column wpb_content_element\" >\n\t\t<div class=\"wpb_wrapper\">\n\t\t\t<p><span lang=\"RO\">11.10 \u2013 12.00<\/span><\/p>\n\n\t\t<\/div>\n\t<\/div>\n<\/div><\/div><\/div><div class=\"wpb_column vc_column_container vc_col-sm-9\"><div class=\"vc_column-inner\"><div class=\"wpb_wrapper\">\n\t<div class=\"wpb_text_column wpb_content_element\" >\n\t\t<div class=\"wpb_wrapper\">\n\t\t\t<p>Dialog cu participan\u021bii privind nevoi de interven\u021bie rapid\u0103*, modalit\u0103\u021bi de abordare a acestor nevoi \u0219i cum se pot implica organiza\u021biile neguvernamentale cu sprijinul ACF Rom\u00e2nia.<\/p>\n\n\t\t<\/div>\n\t<\/div>\n<\/div><\/div><\/div><\/div><\/div><\/div><\/div><\/div><\/div><\/div>\n\t<div class=\"wpb_text_column wpb_content_element\" >\n\t\t<div class=\"wpb_wrapper\">\n\t\t\t<p><strong>*Cuvinte cheie<\/strong><\/p>\n\n\t\t<\/div>\n\t<\/div>\n<div class=\"standard-arrow list-divider bullet-top\"><ul>\n<li>democra\u021bia participativ\u0103 \u00een contextul actual<\/li>\n<li>cum este afectat\u0103 existen\u021ba ONG-urilor (la nivel financiar, de imagine etc.)<\/li>\n<li>impactul ordonan\u021belor militare la diferite niveluri<\/li>\n<li>conflicte sociale \u0219i ac\u021biunile poli\u021biei<\/li>\n<li>reflectarea \u00een media a conflictelor \u0219i a altor fenomene sociale (\u00eentoarcerea\/plecarea muncitorilor din str\u0103in\u0103tate)<\/li>\n<li>violen\u021ba domestic\u0103<\/li>\n<li>alocarea \u0219i cheltuirea bugetelor publice: men\u021binerea proceselor de consultare public\u0103 \u2013 transparen\u021ba decizional\u0103<\/li>\n<li>monitorizarea efectelor m\u0103surilor \u00eentreprinse, asigurarea respect\u0103rii drepturilor omului \u0219i ale persoanelor vulnerabile \u00een contextul modific\u0103rilor la nivelul func\u021bion\u0103rii serviciilor sociale, \u00eenchiderii \u0219colilor, restric\u021biilor de deplasare, cre\u0219terii costurilor serviciilor<\/li>\n<li>fake news etc<\/li>\n<\/ul>\n<\/div><div class=\"vc_empty_space\"   style=\"height: 32px\"><span class=\"vc_empty_space_inner\"><\/span><\/div>\n\t<div class=\"wpb_text_column wpb_content_element\" >\n\t\t<div class=\"wpb_wrapper\">\n\t\t\t<p>More <strong>detalii despre Apelurile #1 \u0219i #4<\/strong> sunt disponibile la <a href=\"https:\/\/activecitizensfund.ro\/en\/apeluri\/\">https:\/\/activecitizensfund.ro\/apeluri\/<\/a>.<\/p>\n\n\t\t<\/div>\n\t<\/div>\n<div class=\"vc_empty_space\"   style=\"height: 32px\"><span class=\"vc_empty_space_inner\"><\/span><\/div>\n\t<div class=\"wpb_text_column wpb_content_element\" >\n\t\t<div class=\"wpb_wrapper\">\n\t\t\t<p>Pentru eventuale <strong>\u00eentreb\u0103ri privind granturile tip r\u0103spuns rapid<\/strong> \u00een cadrul programului de finan\u0163are Active Citizens Fund Rom\u00e2nia, pute\u021bi trimite \u00een prealabil \u00eentreb\u0103rile prin email la <a href=\"mailto:apel1@fdsc.ro\">apel1@fdsc.ro<\/a> \u0219i apel4@fdsc.ro. R\u0103spunsurile vor fi f\u0103cute cunoscute \u00een cadrul webinarului \u0219i ulterior publicate pe website-ul programului.<\/p>\n\n\t\t<\/div>\n\t<\/div>\n<div class=\"vc_empty_space\"   style=\"height: 32px\"><span class=\"vc_empty_space_inner\"><\/span><\/div>\n\t<div class=\"wpb_text_column wpb_content_element\" >\n\t\t<div class=\"wpb_wrapper\">\n\t\t\t<p>Participarea la webinar se face \u00een baza <strong>\u00eenscrierii <\/strong>\u00een formularul disponibil la p\u00e2n\u0103 <strong>cel t\u00e2rziu miercuri, 6 mai 2020.<\/strong><\/p>\n\n\t\t<\/div>\n\t<\/div>\n<div class=\"vc_empty_space\"   style=\"height: 32px\"><span class=\"vc_empty_space_inner\"><\/span><\/div>\n\t<div class=\"wpb_text_column wpb_content_element\" >\n\t\t<div class=\"wpb_wrapper\">\n\t\t\t<p class=\"Default\"><b><span lang=\"RO\">Contact person<\/span><\/b><span lang=\"RO\"> pentru detalii suplimentare: Paul Chioveanu (Funda\u021bia pentru Dezvoltarea Societ\u0103\u021bii Civile) \u2013 <\/span><span lang=\"RO\">0752.444.309 sau <a href=\"mailto:paul.chioveanu@fdsc.ro\">paul.chioveanu@fdsc.ro<\/a>.<\/span><\/p>\n\n\t\t<\/div>\n\t<\/div>\n<\/div><\/div><\/div><\/div><\/section>\n<\/div>","protected":false},"excerpt":{"rendered":"<p>Funda\u021bia pentru Dezvoltarea Societ\u0103\u021bii Civile organizeaz\u0103 Webinarul despre granturile tip r\u0103spuns rapid pe apelurile #1 \u0219i #4 \u00een perioada \u0219i dup\u0103 starea de urgen\u021b\u0103 pentru poten\u021bialii solicitan\u021bi.<\/p>","protected":false},"author":1,"featured_media":55602,"comment_status":"closed","ping_status":"closed","sticky":false,"template":"template-microsite.php","format":"standard","meta":{"footnotes":""},"categories":[211],"tags":[],"class_list":["post-55601","post","type-post","status-publish","format-standard","has-post-thumbnail","hentry","category-stiri","category-211","description-off"],"_links":{"self":[{"href":"https:\/\/activecitizensfund.ro\/en\/wp-json\/wp\/v2\/posts\/55601","targetHints":{"allow":["GET"]}}],"collection":[{"href":"https:\/\/activecitizensfund.ro\/en\/wp-json\/wp\/v2\/posts"}],"about":[{"href":"https:\/\/activecitizensfund.ro\/en\/wp-json\/wp\/v2\/types\/post"}],"author":[{"embeddable":true,"href":"https:\/\/activecitizensfund.ro\/en\/wp-json\/wp\/v2\/users\/1"}],"replies":[{"embeddable":true,"href":"https:\/\/activecitizensfund.ro\/en\/wp-json\/wp\/v2\/comments?post=55601"}],"version-history":[{"count":2,"href":"https:\/\/activecitizensfund.ro\/en\/wp-json\/wp\/v2\/posts\/55601\/revisions"}],"predecessor-version":[{"id":55604,"href":"https:\/\/activecitizensfund.ro\/en\/wp-json\/wp\/v2\/posts\/55601\/revisions\/55604"}],"wp:featuredmedia":[{"embeddable":true,"href":"https:\/\/activecitizensfund.ro\/en\/wp-json\/wp\/v2\/media\/55602"}],"wp:attachment":[{"href":"https:\/\/activecitizensfund.ro\/en\/wp-json\/wp\/v2\/media?parent=55601"}],"wp:term":[{"taxonomy":"category","embeddable":true,"href":"https:\/\/activecitizensfund.ro\/en\/wp-json\/wp\/v2\/categories?post=55601"},{"taxonomy":"post_tag","embeddable":true,"href":"https:\/\/activecitizensfund.ro\/en\/wp-json\/wp\/v2\/tags?post=55601"}],"curies":[{"name":"wp","href":"https:\/\/api.w.org\/{rel}","templated":true}]}}