{"id":56058,"date":"2020-10-03T09:00:02","date_gmt":"2020-10-03T06:00:02","guid":{"rendered":"https:\/\/activecitizensfund.ro\/?p=56058"},"modified":"2021-09-01T09:58:35","modified_gmt":"2021-09-01T06:58:35","slug":"apel-selectie-trillenials-an-2020-2021","status":"publish","type":"post","link":"https:\/\/activecitizensfund.ro\/en\/apel-selectie-trillenials-an-2020-2021\/","title":{"rendered":"SELECTION CALL #TRILLENIALS - YEAR 2020\/ 2021"},"content":{"rendered":"<div class=\"wpb-content-wrapper\"><section class=\"vc_section\"><div class=\"vc_row wpb_row vc_row-fluid vc_column-gap-10 vc_row-o-equal-height vc_row-flex\"><div class=\"wpb_animate_when_almost_visible wpb_flipInY flipInY wpb_column vc_column_container vc_col-sm-6\"><div class=\"vc_column-inner\"><div class=\"wpb_wrapper\"><div class=\"ult-content-box-container\" >\t\t<div class=\"ult-content-box\" style=\"background-color:#00997a;box-shadow: px px px px none;border-style:none;border-color:#ffffff;padding:15px;min-height:300px;-webkit-transition: all 700ms ease;-moz-transition: all 700ms ease;-ms-transition: all 700ms ease;-o-transition: all 700ms ease;transition: all 700ms ease;\"  data-hover_box_shadow=\"none\"     data-bg=\"#00997a\"  data-border_color=\"#ffffff\" ><div class=\"vc_empty_space\"   style=\"height: 65px\"><span class=\"vc_empty_space_inner\"><\/span><\/div>\n\t<div class=\"wpb_text_column wpb_content_element  whitetext\" >\n\t\t<div class=\"wpb_wrapper\">\n\t\t\t<p><span style=\"color: #ffffff;\">Are you involved in an NGO or any other associative structure and want to develop the skills you need to deal with the various situations you encounter? Want to learn more about civil society, working in NGOs and how to change things for the better? Are you willing to devote time and energy to these things? Do you want to be part of the new generation of leaders for civil society in Romania?<\/span><\/p>\n\n\t\t<\/div>\n\t<\/div>\n<div class=\"vc_empty_space\"   style=\"height: 65px\"><span class=\"vc_empty_space_inner\"><\/span><\/div>\t\t<\/div><\/div><\/div><\/div><\/div><div class=\"wpb_animate_when_almost_visible wpb_flipInX flipInX wpb_column vc_column_container vc_col-sm-6 vc_col-has-fill\"><div class=\"vc_column-inner vc_custom_1567596185647\"><div class=\"wpb_wrapper\"><div class=\"ult-content-box-container\" >\t\t<div class=\"ult-content-box\" style=\"background-color:#00997a;box-shadow: px px px px none;border-style:none;border-color:#ffffff;padding:15px;min-height:300px;-webkit-transition: all 700ms ease;-moz-transition: all 700ms ease;-ms-transition: all 700ms ease;-o-transition: all 700ms ease;transition: all 700ms ease;\"  data-hover_box_shadow=\"none\"     data-bg=\"#00997a\"  data-border_color=\"#ffffff\" ><div class=\"vc_empty_space\"   style=\"height: 65px\"><span class=\"vc_empty_space_inner\"><\/span><\/div>\n\t<div class=\"wpb_text_column wpb_content_element  whitetext\" >\n\t\t<div class=\"wpb_wrapper\">\n\t\t\t<p><span style=\"color: #ffffff;\">Then #haide in Program3 \u2013 a long-term training Program for current and future young people involved in the third sector, a school for those who want to contribute to the development of civil society in Romania and beyond.<\/span><\/p>\n\n\t\t<\/div>\n\t<\/div>\n<div class=\"vc_empty_space\"   style=\"height: 65px\"><span class=\"vc_empty_space_inner\"><\/span><\/div>\t\t<\/div><\/div><\/div><\/div><\/div><\/div><div class=\"vc_row wpb_row vc_row-fluid vc_column-gap-10\"><div class=\"wpb_animate_when_almost_visible wpb_flipInY flipInY wpb_column vc_column_container vc_col-sm-6\"><div class=\"vc_column-inner\"><div class=\"wpb_wrapper\"><div class=\"ult-content-box-container\" >\t\t<div class=\"ult-content-box\" style=\"box-shadow: px px px px none;border-style:none;border-color:#ffffff;padding:15px;min-height:0px;-webkit-transition: all 700ms ease;-moz-transition: all 700ms ease;-ms-transition: all 700ms ease;-o-transition: all 700ms ease;transition: all 700ms ease;\"  data-hover_box_shadow=\"none\"     data-border_color=\"#ffffff\" >\n\t<div class=\"wpb_text_column wpb_content_element  prgr3\" >\n\t\t<div class=\"wpb_wrapper\">\n\t\t\t<h5>Isn't it clear what this is about?<br \/>\nKeep calm, read the following and browse our manifesto:<\/h5>\n\n\t\t<\/div>\n\t<\/div>\n\t\t<\/div><\/div><\/div><\/div><\/div><div class=\"wpb_animate_when_almost_visible wpb_flipInX flipInX wpb_column vc_column_container vc_col-sm-6 vc_col-has-fill\"><div class=\"vc_column-inner vc_custom_1567596185647\"><div class=\"wpb_wrapper\"><div class=\"ult-content-box-container\" >\t\t<div class=\"ult-content-box\" style=\"background-color:#00997a;box-shadow: px px px px none;border-style:none;border-color:#ffffff;padding:0px;margin:0px;min-height:0px;-webkit-transition: all 700ms ease;-moz-transition: all 700ms ease;-ms-transition: all 700ms ease;-o-transition: all 700ms ease;transition: all 700ms ease;\"  data-hover_box_shadow=\"none\"    data-normal_margins=\"margin:0px;\"   data-bg=\"#00997a\"  data-border_color=\"#ffffff\" ><div class=\"ubtn-ctn-center fullwidthbttn\"><a class=\"ubtn-link ult-adjust-bottom-margin ubtn-center ubtn-block fullwidthbttn\" href=\"https:\/\/activecitizensfund.ro\/en\/trillenials\/\" ><button type=\"button\" id=\"ubtn-3373\"  class=\"ubtn ult-adjust-bottom-margin ult-responsive ubtn-block ubtn-no-hover-bg  none  ubtn-center   tooltip-69f4c4e131cc4 ubtn-block\"  data-hover=\"#00997a\" data-border-color=\"\" data-bg=\"#00997a\" data-hover-bg=\"#ffffff\" data-border-hover=\"\" data-shadow-hover=\"\" data-shadow-click=\"none\" data-shadow=\"\" data-shd-shadow=\"\"  data-ultimate-target='#ubtn-3373'  data-responsive-json-new='{\"font-size\":\"desktop:20px;\",\"line-height\":\"desktop:20px;\"}'  style=\"font-weight:bold;border:none;background: #00997a;color: #ffffff;\"><span class=\"ubtn-hover\" style=\"background-color:#ffffff\"><\/span><span class=\"ubtn-data ubtn-text\" >MANIFESTO<\/span><\/button><\/a><\/div>\t\t<\/div><\/div><\/div><\/div><\/div><\/div><div class=\"vc_row wpb_row vc_row-fluid dt-default\" style=\"margin-top: 0px;margin-bottom: 0px\"><div class=\"wpb_column vc_column_container vc_col-sm-12\"><div class=\"vc_column-inner\"><div class=\"wpb_wrapper\"><div id=\"ultimate-heading-48169f4c4e1322cf\" class=\"uvc-heading ult-adjust-bottom-margin ultimate-heading-48169f4c4e1322cf uvc-575 prgr3 uvc-heading-default-font-sizes\" data-hspacer=\"no_spacer\"  data-halign=\"left\" style=\"text-align:left\"><div class=\"uvc-heading-spacer no_spacer\" style=\"top\"><\/div><div class=\"uvc-main-heading ult-responsive\"  data-ultimate-target='.uvc-heading.ultimate-heading-48169f4c4e1322cf h4'  data-responsive-json-new='{\"font-size\":\"\",\"line-height\":\"\"}' ><h4 style=\"--font-weight:theme;\">Why is there a need for the Program3?<\/h4><\/div><\/div><div class=\"vc_empty_space\"   style=\"height: 32px\"><span class=\"vc_empty_space_inner\"><\/span><\/div><div class=\"standard-arrow list-divider bullet-top\"><ul>\n<li>According to the latest Romanian studies, there are not enough new people working for the third sector, even though the interest for getting involved in civic actions has increased;<\/li>\n<li>While most employees in the NGO sector are between 25 and 34 years old, most leaders in the sector have been involved in managing the organisations for more than 8 years, so there is a need for new generations;<\/li>\n<li>Such a program dedicated to the people involved in the civil society does not exist in this form in Romania; we need a format that brings together people interested in developing the third sector through new approaches, while learning from professionals in the field.<\/li>\n<\/ul>\n<\/div><div class=\"vc_empty_space\"   style=\"height: 60px\"><span class=\"vc_empty_space_inner\"><\/span><\/div><\/div><\/div><\/div><\/div><div class=\"vc_row wpb_row vc_row-fluid dt-default\" style=\"margin-top: 0px;margin-bottom: 0px\"><div class=\"wpb_column vc_column_container vc_col-sm-12\"><div class=\"vc_column-inner\"><div class=\"wpb_wrapper\"><div id=\"ultimate-heading-288069f4c4e132a6b\" class=\"uvc-heading ult-adjust-bottom-margin ultimate-heading-288069f4c4e132a6b uvc-8354 prgr3 uvc-heading-default-font-sizes\" data-hspacer=\"no_spacer\"  data-halign=\"left\" style=\"text-align:left\"><div class=\"uvc-heading-spacer no_spacer\" style=\"top\"><\/div><div class=\"uvc-main-heading ult-responsive\"  data-ultimate-target='.uvc-heading.ultimate-heading-288069f4c4e132a6b h4'  data-responsive-json-new='{\"font-size\":\"\",\"line-height\":\"\"}' ><h4 style=\"--font-weight:theme;\">Who are we looking for Program3?<\/h4><\/div><\/div><div class=\"vc_empty_space\"   style=\"height: 32px\"><span class=\"vc_empty_space_inner\"><\/span><\/div>\n\t<div class=\"wpb_text_column wpb_content_element\" >\n\t\t<div class=\"wpb_wrapper\">\n\t\t\t<p>We are looking for at least 25 <strong>#trillenials<\/strong> \u2013 <strong>youngsters<\/strong> who:<\/p>\n\n\t\t<\/div>\n\t<\/div>\n<div class=\"standard-arrow list-divider bullet-top\"><ul>\n<li>are involved in theor community, work in non-governmental organizations or volunteer for various causes,<\/li>\n<li>are aware of the importance of the third sector and are motivated to take it to the next level, thus having the potential to be part of the new generations of sector leaders,<\/li>\n<li>don't (yet) have enough experience within NGO environment style,<\/li>\n<li>are eager and willing to learn and practice working in NGOs,<\/li>\n<li>understand that the NGO is the new start-up,<\/li>\n<li>want to grow and do good for their communities,<\/li>\n<li>understand and respect the common values of respect for human dignity, freedom, democracy, equality, the rule of law and respect for the rights <strong>of all people<\/strong><\/li>\n<\/ul>\n<\/div><div class=\"vc_empty_space\"   style=\"height: 32px\"><span class=\"vc_empty_space_inner\"><\/span><\/div>\n\t<div class=\"wpb_text_column wpb_content_element\" >\n\t\t<div class=\"wpb_wrapper\">\n\t\t\t<p>From our perspective #trillenials are those young people who are at least 18 years old, who know some things about civil society and about working in and NGO, but they do not necessarily have much practice in the field. They are interested in social, civic topics, even if they do not master them. They have volunteered and are willing to become more involved in associative structures, but they still do not have enough experience to deal with NGO issues. They have not yet found their place in the NGO sector, but they do not want to give it up. Maybe they flirted with the idea of entrepreneurship and realized that, in fact, the NGO is the new start-up.<\/p>\n\n\t\t<\/div>\n\t<\/div>\n<div class=\"vc_empty_space\"   style=\"height: 60px\"><span class=\"vc_empty_space_inner\"><\/span><\/div><\/div><\/div><\/div><\/div><div class=\"vc_row wpb_row vc_row-fluid dt-default\" style=\"margin-top: 0px;margin-bottom: 0px\"><div class=\"wpb_column vc_column_container vc_col-sm-12\"><div class=\"vc_column-inner\"><div class=\"wpb_wrapper\"><div id=\"ultimate-heading-615269f4c4e1334f2\" class=\"uvc-heading ult-adjust-bottom-margin ultimate-heading-615269f4c4e1334f2 uvc-9025 prgr3 uvc-heading-default-font-sizes\" data-hspacer=\"no_spacer\"  data-halign=\"left\" style=\"text-align:left\"><div class=\"uvc-heading-spacer no_spacer\" style=\"top\"><\/div><div class=\"uvc-main-heading ult-responsive\"  data-ultimate-target='.uvc-heading.ultimate-heading-615269f4c4e1334f2 h4'  data-responsive-json-new='{\"font-size\":\"\",\"line-height\":\"\"}' ><h4 style=\"--font-weight:theme;\">What happens in the Program3?<\/h4><\/div><\/div><div class=\"vc_empty_space\"   style=\"height: 32px\"><span class=\"vc_empty_space_inner\"><\/span><\/div>\n\t<div class=\"wpb_text_column wpb_content_element\" >\n\t\t<div class=\"wpb_wrapper\">\n\t\t\t<p>Program3 proposes <strong>a one-year learning process<\/strong>, structured in two semesters with a predefined curriculum, to which is added a customized learning process, depending on the needs and interests of each #trillenial, as follows:<\/p>\n<p><strong>The first semester<\/strong> will be dedicated to technical aspects related to working in NGOs with introduction to NGOs and development of essential skills for working in NGOs such as project writing and project management, organizational development, marketing and communication, volunteer management, event management, etc.<\/p>\n<p><strong>The second semester<\/strong> will be dedicated to the thematic aspects related to the involvement of the community at local level through community development, techniques and methods of public participation, methods and techniques of non-formal education, projects for the benefit of the community.<\/p>\n\n\t\t<\/div>\n\t<\/div>\n<div class=\"ult-content-box-container\" >\t\t<div class=\"ult-content-box\" style=\"background-color:#00997a;box-shadow: px px px px none;border-style:none;border-color:#ffffff;padding:15px;-webkit-transition: all 700ms ease;-moz-transition: all 700ms ease;-ms-transition: all 700ms ease;-o-transition: all 700ms ease;transition: all 700ms ease;\"  data-hover_box_shadow=\"none\"     data-bg=\"#00997a\"  data-border_color=\"#ffffff\" >\n\t<div class=\"wpb_text_column wpb_content_element  whitetext\" >\n\t\t<div class=\"wpb_wrapper\">\n\t\t\t<p><span style=\"color: #ffffff;\"><strong>IMPORTANT!<strong><br \/>\nThe period of involvement of those selected is one year (October 2020 - June 2021). The selection will take into account the availability assumed in this respect, and the participation in various events within the Program3 will be conditioned by this involvement. For more details on what this year looks like, see the Curriculum for 2020 - 2021 below. <\/strong><\/strong><\/span><\/p>\n\n\t\t<\/div>\n\t<\/div>\n\t\t<\/div><\/div><div class=\"vc_empty_space\"   style=\"height: 60px\"><span class=\"vc_empty_space_inner\"><\/span><\/div><div id=\"ultimate-heading-880769f4c4e13395f\" class=\"uvc-heading ult-adjust-bottom-margin ultimate-heading-880769f4c4e13395f uvc-3642 prgr3 uvc-heading-default-font-sizes\" data-hspacer=\"no_spacer\"  data-halign=\"left\" style=\"text-align:left\"><div class=\"uvc-heading-spacer no_spacer\" style=\"top\"><\/div><div class=\"uvc-main-heading ult-responsive\"  data-ultimate-target='.uvc-heading.ultimate-heading-880769f4c4e13395f h4'  data-responsive-json-new='{\"font-size\":\"\",\"line-height\":\"\"}' ><h4 style=\"--font-weight:theme;\">Curriculum<\/h4><\/div><\/div><div class=\"vc_empty_space\"   style=\"height: 32px\"><span class=\"vc_empty_space_inner\"><\/span><\/div><div class=\"vc_tta-container\" data-vc-action=\"collapse\"><div class=\"vc_general vc_tta vc_tta-accordion vc_tta-color-grey vc_tta-style-classic vc_tta-shape-rounded vc_tta-o-shape-group vc_tta-controls-align-default\"><div class=\"vc_tta-panels-container\"><div class=\"vc_tta-panels\"><div class=\"vc_tta-panel vc_active prgr3\" id=\"1570098154878-ebb35e0c-1888\" data-vc-content=\".vc_tta-panel-body\"><div class=\"vc_tta-panel-heading\"><h4 class=\"vc_tta-panel-title vc_tta-controls-icon-position-left\"><a href=\"#1570098154878-ebb35e0c-1888\" data-vc-accordion data-vc-container=\".vc_tta-container\"><span class=\"vc_tta-title-text\">Semester 1<\/span><i class=\"vc_tta-controls-icon vc_tta-controls-icon-plus\"><\/i><\/a><\/h4><\/div><div class=\"vc_tta-panel-body\">\n\t<div class=\"wpb_tour wpb_content_element  tab-style-two\" data-interval=\"0\">\n\t\t<div class=\"wpb_wrapper wpb_tour_tabs_wrapper ui-tabs vc_clearfix\">\n\t\t\t<ul class=\"wpb_tabs_nav ui-tabs-nav vc_clearfix h5-size\"><li><a href=\"#tab-4182c6bf-6461-7\">Autumn school<\/a><\/li><li><a href=\"#tab-9dd6a577-b463-7\">Learning week<\/a><\/li><li><a href=\"#tab-1570098442686-2-3\">2 online learning modules<\/a><\/li><li><a href=\"#tab-1570098488881-3-9\">Learning activities<\/a><\/li><li><a href=\"#tab-1570098534240-4-7\">Networking<\/a><\/li><\/ul>\n\t<div id=\"tab-4182c6bf-6461-7\" class=\"wpb_tab ui-tabs-panel wpb_ui-tabs-hide vc_clearfix\">\n\t\t\n\t<div class=\"wpb_text_column wpb_content_element\" >\n\t\t<div class=\"wpb_wrapper\">\n\t\t\t<p><strong>Octombrie &#8211; Noiembrie 2020<\/strong><\/p>\n<div><span lang=\"RO\">Online sau face to face o s\u0103 ne cunoa\u0219tem, prezent\u0103m modelul educa\u021bional \u0219i stabilim parcursul particularizat de \u00eenv\u0103\u021bare al fiec\u0103rui #trillenial<\/span><\/div>\n\n\t\t<\/div>\n\t<\/div>\n\n\t<\/div>\n\n\t<div id=\"tab-9dd6a577-b463-7\" class=\"wpb_tab ui-tabs-panel wpb_ui-tabs-hide vc_clearfix\">\n\t\t\n\t<div class=\"wpb_text_column wpb_content_element\" >\n\t\t<div class=\"wpb_wrapper\">\n\t\t\t<p><strong>Noiembrie &#8211; Decembrie 2020<\/strong><\/p>\n<div><span lang=\"RO\">Online sau face to face abord\u0103m subiectele \u201dhard\u201d de lucru \u00een ONG &#8211; management \u0219i dezvoltare organizational\u0103, scriere de proiecte, managementul voluntarilor, management de event, at\u00e2t experien\u021bial c\u00e2t \u0219i de la oameni cu experien\u021b\u0103 din sector<\/span><\/div>\n\n\t\t<\/div>\n\t<\/div>\n\n\t<\/div>\n\n\t<div id=\"tab-1570098442686-2-3\" class=\"wpb_tab ui-tabs-panel wpb_ui-tabs-hide vc_clearfix\">\n\t\t\n\t<div class=\"wpb_text_column wpb_content_element\" >\n\t\t<div class=\"wpb_wrapper\">\n\t\t\t<p><strong>Octombrie 2020 \u2013 Ianuarie 2021<\/strong><\/p>\n<div><span lang=\"RO\">Se vor aprofunda dou\u0103 subiecte importante pentru lucrul \u00een ONG &#8211; scrierea unei propuneri de finan\u021bare \u0219i managementul voluntarilor<\/span><\/div>\n\n\t\t<\/div>\n\t<\/div>\n\n\t<\/div>\n\n\t<div id=\"tab-1570098488881-3-9\" class=\"wpb_tab ui-tabs-panel wpb_ui-tabs-hide vc_clearfix\">\n\t\t\n\t<div class=\"wpb_text_column wpb_content_element\" >\n\t\t<div class=\"wpb_wrapper\">\n\t\t\t<p><strong>Ongoing<\/strong><\/p>\n<div><span lang=\"RO\">Developed locally, based on each trillion's custom learning plan.<\/span><\/div>\n\n\t\t<\/div>\n\t<\/div>\n\n\t<\/div>\n\n\t<div id=\"tab-1570098534240-4-7\" class=\"wpb_tab ui-tabs-panel wpb_ui-tabs-hide vc_clearfix\">\n\t\t\n\t<div class=\"wpb_text_column wpb_content_element\" >\n\t\t<div class=\"wpb_wrapper\">\n\t\t\t<p><strong>Ongoing<\/strong><\/p>\n<p>Networking cu organiza\u021bii de la nivel local \u0219i na\u021bional, astfel \u00eenc\u00e2t s\u0103 \u00een\u021belegem mai bine cum func\u021bioneaz\u0103 diverse structuri asociative<\/p>\n\n\t\t<\/div>\n\t<\/div>\n\n\t<\/div>\n<div class=\"wpb_tour_next_prev_nav vc_clearfix\"> <span class=\"wpb_prev_slide\"><a href=\"#prev\" title=\"Previous tab\">Previous tab<\/a><\/span> <span class=\"wpb_next_slide\"><a href=\"#next\" title=\"Next tab\">Next tab<\/a><\/span><\/div>\n\t\t<\/div>\n\t<\/div>\n<\/div><\/div><div class=\"vc_tta-panel\" id=\"1570098716364-359a3382-c6c8\" data-vc-content=\".vc_tta-panel-body\"><div class=\"vc_tta-panel-heading\"><h4 class=\"vc_tta-panel-title vc_tta-controls-icon-position-left\"><a href=\"#1570098716364-359a3382-c6c8\" data-vc-accordion data-vc-container=\".vc_tta-container\"><span class=\"vc_tta-title-text\">Semester 2<\/span><i class=\"vc_tta-controls-icon vc_tta-controls-icon-plus\"><\/i><\/a><\/h4><\/div><div class=\"vc_tta-panel-body\">\n\t<div class=\"wpb_tour wpb_content_element  tab-style-two\" data-interval=\"0\">\n\t\t<div class=\"wpb_wrapper wpb_tour_tabs_wrapper ui-tabs vc_clearfix\">\n\t\t\t<ul class=\"wpb_tabs_nav ui-tabs-nav vc_clearfix h5-size\"><li><a href=\"#tab-9dd6a577-b463-7\">Learning week<\/a><\/li><li><a href=\"#tab-1570098442686-2-3\">2 other online learning modules<\/a><\/li><li><a href=\"#tab-1570098488881-3-9\">Learning activities<\/a><\/li><li><a href=\"#tab-1570098534240-4-7\">Learning visit in Norway<\/a><\/li><li><a href=\"#tab-1570098867041-4-8\">Evaluation meeting<\/a><\/li><\/ul>\n\t<div id=\"tab-9dd6a577-b463-7\" class=\"wpb_tab ui-tabs-panel wpb_ui-tabs-hide vc_clearfix\">\n\t\t\n\t<div class=\"wpb_text_column wpb_content_element\" >\n\t\t<div class=\"wpb_wrapper\">\n\t\t\t<p><strong>Martie\/ Aprilie 2021<\/strong><\/p>\n<div><span lang=\"RO\">Ne vedem (sau revedem) pentru 5 zile la Cluj-Napoca \u0219i abord\u0103m partea de con\u021binut a anului \u0219i anume zona de community building, participare, advocacy, re\u021bele la nivel local \u0219i networking<\/span><\/div>\n\n\t\t<\/div>\n\t<\/div>\n\n\t<\/div>\n\n\t<div id=\"tab-1570098442686-2-3\" class=\"wpb_tab ui-tabs-panel wpb_ui-tabs-hide vc_clearfix\">\n\t\t\n\t<div class=\"wpb_text_column wpb_content_element\" >\n\t\t<div class=\"wpb_wrapper\">\n\t\t\t<p><strong>Februarie \u2013 aprilie 2021<\/strong><\/p>\n<div><span lang=\"RO\">Vom aprofunda cum este cu participarea \u0219i dezvoltarea comunitar\u0103 \u0219i vom \u00eenv\u0103\u021ba despre fundraising <\/span><\/div>\n\n\t\t<\/div>\n\t<\/div>\n\n\t<\/div>\n\n\t<div id=\"tab-1570098488881-3-9\" class=\"wpb_tab ui-tabs-panel wpb_ui-tabs-hide vc_clearfix\">\n\t\t\n\t<div class=\"wpb_text_column wpb_content_element\" >\n\t\t<div class=\"wpb_wrapper\">\n\t\t\t<p><strong>Ongoing<\/strong><\/p>\n<div><span lang=\"RO\">Dezvoltate la nivel local, \u00een func\u021bie de planul particularizat de \u00eenv\u0103\u021bare al fiec\u0103rui #trillenial<\/span><\/div>\n\n\t\t<\/div>\n\t<\/div>\n\n\t<\/div>\n\n\t<div id=\"tab-1570098534240-4-7\" class=\"wpb_tab ui-tabs-panel wpb_ui-tabs-hide vc_clearfix\">\n\t\t\n\t<div class=\"wpb_text_column wpb_content_element\" >\n\t\t<div class=\"wpb_wrapper\">\n\t\t\t<p><strong>Iunie 2021<\/strong><\/p>\n<div><span lang=\"RO\">Where we'll go for 4 days to local organizations to learn from the Norwegian experience and to do networking.<\/span><\/div>\n\n\t\t<\/div>\n\t<\/div>\n\n\t<\/div>\n\n\t<div id=\"tab-1570098867041-4-8\" class=\"wpb_tab ui-tabs-panel wpb_ui-tabs-hide vc_clearfix\">\n\t\t\n\t<div class=\"wpb_text_column wpb_content_element\" >\n\t\t<div class=\"wpb_wrapper\">\n\t\t\t<p><strong>Iunie 2021<\/strong><\/p>\n<div><span lang=\"RO\">Ne revedem la \u00a0Bucure\u0219ti unde vom \u00eencheia \u0219i evalua anul, dar vom \u0219i planifica cum continu\u0103m \u00een comunitatea de Alumni a Programului3<\/span><\/div>\n\n\t\t<\/div>\n\t<\/div>\n\n\t<\/div>\n<div class=\"wpb_tour_next_prev_nav vc_clearfix\"> <span class=\"wpb_prev_slide\"><a href=\"#prev\" title=\"Previous tab\">Previous tab<\/a><\/span> <span class=\"wpb_next_slide\"><a href=\"#next\" title=\"Next tab\">Next tab<\/a><\/span><\/div>\n\t\t<\/div>\n\t<\/div>\n<\/div><\/div><\/div><\/div><\/div><\/div><div class=\"vc_empty_space\"   style=\"height: 60px\"><span class=\"vc_empty_space_inner\"><\/span><\/div><\/div><\/div><\/div><\/div><div class=\"vc_row wpb_row vc_row-fluid dt-default\" style=\"margin-top: 0px;margin-bottom: 0px\"><div class=\"wpb_column vc_column_container vc_col-sm-12\"><div class=\"vc_column-inner\"><div class=\"wpb_wrapper\"><div id=\"ultimate-heading-275969f4c4e135f04\" class=\"uvc-heading ult-adjust-bottom-margin ultimate-heading-275969f4c4e135f04 uvc-2334 prgr3 uvc-heading-default-font-sizes\" data-hspacer=\"no_spacer\"  data-halign=\"left\" style=\"text-align:left\"><div class=\"uvc-heading-spacer no_spacer\" style=\"top\"><\/div><div class=\"uvc-main-heading ult-responsive\"  data-ultimate-target='.uvc-heading.ultimate-heading-275969f4c4e135f04 h4'  data-responsive-json-new='{\"font-size\":\"\",\"line-height\":\"\"}' ><h4 style=\"--font-weight:theme;\">Why join the Program3?<\/h4><\/div><\/div><div class=\"vc_empty_space\"   style=\"height: 32px\"><span class=\"vc_empty_space_inner\"><\/span><\/div>\n\t<div class=\"wpb_text_column wpb_content_element\" >\n\t\t<div class=\"wpb_wrapper\">\n\t\t\t<p>If you have read our manifesto, you find yourself in it and you think you have a #trillenial drive, here are the 3 most important reasons why you want to be part of the Program3:<\/p>\n\n\t\t<\/div>\n\t<\/div>\n<div class=\"vc_empty_space\"   style=\"height: 32px\"><span class=\"vc_empty_space_inner\"><\/span><\/div><div class=\"standard-arrow list-divider bullet-top\"><ul>\n<li>You want to learn from professionals and develop yourself as a professional in NGO sector<\/li>\n<li>You want to do something real for your community and for the Romanian civil society<\/li>\n<li>You want to be part of a community of young people like you, with whom to move mountains!<\/li>\n<\/ul>\n<\/div><div class=\"vc_empty_space\"   style=\"height: 60px\"><span class=\"vc_empty_space_inner\"><\/span><\/div><\/div><\/div><\/div><\/div><div class=\"vc_row wpb_row vc_row-fluid dt-default\" style=\"margin-top: 0px;margin-bottom: 0px\"><div class=\"wpb_column vc_column_container vc_col-sm-12\"><div class=\"vc_column-inner\"><div class=\"wpb_wrapper\"><div id=\"ultimate-heading-1969f4c4e1368a0\" class=\"uvc-heading ult-adjust-bottom-margin ultimate-heading-1969f4c4e1368a0 uvc-2223 prgr3 uvc-heading-default-font-sizes\" data-hspacer=\"no_spacer\"  data-halign=\"left\" style=\"text-align:left\"><div class=\"uvc-heading-spacer no_spacer\" style=\"top\"><\/div><div class=\"uvc-main-heading ult-responsive\"  data-ultimate-target='.uvc-heading.ultimate-heading-1969f4c4e1368a0 h4'  data-responsive-json-new='{\"font-size\":\"\",\"line-height\":\"\"}' ><h4 style=\"--font-weight:theme;\">How to be part of Program3?<\/h4><\/div><\/div><\/div><\/div><\/div><\/div><div class=\"vc_row wpb_row vc_row-fluid vc_column-gap-10\"><div class=\"wpb_animate_when_almost_visible wpb_flipInY flipInY wpb_column vc_column_container vc_col-sm-6\"><div class=\"vc_column-inner\"><div class=\"wpb_wrapper\"><div class=\"ult-content-box-container\" >\t\t<div class=\"ult-content-box\" style=\"box-shadow: px px px px none;border-style:none;border-color:#ffffff;padding:15px;min-height:0px;-webkit-transition: all 700ms ease;-moz-transition: all 700ms ease;-ms-transition: all 700ms ease;-o-transition: all 700ms ease;transition: all 700ms ease;\"  data-hover_box_shadow=\"none\"     data-border_color=\"#ffffff\" >\n\t<div class=\"wpb_text_column wpb_content_element  prgr3\" >\n\t\t<div class=\"wpb_wrapper\">\n\t\t\t<h5>Dac\u0103 te-am convins, atunci \u00eenseamn\u0103 c\u0103 pe tine te c\u0103ut\u0103m. A\u0219a c\u0103 te a\u0219tept\u0103m s\u0103 treci peste prima prob\u0103 \u2013 completarea formularului de selec\u021bie p\u00e2n\u0103 pe 16 octombrie 2020, disponibil la butonul al\u0103turat.<\/h5>\n\n\t\t<\/div>\n\t<\/div>\n\t\t<\/div><\/div><\/div><\/div><\/div><div class=\"wpb_animate_when_almost_visible wpb_flipInX flipInX wpb_column vc_column_container vc_col-sm-6 vc_col-has-fill\"><div class=\"vc_column-inner vc_custom_1567596185647\"><div class=\"wpb_wrapper\"><div class=\"ult-content-box-container\" >\t\t<div class=\"ult-content-box\" style=\"background-color:#00997a;box-shadow: px px px px none;border-style:none;border-color:#ffffff;padding:0px;margin:0px;min-height:0px;-webkit-transition: all 700ms ease;-moz-transition: all 700ms ease;-ms-transition: all 700ms ease;-o-transition: all 700ms ease;transition: all 700ms ease;\"  data-hover_box_shadow=\"none\"    data-normal_margins=\"margin:0px;\"   data-bg=\"#00997a\"  data-border_color=\"#ffffff\" ><div class=\"ubtn-ctn-center fullwidthbttn\"><a class=\"ubtn-link ult-adjust-bottom-margin ubtn-center ubtn-block fullwidthbttn\" href=\"https:\/\/www.esurveyspro.com\/Survey.aspx?id=9ef279d6-820e-4c7f-9589-06ff9bb6da85\" ><button type=\"button\" id=\"ubtn-6414\"  class=\"ubtn ult-adjust-bottom-margin ult-responsive ubtn-block ubtn-no-hover-bg  none  ubtn-center   tooltip-69f4c4e1370bf ubtn-block\"  data-hover=\"#00997a\" data-border-color=\"\" data-bg=\"#00997a\" data-hover-bg=\"#ffffff\" data-border-hover=\"\" data-shadow-hover=\"\" data-shadow-click=\"none\" data-shadow=\"\" data-shd-shadow=\"\"  data-ultimate-target='#ubtn-6414'  data-responsive-json-new='{\"font-size\":\"desktop:20px;\",\"line-height\":\"desktop:20px;\"}'  style=\"font-weight:bold;border:none;background: #00997a;color: #ffffff;\"><span class=\"ubtn-hover\" style=\"background-color:#ffffff\"><\/span><span class=\"ubtn-data ubtn-text\" >FORM<\/span><\/button><\/a><\/div>\t\t<\/div><\/div><\/div><\/div><\/div><\/div><div class=\"vc_row wpb_row vc_row-fluid dt-default\" style=\"margin-top: 0px;margin-bottom: 0px\"><div class=\"wpb_column vc_column_container vc_col-sm-12\"><div class=\"vc_column-inner\"><div class=\"wpb_wrapper\">\n\t<div class=\"wpb_text_column wpb_content_element\" >\n\t\t<div class=\"wpb_wrapper\">\n\t\t\t<p>Dac\u0103 r\u0103spunsurile tale ne conving, o s\u0103 te invit\u0103m la un interviu. Dac\u0103 \u0219i dup\u0103 interviu r\u0103m\u00e2nem convin\u0219i, vei fi printre urm\u0103torii #trillenials invita\u021bi s\u0103 fac\u0103 parte din cea de a doua genera\u021bie a Programului3.<\/p>\n<p><strong>NB:<\/strong> For those selected, Program3 will not entail any costs, all of which are covered by the project through which Program3 is financed.<\/p>\n\n\t\t<\/div>\n\t<\/div>\n<div class=\"vc_empty_space\"   style=\"height: 32px\"><span class=\"vc_empty_space_inner\"><\/span><\/div><blockquote class=\"h3-size shortcode-blockquote block-style-widget\"><p><span class=\"prgr3\"><strong>#come. Confuse your friends. Work  in an NGO. And come to Program3 to learn how!<\/strong><\/span><\/p>\n<\/blockquote><div class=\"vc_empty_space\"   style=\"height: 60px\"><span class=\"vc_empty_space_inner\"><\/span><\/div><\/div><\/div><\/div><\/div><div class=\"vc_row wpb_row vc_row-fluid dt-default\" style=\"margin-top: 0px;margin-bottom: 0px\"><div class=\"wpb_column vc_column_container vc_col-sm-6\"><div class=\"vc_column-inner vc_custom_1570112326562\"><div class=\"wpb_wrapper\">\n\t<div class=\"wpb_text_column wpb_content_element\" >\n\t\t<div class=\"wpb_wrapper\">\n\t\t\t<p><em>Program3 is developed within the \"Developing Youth NGO Leadership\" project, funded by the Active Citizens Fund Romania program, part of  the EEA and Norway Grants 2014-2021, administered by a consortium composed of <\/em><a href=\"http:\/\/www.fdsc.ro\/\"><em>The Civil Society Development Foundation<\/em><\/a><em>, <\/em><a href=\"http:\/\/romacenter.ro\/en\/\"><em>Resource Center for Roma Communities<\/em><\/a><em> and <\/em><a href=\"https:\/\/www.frivillighetnorge.no\/\"><em>Frivillighet Norge<\/em><\/a><em>.<\/em><\/p>\n\n\t\t<\/div>\n\t<\/div>\n<\/div><\/div><\/div><div class=\"wpb_column vc_column_container vc_col-sm-6 vc_col-has-fill\"><div class=\"vc_column-inner vc_custom_1570112305937\"><div class=\"wpb_wrapper\">\n\t<div class=\"wpb_text_column wpb_content_element  whitetext\" >\n\t\t<div class=\"wpb_wrapper\">\n\t\t\t<p><span style=\"color: #ffffff;\">Dac\u0103 mai ai nevoie de convingere sau ai \u00eentreb\u0103ri sau clarific\u0103ri, nu ezita \u00een a-l contacta cu \u00eencredere pe Vlad (Dumitrescu), al nostru Program Visionaire:<\/span><\/p>\n<p><span style=\"color: #ffffff;\">Tel: 0745.122.191<\/span><\/p>\n<p><span style=\"color: #ffffff;\">E-mail: <a style=\"color: #ffffff;\" href=\"mailto:vlad.dumitrescu@fdsc.ro\">vlad.dumitrescu@fdsc.ro<\/a><\/span><\/p>\n<p><span style=\"color: #ffffff;\">or<\/span><\/p>\n<p><span style=\"color: #ffffff;\">Robert Matei, Community Manager<\/span><br \/>\n<span style=\"color: #ffffff;\">Resource Center for Roma Communities<\/span><br \/>\n<span style=\"color: #ffffff;\"><a style=\"color: #ffffff;\" href=\"mailto:robert.matei@romacenter.ro\">robert.matei@romacenter.ro<\/a><\/span><\/p>\n\n\t\t<\/div>\n\t<\/div>\n<\/div><\/div><\/div><\/div><div class=\"vc_row wpb_row vc_row-fluid dt-default\" style=\"margin-top: 0px;margin-bottom: 0px\"><div class=\"wpb_column vc_column_container vc_col-sm-12\"><div class=\"vc_column-inner\"><div class=\"wpb_wrapper\"><div class=\"vc_empty_space\"   style=\"height: 60px\"><span class=\"vc_empty_space_inner\"><\/span><\/div><\/div><\/div><\/div><\/div><\/section><section data-vc-full-width=\"true\" data-vc-full-width-init=\"false\" class=\"vc_section vc_custom_1570103007558 vc_section-has-fill\"><div class=\"vc_row wpb_row vc_row-fluid dt-default\" style=\"margin-top: 0px;margin-bottom: 0px\"><div class=\"wpb_column vc_column_container vc_col-sm-12\"><div class=\"vc_column-inner\"><div class=\"wpb_wrapper\"><\/div><\/div><\/div><\/div><div class=\"vc_row wpb_row vc_row-fluid dt-default\" style=\"margin-top: 0px;margin-bottom: 0px\"><div class=\"wpb_column vc_column_container vc_col-sm-3\"><div class=\"vc_column-inner\"><div class=\"wpb_wrapper\">\n\t<div  class=\"wpb_single_image wpb_content_element vc_align_center\">\n\t\t\n\t\t<figure class=\"wpb_wrapper vc_figure\">\n\t\t\t<div class=\"vc_single_image-wrapper   vc_box_border_grey\"><img loading=\"lazy\" decoding=\"async\" width=\"1366\" height=\"1366\" src=\"https:\/\/activecitizensfund.ro\/wp-content\/uploads\/2019\/10\/All-logos-11-01.png\" class=\"vc_single_image-img attachment-full\" alt=\"\" title=\"All-logos-11-01\" srcset=\"https:\/\/activecitizensfund.ro\/wp-content\/uploads\/2019\/10\/All-logos-11-01.png 1366w, https:\/\/activecitizensfund.ro\/wp-content\/uploads\/2019\/10\/All-logos-11-01-150x150.png 150w, https:\/\/activecitizensfund.ro\/wp-content\/uploads\/2019\/10\/All-logos-11-01-300x300.png 300w, https:\/\/activecitizensfund.ro\/wp-content\/uploads\/2019\/10\/All-logos-11-01-768x768.png 768w, https:\/\/activecitizensfund.ro\/wp-content\/uploads\/2019\/10\/All-logos-11-01-1024x1024.png 1024w, https:\/\/activecitizensfund.ro\/wp-content\/uploads\/2019\/10\/All-logos-11-01-600x600.png 600w, https:\/\/activecitizensfund.ro\/wp-content\/uploads\/2019\/10\/All-logos-11-01-200x200.png 200w\" sizes=\"auto, (max-width: 1366px) 100vw, 1366px\"  data-dt-location=\"https:\/\/activecitizensfund.ro\/en\/apel1-programul3\/all-logos-11-01\/\" \/><\/div>\n\t\t<\/figure>\n\t<\/div>\n<\/div><\/div><\/div><div class=\"wpb_column vc_column_container vc_col-sm-3\"><div class=\"vc_column-inner\"><div class=\"wpb_wrapper\">\n\t<div  class=\"wpb_single_image wpb_content_element vc_align_center\">\n\t\t\n\t\t<figure class=\"wpb_wrapper vc_figure\">\n\t\t\t<div class=\"vc_single_image-wrapper   vc_box_border_grey\"><img loading=\"lazy\" decoding=\"async\" width=\"1366\" height=\"1366\" src=\"https:\/\/activecitizensfund.ro\/wp-content\/uploads\/2019\/05\/All-Logos-01.png\" class=\"vc_single_image-img attachment-full\" alt=\"\" title=\"All Logos-01\" srcset=\"https:\/\/activecitizensfund.ro\/wp-content\/uploads\/2019\/05\/All-Logos-01.png 1366w, https:\/\/activecitizensfund.ro\/wp-content\/uploads\/2019\/05\/All-Logos-01-150x150.png 150w, https:\/\/activecitizensfund.ro\/wp-content\/uploads\/2019\/05\/All-Logos-01-300x300.png 300w, https:\/\/activecitizensfund.ro\/wp-content\/uploads\/2019\/05\/All-Logos-01-768x768.png 768w, https:\/\/activecitizensfund.ro\/wp-content\/uploads\/2019\/05\/All-Logos-01-1024x1024.png 1024w, https:\/\/activecitizensfund.ro\/wp-content\/uploads\/2019\/05\/All-Logos-01-600x600.png 600w, https:\/\/activecitizensfund.ro\/wp-content\/uploads\/2019\/05\/All-Logos-01-200x200.png 200w\" sizes=\"auto, (max-width: 1366px) 100vw, 1366px\"  data-dt-location=\"https:\/\/activecitizensfund.ro\/en\/forum-2019\/all-logos-01\/\" \/><\/div>\n\t\t<\/figure>\n\t<\/div>\n<\/div><\/div><\/div><div class=\"wpb_column vc_column_container vc_col-sm-3\"><div class=\"vc_column-inner\"><div class=\"wpb_wrapper\">\n\t<div  class=\"wpb_single_image wpb_content_element vc_align_center\">\n\t\t\n\t\t<figure class=\"wpb_wrapper vc_figure\">\n\t\t\t<div class=\"vc_single_image-wrapper   vc_box_border_grey\"><img loading=\"lazy\" decoding=\"async\" width=\"1366\" height=\"1366\" src=\"https:\/\/activecitizensfund.ro\/wp-content\/uploads\/2019\/05\/All-Logos-03.png\" class=\"vc_single_image-img attachment-full\" alt=\"\" title=\"All Logos-03\" srcset=\"https:\/\/activecitizensfund.ro\/wp-content\/uploads\/2019\/05\/All-Logos-03.png 1366w, https:\/\/activecitizensfund.ro\/wp-content\/uploads\/2019\/05\/All-Logos-03-150x150.png 150w, https:\/\/activecitizensfund.ro\/wp-content\/uploads\/2019\/05\/All-Logos-03-300x300.png 300w, https:\/\/activecitizensfund.ro\/wp-content\/uploads\/2019\/05\/All-Logos-03-768x768.png 768w, https:\/\/activecitizensfund.ro\/wp-content\/uploads\/2019\/05\/All-Logos-03-1024x1024.png 1024w, https:\/\/activecitizensfund.ro\/wp-content\/uploads\/2019\/05\/All-Logos-03-600x600.png 600w, https:\/\/activecitizensfund.ro\/wp-content\/uploads\/2019\/05\/All-Logos-03-200x200.png 200w\" sizes=\"auto, (max-width: 1366px) 100vw, 1366px\"  data-dt-location=\"https:\/\/activecitizensfund.ro\/en\/forum-2019\/all-logos-03\/\" \/><\/div>\n\t\t<\/figure>\n\t<\/div>\n<\/div><\/div><\/div><div class=\"wpb_column vc_column_container vc_col-sm-3\"><div class=\"vc_column-inner\"><div class=\"wpb_wrapper\">\n\t<div  class=\"wpb_single_image wpb_content_element vc_align_center\">\n\t\t\n\t\t<figure class=\"wpb_wrapper vc_figure\">\n\t\t\t<div class=\"vc_single_image-wrapper   vc_box_border_grey\"><img loading=\"lazy\" decoding=\"async\" width=\"1366\" height=\"1366\" src=\"https:\/\/activecitizensfund.ro\/wp-content\/uploads\/2021\/09\/Norge_logo-01.png\" class=\"vc_single_image-img attachment-full\" alt=\"\" title=\"Norge_logo-01\" srcset=\"https:\/\/activecitizensfund.ro\/wp-content\/uploads\/2021\/09\/Norge_logo-01.png 1366w, https:\/\/activecitizensfund.ro\/wp-content\/uploads\/2021\/09\/Norge_logo-01-300x300.png 300w, https:\/\/activecitizensfund.ro\/wp-content\/uploads\/2021\/09\/Norge_logo-01-1024x1024.png 1024w, https:\/\/activecitizensfund.ro\/wp-content\/uploads\/2021\/09\/Norge_logo-01-150x150.png 150w, https:\/\/activecitizensfund.ro\/wp-content\/uploads\/2021\/09\/Norge_logo-01-768x768.png 768w, https:\/\/activecitizensfund.ro\/wp-content\/uploads\/2021\/09\/Norge_logo-01-12x12.png 12w\" sizes=\"auto, (max-width: 1366px) 100vw, 1366px\"  data-dt-location=\"https:\/\/activecitizensfund.ro\/en\/trillenials\/norge_logo-01-2\/\" \/><\/div>\n\t\t<\/figure>\n\t<\/div>\n<\/div><\/div><\/div><\/div><!-- Row Backgrounds --><div class=\"upb_color\" data-bg-override=\"0\" data-bg-color=\"\" data-fadeout=\"\" data-fadeout-percentage=\"30\" data-parallax-content=\"\" data-parallax-content-sense=\"30\" data-row-effect-mobile-disable=\"true\" data-img-parallax-mobile-disable=\"true\" data-rtl=\"false\"  data-custom-vc-row=\"\"  data-vc=\"7.8\"  data-is_old_vc=\"\"  data-theme-support=\"\"   data-overlay=\"false\" data-overlay-color=\"\" data-overlay-pattern=\"\" data-overlay-pattern-opacity=\"\" data-overlay-pattern-size=\"\"    ><\/div><\/section><div class=\"vc_row-full-width vc_clearfix\"><\/div>\n<\/div>","protected":false},"excerpt":{"rendered":"<p>Are you involved in an NGO or any other associative structure and want to develop the skills you need to deal with the various situations you encounter? Want to learn more about civil society, working in NGOs and how to change things for the better? Are you willing to devote time and energy to these things? Do you want to be part of the new generation of leaders for civil society in Romania?<\/p>","protected":false},"author":1,"featured_media":56073,"comment_status":"closed","ping_status":"closed","sticky":false,"template":"","format":"standard","meta":{"footnotes":""},"categories":[220,219,211],"tags":[214,222,223],"class_list":["post-56058","post","type-post","status-publish","format-standard","has-post-thumbnail","hentry","category-apeluri-programul3","category-programul3","category-stiri","tag-apel","tag-programul3","tag-trillenials","category-220","category-219","category-211","description-off"],"_links":{"self":[{"href":"https:\/\/activecitizensfund.ro\/en\/wp-json\/wp\/v2\/posts\/56058","targetHints":{"allow":["GET"]}}],"collection":[{"href":"https:\/\/activecitizensfund.ro\/en\/wp-json\/wp\/v2\/posts"}],"about":[{"href":"https:\/\/activecitizensfund.ro\/en\/wp-json\/wp\/v2\/types\/post"}],"author":[{"embeddable":true,"href":"https:\/\/activecitizensfund.ro\/en\/wp-json\/wp\/v2\/users\/1"}],"replies":[{"embeddable":true,"href":"https:\/\/activecitizensfund.ro\/en\/wp-json\/wp\/v2\/comments?post=56058"}],"version-history":[{"count":17,"href":"https:\/\/activecitizensfund.ro\/en\/wp-json\/wp\/v2\/posts\/56058\/revisions"}],"predecessor-version":[{"id":57015,"href":"https:\/\/activecitizensfund.ro\/en\/wp-json\/wp\/v2\/posts\/56058\/revisions\/57015"}],"wp:featuredmedia":[{"embeddable":true,"href":"https:\/\/activecitizensfund.ro\/en\/wp-json\/wp\/v2\/media\/56073"}],"wp:attachment":[{"href":"https:\/\/activecitizensfund.ro\/en\/wp-json\/wp\/v2\/media?parent=56058"}],"wp:term":[{"taxonomy":"category","embeddable":true,"href":"https:\/\/activecitizensfund.ro\/en\/wp-json\/wp\/v2\/categories?post=56058"},{"taxonomy":"post_tag","embeddable":true,"href":"https:\/\/activecitizensfund.ro\/en\/wp-json\/wp\/v2\/tags?post=56058"}],"curies":[{"name":"wp","href":"https:\/\/api.w.org\/{rel}","templated":true}]}}