{"id":56106,"date":"2020-10-14T18:26:16","date_gmt":"2020-10-14T15:26:16","guid":{"rendered":"https:\/\/activecitizensfund.ro\/?p=56106"},"modified":"2020-10-14T18:27:17","modified_gmt":"2020-10-14T15:27:17","slug":"ce-proiecte-de-mediu-si-schimbari-climatice-pot-fi-depuse-in-cadrul-active-citizens-fund-romania-interviu-cu-fundatia-pentru-parteneriat","status":"publish","type":"post","link":"https:\/\/activecitizensfund.ro\/en\/ce-proiecte-de-mediu-si-schimbari-climatice-pot-fi-depuse-in-cadrul-active-citizens-fund-romania-interviu-cu-fundatia-pentru-parteneriat\/","title":{"rendered":"Ce proiecte de mediu \u0219i schimb\u0103ri climatice pot fi depuse \u00een cadrul Active Citizens Fund Rom\u00e2nia \u2013 interviu cu Funda\u021bia pentru Parteneriat"},"content":{"rendered":"<div class=\"wpb-content-wrapper\"><section class=\"vc_section\"><div class=\"vc_row wpb_row vc_row-fluid dt-default\" style=\"margin-top: 0px;margin-bottom: 0px\"><div class=\"wpb_column vc_column_container vc_col-sm-12\"><div class=\"vc_column-inner\"><div class=\"wpb_wrapper\"><div class=\"vc_empty_space\"   style=\"height: 32px\"><span class=\"vc_empty_space_inner\"><\/span><\/div>\n\t<div class=\"wpb_text_column wpb_content_element\" >\n\t\t<div class=\"wpb_wrapper\">\n\t\t\t<p><a href=\"ttp:\/\/www.epce.ro\/\"><strong>Romanian Environmental Partnership Foundation<\/strong><\/a> <strong>explic\u0103 ce proiecte de mediu \u0219i schimb\u0103ri climatice pot fi depuse \u00een cadrul Apelului #1<\/strong><strong> &#8211; Participare civic\u0103 \u00een zone insuficient deservite<\/strong> <a href=\"https:\/\/activecitizensfund.ro\/en\/\"><strong>Active Citizens Fund Romania programme<\/strong><\/a><strong>.<\/strong><\/p>\n<p><strong>Interviu<\/strong><\/p>\n<p><strong>\u00cen cadrul programului Active Citizens Fund Rom\u00e2nia, <\/strong><a href=\"https:\/\/activecitizensfund.ro\/en\/apel-1\/\"><strong>Apel #1 &#8211; Participare civic\u0103 \u00een zone insuficient deservite<\/strong><\/a><strong>, se pot depune proiecte cu tematic\u0103 ce vizeaz\u0103 mediu \u0219i schimb\u0103rile climatice. Cum se \u00eencadreaz\u0103 acest domeniu \u00een obiectivul general al Apelului? <\/strong><\/p>\n<p>Dup\u0103 cum enun\u021b\u0103 titlul Apelului, obiectivul este reprezentat de stimularea implic\u0103rii civice \u00een zone geografice \u0219i c\u0103tre grupuri \u021bint\u0103 insuficient deservite. Implicarea cet\u0103\u021benilor, \u00een rezolvarea diferitelor probleme de mediu, pe diferite nivele, este extrem de important\u0103 deoarece tematica protec\u021biei mediului \u0219i a schimb\u0103rilor climatice este insuficient abordat\u0103 \u00een cadrul discursului \u0219i agendei publice. \u00cen general exist\u0103 o tendin\u021b\u0103 la nivelul factorilor de decizie de a neglija aceast\u0103 tem\u0103. Se observ\u0103 c\u0103 acest interes redus se manifest\u0103 mai pregnant \u00een zonele geografice insuficient deservite, unde se afl\u0103 mai jos pe lista de priorit\u0103\u021bi. Pe de alt\u0103 parte, la nivelul Uniunii Europene exist\u0103 o preocupare \u00een cre\u0219tere pentru protec\u021bia mediului, riscuri pentru clim\u0103, s\u0103n\u0103tate uman\u0103 \u0219i biodiversitate. UE \u0219i-a asumat ca Europa s\u0103 devin\u0103 primul continent neutru din punct de vedere al emisiilor de carbon. \u00cen acest context, la nivel na\u021bional avem nevoie de politici adaptate dar \u0219i de cet\u0103\u021beni care con\u0219tientizeaz\u0103 importan\u021ba tematicii \u0219i \u00eencep s\u0103 ac\u021bioneze \u00een consecin\u021b\u0103. Astfel, se dore\u0219te ca prin proiectele depuse \u00een cadrul acestui Apel, organiza\u021biile neguvernamentale s\u0103 reu\u0219easc\u0103 implicarea unui num\u0103r considerabil de cet\u0103\u021beni \u00een a\u0219a fel \u00eenc\u00e2t ace\u0219tia s\u0103 devin\u0103 mai responsabili fa\u021b\u0103 de mediu. Zonele geografice dar \u0219i grupurile insuficient deservite au nevoie de sprijinul organiza\u021biilor \u00een ameliorarea unor probleme de mediu ei fiind \u00een multe cazuri \u0219i mai expu\u0219i la efectele activit\u0103\u021bilor distructive \u00een ceea ce prive\u0219te mediul.<\/p>\n<p><strong>Ce tipuri de proiecte pot fi depuse din domeniul mediului \u00een cadrul acestui Apel?<\/strong><\/p>\n<p>Tipurile de proiecte care pot fi depuse \u00een cadrul acestui Apel pot fi foarte diverse. Proiectele ar trebui s\u0103 vin\u0103 cu m\u0103suri \u0219i activit\u0103\u021bi care vizeaz\u0103 cre\u0219terea sprijinului public pentru protec\u021bia mediului \u0219i pentru combaterea schimb\u0103rilor climatice. De asemenea, se urm\u0103re\u0219te stimularea \u0219i facilitarea implic\u0103rii cet\u0103\u021benilor \u00een procesul de luare a deciziilor publice pe aceast\u0103 tem\u0103. De exemplu, se constat\u0103 c\u0103 \u00een comuna X, colectarea selectiv\u0103 a de\u0219eurilor este deficitar\u0103 \u0219i se dore\u0219te ca aceasta s\u0103 func\u021bioneze \u00een mod corespunz\u0103tor reduc\u00e2nd cantitatea de\u0219eurilor care ajunge pe rampa de gunoi. \u00centr-un astfel de demers va fi necesar\u0103 identificarea factorilor interesa\u021bi care pot influen\u021ba acest proces, institu\u021biile abilitate cu care se poate colabora sau lucra \u00een parteneriat \u0219i activit\u0103\u021bile relevante \u00een vederea ob\u021binerii unor rezultate concrete.<\/p>\n<p><strong>Dup\u0103 cum se men\u021bioneaz\u0103 \u00een Ghidul solicitan\u021bilor, educa\u021bia ecologic\u0103 este un tip de activitate care poate fi inclus\u0103 \u00een proiecte. Cum ar trebui abordat\u0103 aceast\u0103 activitate? <\/strong><\/p>\n<p>Educa\u021bia ecologic\u0103 este o metod\u0103 prin care se dore\u0219te sensibilizarea \u0219i preg\u0103tirea mai multor genera\u021bii \u00een spiritul conserv\u0103rii \u0219i protej\u0103rii mediului. Prin urmare, se a\u0219teapt\u0103 ca aceste tipuri de activit\u0103\u021bi s\u0103 nu fie generale ci s\u0103 se concentreze pe diferite activit\u0103\u021bi practice care pot s\u0103 aduc\u0103 schimb\u0103ri pe termen lung. Proiectele care propun doar c\u00e2teva activit\u0103\u021bi punctuale de educa\u021bie ecologic\u0103 f\u0103r\u0103 leg\u0103turi \u00eentre ele \u0219i f\u0103r\u0103 un scop anume vor avea \u0219anse mici de succes. Aceste activit\u0103\u021bi ar trebui s\u0103 fie c\u00e2t mai interactive \u0219i s\u0103 abordeze teme care sunt relevante pentru localitatea din care fac parte beneficiarii proiectului.<\/p>\n<p><strong>La ce ar trebui s\u0103 fie atente organiza\u021biile care vor s\u0103 depun\u0103 un proiect \u00een acest domeniu?<\/strong><\/p>\n<p>\u00cen cadrul programului Active Citizens Fund Rom\u00e2nia \u0219i \u00een consecin\u021b\u0103 \u0219i \u00een cadrul acestui Apel, proiectele legate de protec\u021bia mediului \u0219i de combatere\/adaptare la schimb\u0103rile climatice vor fi sprijinite doar ca parte a m\u0103surilor de promovare a particip\u0103rii civice, de advocacy, a inov\u0103rii sociale \u0219i a cet\u0103\u021beniei active. Implicarea activ\u0103 a cet\u0103\u021benilor \u00een \u00eendeplinirea obiectivelor proiectului este esen\u021ba acestor proiecte. Implicarea cet\u0103\u021benilor trebuie s\u0103 fie prezent\u0103 pe tot parcursul proiectului \u0219i se va evita implicarea exclusiv\u0103 doar \u00een ni\u0219te activit\u0103\u021bi punctuale. Astfel, vor putea fi sprijinite mult mai eficient comunit\u0103\u021bile \u00een ceea ce prive\u0219te cre\u0219terea nivelului de cuno\u0219tin\u021be \u00een vederea ap\u0103r\u0103rii dreptului lor la un mediu s\u0103n\u0103tos,\u00a0 \u0219i pentru a-i determina s\u0103 aib\u0103 un comportament care s\u0103 duc\u0103 la reducerea amprentei ecologice. De asemenea, \u00een func\u021bie de grupul \u021bint\u0103 ales este de dorit s\u0103 fie folosit\u0103 metoda cea mai eficient\u0103 de implicare \u0219i comunicare.<\/p>\n<p>Pentru mai multe informa\u021bii despre <strong>Apelul #1<\/strong>, vizita\u021bi <a href=\"https:\/\/activecitizensfund.ro\/en\/apel-1\/\">www.activecitizensfund.ro\/apel-1<\/a>.<\/p>\n<p>&nbsp;<\/p>\n<p><strong>Contact person<\/strong> pentru mai multe detalii: Csilla D\u00e1niel, <a href=\"ttp:\/\/www.epce.ro\/\">Romanian Environmental Partnership Foundation<\/a>, telefon: 0266.310.678, email: apel1.mediu@repf.ro.<\/p>\n\n\t\t<\/div>\n\t<\/div>\n<\/div><\/div><\/div><\/div><\/section>\n<\/div>","protected":false},"excerpt":{"rendered":"<p>Funda\u021bia pentru Parteneriat explic\u0103 ce proiecte de mediu \u0219i schimb\u0103ri climatice pot fi depuse \u00een cadrul Apelului #1 &#8211; Participare civic\u0103 \u00een zone insuficient deservite Active Citizens Fund Rom\u00e2nia.<\/p>","protected":false},"author":1,"featured_media":56107,"comment_status":"closed","ping_status":"closed","sticky":false,"template":"template-microsite.php","format":"standard","meta":{"footnotes":""},"categories":[211],"tags":[],"class_list":["post-56106","post","type-post","status-publish","format-standard","has-post-thumbnail","hentry","category-stiri","category-211","description-off"],"_links":{"self":[{"href":"https:\/\/activecitizensfund.ro\/en\/wp-json\/wp\/v2\/posts\/56106","targetHints":{"allow":["GET"]}}],"collection":[{"href":"https:\/\/activecitizensfund.ro\/en\/wp-json\/wp\/v2\/posts"}],"about":[{"href":"https:\/\/activecitizensfund.ro\/en\/wp-json\/wp\/v2\/types\/post"}],"author":[{"embeddable":true,"href":"https:\/\/activecitizensfund.ro\/en\/wp-json\/wp\/v2\/users\/1"}],"replies":[{"embeddable":true,"href":"https:\/\/activecitizensfund.ro\/en\/wp-json\/wp\/v2\/comments?post=56106"}],"version-history":[{"count":1,"href":"https:\/\/activecitizensfund.ro\/en\/wp-json\/wp\/v2\/posts\/56106\/revisions"}],"predecessor-version":[{"id":56108,"href":"https:\/\/activecitizensfund.ro\/en\/wp-json\/wp\/v2\/posts\/56106\/revisions\/56108"}],"wp:featuredmedia":[{"embeddable":true,"href":"https:\/\/activecitizensfund.ro\/en\/wp-json\/wp\/v2\/media\/56107"}],"wp:attachment":[{"href":"https:\/\/activecitizensfund.ro\/en\/wp-json\/wp\/v2\/media?parent=56106"}],"wp:term":[{"taxonomy":"category","embeddable":true,"href":"https:\/\/activecitizensfund.ro\/en\/wp-json\/wp\/v2\/categories?post=56106"},{"taxonomy":"post_tag","embeddable":true,"href":"https:\/\/activecitizensfund.ro\/en\/wp-json\/wp\/v2\/tags?post=56106"}],"curies":[{"name":"wp","href":"https:\/\/api.w.org\/{rel}","templated":true}]}}