{"id":56742,"date":"2021-05-10T08:12:17","date_gmt":"2021-05-10T05:12:17","guid":{"rendered":"https:\/\/activecitizensfund.ro\/?p=56742"},"modified":"2021-05-13T12:15:01","modified_gmt":"2021-05-13T09:15:01","slug":"haide-la-sesiunile-de-informare-din-luna-mai-active-citizens-fund-romania","status":"publish","type":"post","link":"https:\/\/activecitizensfund.ro\/en\/haide-la-sesiunile-de-informare-din-luna-mai-active-citizens-fund-romania\/","title":{"rendered":"#haide la evenimentele din luna mai Active Citizens Fund Rom\u00e2nia"},"content":{"rendered":"<div class=\"wpb-content-wrapper\"><div class=\"vc_row wpb_row vc_row-fluid dt-default\" style=\"margin-top: 0px;margin-bottom: 0px\"><div class=\"wpb_column vc_column_container vc_col-sm-12\"><div class=\"vc_column-inner\"><div class=\"wpb_wrapper\">\n\t<div class=\"wpb_text_column wpb_content_element\" >\n\t\t<div class=\"wpb_wrapper\">\n\t\t\t<p>Funda\u021bia pentru Dezvoltarea Societ\u0103\u021bii Civile, \u00eempreun\u0103 cu partenerii s\u0103i, Funda\u021bia pentru Parteneriat, Centrul de Resurse pentru Comunit\u0103\u021bile de Romi, Funda\u021bia PACT \u0219i Frivillighet Norge <strong>organizeaz\u0103 \u00een luna mai<\/strong> <strong>o serie de sesiuni de informare \u0219i ateliere despre granturile mici \u00een cadrul programului de finan\u021bare Active Citizens Fund Rom\u00e2nia.<\/strong><\/p>\n<p><strong>30 iunie 2021, ora 16.00 (ora Rom\u00e2niei) este termenul limit\u0103 pentru depunerea cererilor de finan\u021bare care vor intra \u00een a treia sesiune de evaluare, ultima din cadrul programului \u00een cazul granturilor mici.<\/strong><\/p>\n\n\t\t<\/div>\n\t<\/div>\n<h6 style=\"text-align: left\" class=\"vc_custom_heading vc_do_custom_heading\" >Granturile mici sunt disponibile \u00een cadrul Apelurilor deschise \u00een prezent:<\/h6><div class=\"standard-arrow list-divider bullet-top\"><ul>\n<li>Apel #1 &#8211; Participare civic\u0103 \u00een zone insuficient deservite<\/li>\n<li>Apel #4 &#8211; Con\u015ftientizare privind drepturile omului \u015fi tratament egal<\/li>\n<li>Apel #6 &#8211; Mobilizarea grupurilor vulnerabile din zone insuficient deservite<\/li>\n<\/ul>\n<\/div>\n\t<div class=\"wpb_text_column wpb_content_element\" >\n\t\t<div class=\"wpb_wrapper\">\n\t\t\t<p>Evenimentele se adreseaz\u0103 exclusiv organiza\u021biilor neguvernamentale care doresc s\u0103 aplice pentru finan\u021bare \u00een cadrul granturilor mici.<\/p>\n\n\t\t<\/div>\n\t<\/div>\n<h6 style=\"text-align: left\" class=\"vc_custom_heading vc_do_custom_heading\" >Evenimente mai<\/h6><div class=\"standard-arrow list-divider bullet-top\"><ul>\n<li><strong>12 mai &#8211; Sesiune de informare granturi mici,<\/strong> link \u00eenscriere: <\/li>\n<li><strong>14 mai &#8211; Sesiune informare buget granturi mici<\/strong>, link \u00eenscriere: <\/li>\n<li><strong>19 mai &#8211; Atelier design de proiect organiza\u021bii mici,<\/strong> link \u00eenscriere: <\/li>\n<li><strong>26 mai &#8211; Atelier design de proiect organiza\u021bii mici,<\/strong> link \u00eenscriere:<\/li>\n<\/ul>\n<\/div>\n\t<div class=\"wpb_text_column wpb_content_element\" >\n\t\t<div class=\"wpb_wrapper\">\n\t\t\t<p>\u00centreb\u0103ri referitoare la Apelurile #1, #4 \u0219i #6 deschise \u00een prezent \u00een cadrul programului de finan\u0163are Active Citizens Fund Rom\u00e2nia pot fi trimise prin email la apel1@fdsc.ro, apel1.mediu@repf.ro, apel4@fdsc.ro, apel6@fdsc.ro, granturi.mici@fdsc.ro.<\/p>\n<p>Persoan\u0103 de contact pentru detalii suplimentare: Ileana Hargala\u0219, Funda\u021bia pentru Dezvoltarea Societ\u0103\u021bii Civile, email: ileana-h@fdsc.ro .<\/p>\n<p>Detalii suplimentare despre fiecare eveniment sunt disponibile \u0219i pe pagina de Facebook Active Citizens Fund Rom\u00e2nia: <a href=\"https:\/\/www.facebook.com\/acfromania\/events?__cft__%5b0%5d=AZVa2QyP-I9ku8eIKr8_8TWf19MhIZYPw6iUoArKDZseSa4bWbYkX0FPbbm0xNjNlIisUshwL7_XqeextY5gqjPSOj-9oVtlDHkpaA2D068yDzZEvE20aIRQtzwAJUDb-Pf5i9HF46e5poyc-_ycY29Vm3Op8WjNSurQ6pM1bZkCvTg89A1Bj3rA6eLg8TC8Ee4&amp;__tn__=-UK*F\">www.facebook.com\/acfromania\/events<\/a>.<\/p>\n\n\t\t<\/div>\n\t<\/div>\n<\/div><\/div><\/div><\/div>\n<\/div>","protected":false},"excerpt":{"rendered":"<p>Funda\u021bia pentru Dezvoltarea Societ\u0103\u021bii Civile, \u00eempreun\u0103 cu partenerii s\u0103i, Funda\u021bia pentru Parteneriat, Centrul de Resurse pentru Comunit\u0103\u021bile de Romi, Funda\u021bia PACT \u0219i Frivillighet Norge organizeaz\u0103 \u00een luna mai o serie de sesiuni de informare despre granturile mici \u00een cadrul programului de finan\u021bare Active Citizens Fund Rom\u00e2nia.<\/p>","protected":false},"author":1,"featured_media":56743,"comment_status":"closed","ping_status":"closed","sticky":false,"template":"template-microsite.php","format":"standard","meta":{"footnotes":""},"categories":[211],"tags":[],"class_list":["post-56742","post","type-post","status-publish","format-standard","has-post-thumbnail","hentry","category-stiri","category-211","description-off"],"_links":{"self":[{"href":"https:\/\/activecitizensfund.ro\/en\/wp-json\/wp\/v2\/posts\/56742","targetHints":{"allow":["GET"]}}],"collection":[{"href":"https:\/\/activecitizensfund.ro\/en\/wp-json\/wp\/v2\/posts"}],"about":[{"href":"https:\/\/activecitizensfund.ro\/en\/wp-json\/wp\/v2\/types\/post"}],"author":[{"embeddable":true,"href":"https:\/\/activecitizensfund.ro\/en\/wp-json\/wp\/v2\/users\/1"}],"replies":[{"embeddable":true,"href":"https:\/\/activecitizensfund.ro\/en\/wp-json\/wp\/v2\/comments?post=56742"}],"version-history":[{"count":3,"href":"https:\/\/activecitizensfund.ro\/en\/wp-json\/wp\/v2\/posts\/56742\/revisions"}],"predecessor-version":[{"id":56758,"href":"https:\/\/activecitizensfund.ro\/en\/wp-json\/wp\/v2\/posts\/56742\/revisions\/56758"}],"wp:featuredmedia":[{"embeddable":true,"href":"https:\/\/activecitizensfund.ro\/en\/wp-json\/wp\/v2\/media\/56743"}],"wp:attachment":[{"href":"https:\/\/activecitizensfund.ro\/en\/wp-json\/wp\/v2\/media?parent=56742"}],"wp:term":[{"taxonomy":"category","embeddable":true,"href":"https:\/\/activecitizensfund.ro\/en\/wp-json\/wp\/v2\/categories?post=56742"},{"taxonomy":"post_tag","embeddable":true,"href":"https:\/\/activecitizensfund.ro\/en\/wp-json\/wp\/v2\/tags?post=56742"}],"curies":[{"name":"wp","href":"https:\/\/api.w.org\/{rel}","templated":true}]}}