{"id":56847,"date":"2021-06-28T17:25:05","date_gmt":"2021-06-28T14:25:05","guid":{"rendered":"https:\/\/activecitizensfund.ro\/?p=56847"},"modified":"2021-06-29T17:21:24","modified_gmt":"2021-06-29T14:21:24","slug":"haide-la-activitatile-de-sprijin-pentru-organizatiile-mici","status":"publish","type":"post","link":"https:\/\/activecitizensfund.ro\/en\/haide-la-activitatile-de-sprijin-pentru-organizatiile-mici\/","title":{"rendered":"#haide la activit\u0103\u021bile de sprijin pentru organiza\u021biile mici"},"content":{"rendered":"<div class=\"wpb-content-wrapper\"><section class=\"vc_section\"><div class=\"vc_row wpb_row vc_row-fluid dt-default\" style=\"margin-top: 0px;margin-bottom: 0px\"><div class=\"wpb_column vc_column_container vc_col-sm-12\"><div class=\"vc_column-inner\"><div class=\"wpb_wrapper\"><div class=\"vc_empty_space\"   style=\"height: 32px\"><span class=\"vc_empty_space_inner\"><\/span><\/div>\n\t<div class=\"wpb_text_column wpb_content_element\" >\n\t\t<div class=\"wpb_wrapper\">\n\t\t\t<p>Pentru a veni \u00een sprijinul organiza\u021biilor mici de a aplica cu proiecte de succes la cea de-a treia sesiune de evaluare din cadrul programului Active Citizens Fund Rom\u00e2nia, Operatorul de Fond a <strong>prelungit data de aplicare pentru granturi mici p\u00e2n\u0103 pe 9 septembrie 2021 <\/strong>pentru Apel #1 &#8211; Participare civic\u0103 \u00een zone insuficient deservite, Apel #4 &#8211; Con\u0219tientizare privind drepturile omului \u0219i tratament egal, Apel #6 \u2013 Mobilizarea grupurilor vulnerabile din zone insuficient deservite \u0219i <strong>ofer\u0103 urm\u0103toarele tipuri de suport:<\/strong><\/p>\n\n\t\t<\/div>\n\t<\/div>\n<div  class=\"vc_do_toggle vc_toggle vc_toggle_default vc_toggle_color_default  vc_toggle_size_md vc_toggle_active\"><div class=\"vc_toggle_title\"><h4>#haide la feedback<\/h4><i class=\"vc_toggle_icon\"><\/i><\/div><div class=\"vc_toggle_content\"><p>Organiza\u021biile ale c\u0103ror proiecte nu au fost selectate \u00een primele dou\u0103 sesiuni de evaluare a granturilor mici \u0219i care sunt interesate s\u0103 aplice din nou, se pot \u00eenscrie la <strong>\u00eent\u00e2lniri unu la unu cu Operatorul de Fond pentru feedback privind proiectele evaluate<\/strong>. \u00cent\u00e2lnirile vor avea loc online, <strong>\u00een fiecare miercuri, \u00een perioada 30 iunie \u2013 25 august 2021<\/strong>. Timpul alocat este de maximum o or\u0103 pentru o cerere de finan\u021bare, iar organiza\u021biile pot participa la \u00eent\u00e2lnire \u00een intervalul orar 11:00 \u2013 15:00.<\/p>\n<p>Pentru a participa, persoanele interesate pot selecta din calendarul de\u00a0<strong>AICI (<\/strong><a href=\"https:\/\/calendly.com\/fdsc-acf\/60min?month=2021-06\"><strong>https:\/\/calendly.com\/fdsc-acf\/60min?month=2021-06<\/strong><\/a><strong>)<\/strong> o singur\u0103 dat\u0103 \u0219i or\u0103 pentru discu\u021bia online, preciz\u00e2nd num\u0103rul de \u00eenregistrare al cererii de finan\u021bare. Programarea pentru \u00eent\u00e2lnire se realizeaz\u0103 automat, iar un email de confirmare cu link-ul pentru \u00eent\u00e2lnire va fi trimis persoanelor care s-au \u00eenscris.<\/p>\n<p>\u00cen cazul \u00een care organiza\u021biile doresc feedback pe email, acesta poate fi solicitat la adresele de contact din Ghidul Solicitan\u021bilor corespunz\u0103tor fiec\u0103rui Apel.<\/p>\n<\/div><\/div><div  class=\"vc_do_toggle vc_toggle vc_toggle_default vc_toggle_color_default  vc_toggle_size_md vc_toggle_active\"><div class=\"vc_toggle_title\"><h4>#haide la ateliere pentru proiecte de succes<\/h4><i class=\"vc_toggle_icon\"><\/i><\/div><div class=\"vc_toggle_content\"><p>Organiza\u021biile interesate s\u0103 aplice pentru granturi mici se pot \u00eenscrie la urm\u0103toarele ateliere:<\/p>\n<ul>\n<li><strong>12.07.2021<\/strong><strong> &#8211; Educa\u021bie \u0219i implicare civic\u0103 \u2013 cum s\u0103 dezvol\u021bi un proiect de succes pentru Apelul #1 &#8211; Participare civic\u0103 \u00een zone insuficient deservite, \u00censcriere AICI: <\/strong><\/li>\n<\/ul>\n<p style=\"padding-left: 40px;\"><strong>Structur\u0103 atelier<\/strong><strong>:<\/strong><\/p>\n<ol>\n<li style=\"list-style-type: none;\">\n<ol>\n<li>aspecte tematice <em>(educa\u021bie \u0219i implicare civic\u0103; tipuri de proiecte \u0219i rezultate a\u0219teptate) <\/em><\/li>\n<li>de la idee la proiect <em>(cum se identific\u0103 problema, cum se identific\u0103 beneficiarii finali \u2013 caracteristici \u0219i nevoi, cum se identific\u0103 stakeholderii relevan\u021bi \u0219i rolul lor \u00een proiect, cum se trece de la identificarea problemei la solu\u021bii)<\/em><\/li>\n<li>cum identifici parteneri <em>(inclusiv parteneri din state donatoare)<\/em><\/li>\n<li>cum aplici cu un proiect<\/li>\n<\/ol>\n<\/li>\n<\/ol>\n<ul>\n<li><strong>22.07.2021<\/strong><strong> &#8211; Drepturile omului \u0219i tratament egal \u2013 cum s\u0103 dezvol\u021bi un proiect de succes pentru Apelul #4 sau Apelul #6, \u00censcriere AICI: <\/strong><\/li>\n<\/ul>\n<p style=\"padding-left: 40px;\"><strong>Structur\u0103 atelier<\/strong><strong>:<\/strong><\/p>\n<ol>\n<li style=\"list-style-type: none;\">\n<ol>\n<li>aspecte tematice (<em>drepturile omului \u0219i tratament egal &#8211; con\u0219tientizare vs mobilizarea grupurilor vulnerabile<\/em><em>;<\/em><em>proiecte \u0219i rezultate a\u0219teptate)<\/em><\/li>\n<li>de la idee la proiect <em>(cum se identific\u0103 problema, cum se identific\u0103 beneficiarii finali \u2013 caracteristici \u0219i nevoi, cum se identific\u0103 stakeholderii relevan\u021bi \u0219i rolul lor \u00een proiect, cum se trece de la identificarea problemei la solu\u021bii)<\/em><\/li>\n<li>cum identifici parteneri <em>(inclusiv parteneri din state donatoare)<\/em><\/li>\n<li>cum aplici cu un proiect<\/li>\n<\/ol>\n<\/li>\n<\/ol>\n<p>Evenimentele nu vor fi transmise live, de aceea este important\u0103 \u00eenscrierea la fiecare atelier pentru a putea participa.<\/p>\n<p>O serie de sesiuni anterioare au fost \u00eenregistrate \u0219i sunt disponibile pe canalul de YouTube al Programului: <a href=\"https:\/\/www.youtube.com\/channel\/UC3p44-48csqYly1G_0ifZDg\">https:\/\/www.youtube.com\/channel\/UC3p44-48csqYly1G_0ifZDg<\/a>.<\/p>\n<\/div><\/div><div  class=\"vc_do_toggle vc_toggle vc_toggle_default vc_toggle_color_default  vc_toggle_size_md vc_toggle_active\"><div class=\"vc_toggle_title\"><h4>#haide s\u0103 g\u0103se\u0219ti parteneri din Rom\u00e2nia<\/h4><i class=\"vc_toggle_icon\"><\/i><\/div><div class=\"vc_toggle_content\"><p><strong>S\u0103pt\u0103m\u00e2na Parteneriatelor <\/strong>va avea loc \u00een perioada <strong>12-18 iulie 2021<\/strong>. Activitatea are ca scop facilitarea interac\u021biunii dintre organiza\u021biile mici din Rom\u00e2nia care caut\u0103 parteneri din Rom\u00e2nia \u0219i cele care doresc s\u0103 fie parteneri pentru scrierea \u0219i implementarea de proiecte \u00een cadrul Apelurilor #1, #4 \u0219i #6 \u2013 granturi mici, lansate \u00een cadrul programului de finan\u021bare Active Citizens Fund Rom\u00e2nia.<\/p>\n<p><strong>Pa\u0219i pentru a participa la S\u0103pt\u0103m\u00e2na Parteneriatelor<\/strong><\/p>\n<ol>\n<li>#haide \u00een grupul de Facebook: #haide parteneriate na\u021bionale Active Citizens Fund Rom\u00e2nia: <a href=\"https:\/\/www.facebook.com\/groups\/643162456398870\/\">https:\/\/www.facebook.com\/groups\/643162456398870\/<\/a> &#8211; d\u0103 join pentru a deveni membru \u00een grup<\/li>\n<li>G\u0103se\u0219te \u00een grup Ghidul\/ Guide intitulat \u201eS\u0103pt\u0103m\u00e2na Parteneriatelor\u201d. Este pozi\u021bionat \u00een bara de sus dup\u0103 Discu\u021bie\/ Discussions<\/li>\n<li>Cite\u0219te descrierea despre S\u0103pt\u0103m\u00e2na Parteneriatelor \u0219i regulile de participare<\/li>\n<li>Posteaz\u0103 propunerea de parteneriat \u00een grup \u00een perioada <strong>12-18 iulie<\/strong><\/li>\n<li><strong>Moderatorul grupului va muta postarea <\/strong>\u00een Ghidul intitulat \u201eS\u0103pt\u0103m\u00e2na Parteneriatelor\u201d pentru a avea \u00eentr-un singur loc doar post\u0103rile care au leg\u0103tur\u0103 cu aceast\u0103 ini\u021biativ\u0103<\/li>\n<\/ol>\n<p>\u00cen urma post\u0103rilor, organiza\u021biile decid dac\u0103 va exista o colaborare \u00eentre ele, moderatorul grupului nu va fi implicat \u00een acest proces.<\/p>\n<\/div><\/div><div  class=\"vc_do_toggle vc_toggle vc_toggle_default vc_toggle_color_default  vc_toggle_size_md vc_toggle_active\"><div class=\"vc_toggle_title\"><h4>#haide s\u0103 g\u0103se\u0219ti parteneri din statele donatoare<\/h4><i class=\"vc_toggle_icon\"><\/i><\/div><div class=\"vc_toggle_content\"><p>For <strong>sprijin \u00een a g\u0103si parteneri din statele donatoare<\/strong> &#8211; Norvegia, Islanda, Liechtenstein \u2013 v\u0103 rug\u0103m s\u0103 transmiteti o scurta descriere a tipului de expertiz\u0103 \/ suport pe care \u00eel c\u0103uta\u021bi la un partener pe adresa <a href=\"mailto:bilateral@fdsc.ro\">bilateral@fdsc.ro<\/a>.<\/p>\n<\/div><\/div><div  class=\"vc_do_toggle vc_toggle vc_toggle_default vc_toggle_color_default  vc_toggle_size_md vc_toggle_active\"><div class=\"vc_toggle_title\"><h4>#haide la helpdesk<\/h4><i class=\"vc_toggle_icon\"><\/i><\/div><div class=\"vc_toggle_content\"><p>Pentru clarific\u0103ri privind Ghidul solicitan\u021bilor \u0219i anexele acestuia pot fi transmise \u00eentreb\u0103ri pe adresele de email disponibile pentru fiecare Apel \u00een parte, respectiv <a href=\"mailto:apel1@fdsc.ro\">apel1@fdsc.ro<\/a>, <a href=\"mailto:apel1.mediu@repf.ro\">apel1.mediu@repf.ro<\/a> <a href=\"mailto:apel4@fdsc.ro\">apel4@fdsc.ro<\/a>, <a href=\"mailto:apel6@fdsc.ro\">apel6@fdsc.ro<\/a>, iar pe adresa <a href=\"mailto:support@fdsc.ro\">support@fdsc.ro<\/a> pot fi adresate \u00eentreb\u0103ri privind procesul de aplicare pe platfoma online <a href=\"https:\/\/finantaripublice.fdsc.ro\/\">https:\/\/finantaripublice.fdsc.ro<\/a>.<\/p>\n<p><strong>Toate activit\u0103\u021bile de sprijin enumerate mai sus sunt destinate ONG-urilor mici din Rom\u00e2nia, cele care au un buget mediu de maximum 240.000 RON pentru ultimii 3 ani.<\/strong> Pentru a treia sesiune de evaluare, care are ca termen limit\u0103 de aplicare 9 septembrie, organiza\u021biile pot aplica pentru granturi mici \u00een valoare de p\u00e2n\u0103 la 50.000 euro, granturi disponibile \u00een cadrul Apelurilor #1 &#8211; Participare civic\u0103 \u00een zone insuficient deservite, #4 &#8211; Con\u0219tientizare privind drepturile omului \u0219i tratament egal, #6 \u2013 Mobilizarea grupurilor vulnerabile din zone insuficient deservite.<\/p>\n<p>Detalii la <a href=\"https:\/\/activecitizensfund.ro\/en\/apeluri\/\">https:\/\/activecitizensfund.ro\/apeluri\/<\/a>.<\/p>\n<\/div><\/div><div class=\"vc_empty_space\"   style=\"height: 32px\"><span class=\"vc_empty_space_inner\"><\/span><\/div><div class=\"vc_empty_space\"   style=\"height: 32px\"><span class=\"vc_empty_space_inner\"><\/span><\/div><\/div><\/div><\/div><\/div><\/section>\n<\/div>","protected":false},"excerpt":{"rendered":"<p>Pentru a veni \u00een sprijinul organiza\u021biilor mici de a aplica cu proiecte de succes la cea de-a treia sesiune de evaluare din cadrul programului Active Citizens Fund Rom\u00e2nia, Operatorul de Fond organizeaz\u0103 o serie de activit\u0103\u021bi de sprijin \u00een perioada iunie \u2013 august 2021. Pentru a treia sesiune de evaluare, organiza\u021biile pot aplica pentru granturi mici \u00een valoare de p\u00e2n\u0103 la 50.000 euro, granturi disponibile \u00een cadrul Apelurilor #1 &#8211; Participare civic\u0103 \u00een zone insuficient deservite, #4 &#8211; Con\u0219tientizare privind drepturile omului \u0219i tratament egal, #6 \u2013 Mobilizarea grupurilor vulnerabile din zone insuficient deservite.<\/p>","protected":false},"author":1,"featured_media":56851,"comment_status":"closed","ping_status":"closed","sticky":false,"template":"template-microsite.php","format":"standard","meta":{"footnotes":""},"categories":[211],"tags":[],"class_list":["post-56847","post","type-post","status-publish","format-standard","has-post-thumbnail","hentry","category-stiri","category-211","description-off"],"_links":{"self":[{"href":"https:\/\/activecitizensfund.ro\/en\/wp-json\/wp\/v2\/posts\/56847","targetHints":{"allow":["GET"]}}],"collection":[{"href":"https:\/\/activecitizensfund.ro\/en\/wp-json\/wp\/v2\/posts"}],"about":[{"href":"https:\/\/activecitizensfund.ro\/en\/wp-json\/wp\/v2\/types\/post"}],"author":[{"embeddable":true,"href":"https:\/\/activecitizensfund.ro\/en\/wp-json\/wp\/v2\/users\/1"}],"replies":[{"embeddable":true,"href":"https:\/\/activecitizensfund.ro\/en\/wp-json\/wp\/v2\/comments?post=56847"}],"version-history":[{"count":6,"href":"https:\/\/activecitizensfund.ro\/en\/wp-json\/wp\/v2\/posts\/56847\/revisions"}],"predecessor-version":[{"id":56855,"href":"https:\/\/activecitizensfund.ro\/en\/wp-json\/wp\/v2\/posts\/56847\/revisions\/56855"}],"wp:featuredmedia":[{"embeddable":true,"href":"https:\/\/activecitizensfund.ro\/en\/wp-json\/wp\/v2\/media\/56851"}],"wp:attachment":[{"href":"https:\/\/activecitizensfund.ro\/en\/wp-json\/wp\/v2\/media?parent=56847"}],"wp:term":[{"taxonomy":"category","embeddable":true,"href":"https:\/\/activecitizensfund.ro\/en\/wp-json\/wp\/v2\/categories?post=56847"},{"taxonomy":"post_tag","embeddable":true,"href":"https:\/\/activecitizensfund.ro\/en\/wp-json\/wp\/v2\/tags?post=56847"}],"curies":[{"name":"wp","href":"https:\/\/api.w.org\/{rel}","templated":true}]}}