{"id":56986,"date":"2021-08-31T11:11:26","date_gmt":"2021-08-31T08:11:26","guid":{"rendered":"https:\/\/activecitizensfund.ro\/?p=56986"},"modified":"2021-09-01T09:57:47","modified_gmt":"2021-09-01T06:57:47","slug":"apel-selectie-trillenials-an-2021-2022","status":"publish","type":"post","link":"https:\/\/activecitizensfund.ro\/en\/apel-selectie-trillenials-an-2021-2022\/","title":{"rendered":"SELECTION CALL #TRILLENIALS - YEAR 2021\/ 2022"},"content":{"rendered":"<div class=\"wpb-content-wrapper\"><section class=\"vc_section\"><div class=\"vc_row wpb_row vc_row-fluid vc_column-gap-10 vc_row-o-equal-height vc_row-flex\"><div class=\"wpb_column vc_column_container vc_col-sm-6\"><div class=\"vc_column-inner\"><div class=\"wpb_wrapper\"><div class=\"ult-content-box-container\" >\t\t<div class=\"ult-content-box\" style=\"background-color:#00997a;box-shadow: px px px px none;border-style:none;border-color:#ffffff;padding:15px;min-height:300px;-webkit-transition: all 700ms ease;-moz-transition: all 700ms ease;-ms-transition: all 700ms ease;-o-transition: all 700ms ease;transition: all 700ms ease;\"  data-hover_box_shadow=\"none\"     data-bg=\"#00997a\"  data-border_color=\"#ffffff\" >\n\t<div class=\"wpb_text_column wpb_content_element  whitetext\" >\n\t\t<div class=\"wpb_wrapper\">\n\t\t\t<p><span style=\"color: #ffffff;\">Are you involved in an NGO or other formal or informal associative structure and want to develop your non-governmental work skills? Do you want to learn more about civil society, about working in NGOs and how you can make your community better? Are you willing to devote your time and energy to these things? Do you want to be part of the new generation of young people who take civil society to the next level?<\/span><\/p>\n\n\t\t<\/div>\n\t<\/div>\n\t\t<\/div><\/div><\/div><\/div><\/div><div class=\"wpb_column vc_column_container vc_col-sm-6\"><div class=\"vc_column-inner\"><div class=\"wpb_wrapper\"><div class=\"ult-content-box-container\" >\t\t<div class=\"ult-content-box\" style=\"background-color:#00997a;box-shadow: px px px px none;border-style:none;border-color:#ffffff;padding:15px;min-height:300px;-webkit-transition: all 700ms ease;-moz-transition: all 700ms ease;-ms-transition: all 700ms ease;-o-transition: all 700ms ease;transition: all 700ms ease;\"  data-hover_box_shadow=\"none\"     data-bg=\"#00997a\"  data-border_color=\"#ffffff\" >\n\t<div class=\"wpb_text_column wpb_content_element  whitetext\" >\n\t\t<div class=\"wpb_wrapper\">\n\t\t\t<p><span style=\"color: #ffffff;\">Then join us for the Program3 - a long-term training program for young people involved in the third sector, a school for those who want to contribute to the development of civil society in Romania and beyond.<\/span><\/p>\n\n\t\t<\/div>\n\t<\/div>\n\t\t<\/div><\/div><\/div><\/div><\/div><\/div><div class=\"vc_row wpb_row vc_row-fluid vc_column-gap-10\"><div class=\"wpb_animate_when_almost_visible wpb_flipInY flipInY wpb_column vc_column_container vc_col-sm-6\"><div class=\"vc_column-inner\"><div class=\"wpb_wrapper\"><div class=\"ult-content-box-container\" >\t\t<div class=\"ult-content-box\" style=\"box-shadow: px px px px none;border-style:none;border-color:#ffffff;padding:15px;min-height:0px;-webkit-transition: all 700ms ease;-moz-transition: all 700ms ease;-ms-transition: all 700ms ease;-o-transition: all 700ms ease;transition: all 700ms ease;\"  data-hover_box_shadow=\"none\"     data-border_color=\"#ffffff\" >\n\t<div class=\"wpb_text_column wpb_content_element  prgr3\" >\n\t\t<div class=\"wpb_wrapper\">\n\t\t\t<h5>Confused?<br \/>\nKeep calm, read this call until the end and go through the #trillenials manifesto.<\/h5>\n\n\t\t<\/div>\n\t<\/div>\n\t\t<\/div><\/div><\/div><\/div><\/div><div class=\"wpb_animate_when_almost_visible wpb_flipInX flipInX wpb_column vc_column_container vc_col-sm-6 vc_col-has-fill\"><div class=\"vc_column-inner vc_custom_1567596185647\"><div class=\"wpb_wrapper\"><div class=\"ult-content-box-container\" >\t\t<div class=\"ult-content-box\" style=\"background-color:#00997a;box-shadow: px px px px none;border-style:none;border-color:#ffffff;padding:0px;margin:0px;min-height:0px;-webkit-transition: all 700ms ease;-moz-transition: all 700ms ease;-ms-transition: all 700ms ease;-o-transition: all 700ms ease;transition: all 700ms ease;\"  data-hover_box_shadow=\"none\"    data-normal_margins=\"margin:0px;\"   data-bg=\"#00997a\"  data-border_color=\"#ffffff\" ><div class=\"ubtn-ctn-center fullwidthbttn\"><a class=\"ubtn-link ult-adjust-bottom-margin ubtn-center ubtn-block fullwidthbttn\" href=\"https:\/\/activecitizensfund.ro\/en\/trillenials\/\" ><button type=\"button\" id=\"ubtn-5087\"  class=\"ubtn ult-adjust-bottom-margin ult-responsive ubtn-block ubtn-no-hover-bg  none  ubtn-center   tooltip-69f4c5463ac29 ubtn-block\"  data-hover=\"#00997a\" data-border-color=\"\" data-bg=\"#00997a\" data-hover-bg=\"#ffffff\" data-border-hover=\"\" data-shadow-hover=\"\" data-shadow-click=\"none\" data-shadow=\"\" data-shd-shadow=\"\"  data-ultimate-target='#ubtn-5087'  data-responsive-json-new='{\"font-size\":\"desktop:20px;\",\"line-height\":\"desktop:20px;\"}'  style=\"font-weight:bold;border:none;background: #00997a;color: #ffffff;\"><span class=\"ubtn-hover\" style=\"background-color:#ffffff\"><\/span><span class=\"ubtn-data ubtn-text\" >MANIFESTO<\/span><\/button><\/a><\/div>\t\t<\/div><\/div><\/div><\/div><\/div><\/div><div class=\"vc_row wpb_row vc_row-fluid dt-default\" style=\"margin-top: 0px;margin-bottom: 0px\"><div class=\"wpb_column vc_column_container vc_col-sm-12\"><div class=\"vc_column-inner\"><div class=\"wpb_wrapper\"><div id=\"ultimate-heading-400269f4c5463b1fa\" class=\"uvc-heading ult-adjust-bottom-margin ultimate-heading-400269f4c5463b1fa uvc-7602 prgr3 uvc-heading-default-font-sizes\" data-hspacer=\"no_spacer\"  data-halign=\"left\" style=\"text-align:left\"><div class=\"uvc-heading-spacer no_spacer\" style=\"top\"><\/div><div class=\"uvc-main-heading ult-responsive\"  data-ultimate-target='.uvc-heading.ultimate-heading-400269f4c5463b1fa h4'  data-responsive-json-new='{\"font-size\":\"\",\"line-height\":\"\"}' ><h4 style=\"--font-weight:theme;\">Why is there a need for the Program3?<\/h4><\/div><\/div><div class=\"vc_empty_space\"   style=\"height: 32px\"><span class=\"vc_empty_space_inner\"><\/span><\/div><div class=\"standard-arrow list-divider bullet-top\"><ul>\n<li>According to the latest Romanian studies, there are not enough new people working for the third sector, even though the interest for getting involved in civic actions has increased;<\/li>\n<li>Most employees in the NGO sector are between 25 and 34 years old, but most leaders have been leading organizations for more than 8 years. Thus, the formation of a new generation of NGOs is an urgent need;<\/li>\n<li>Program3 is the first long-term initiative dedicated to young people involved in civil society. From 2019 we bring together people interested in developing the third sector through new approaches, learning at the same time from professionals in the field.<\/li>\n<\/ul>\n<\/div><div class=\"vc_empty_space\"   style=\"height: 32px\"><span class=\"vc_empty_space_inner\"><\/span><\/div><div class=\"vc_empty_space\"   style=\"height: 60px\"><span class=\"vc_empty_space_inner\"><\/span><\/div><\/div><\/div><\/div><\/div><div class=\"vc_row wpb_row vc_row-fluid dt-default\" style=\"margin-top: 0px;margin-bottom: 0px\"><div class=\"wpb_column vc_column_container vc_col-sm-12\"><div class=\"vc_column-inner\"><div class=\"wpb_wrapper\"><div id=\"ultimate-heading-725569f4c5463bb01\" class=\"uvc-heading ult-adjust-bottom-margin ultimate-heading-725569f4c5463bb01 uvc-8978 prgr3 uvc-heading-default-font-sizes\" data-hspacer=\"no_spacer\"  data-halign=\"left\" style=\"text-align:left\"><div class=\"uvc-heading-spacer no_spacer\" style=\"top\"><\/div><div class=\"uvc-main-heading ult-responsive\"  data-ultimate-target='.uvc-heading.ultimate-heading-725569f4c5463bb01 h4'  data-responsive-json-new='{\"font-size\":\"\",\"line-height\":\"\"}' ><h4 style=\"--font-weight:theme;\">Who are we looking for the Program3? (please  \"selection criteria\")<\/h4><\/div><\/div>\n\t<div class=\"wpb_text_column wpb_content_element\" >\n\t\t<div class=\"wpb_wrapper\">\n\t\t\t<p>We are looking for at least 40 <strong>#trillenials<\/strong>, young people who:<\/p>\n\n\t\t<\/div>\n\t<\/div>\n<div class=\"vc_empty_space\"   style=\"height: 32px\"><span class=\"vc_empty_space_inner\"><\/span><\/div><div class=\"standard-arrow list-divider bullet-top\"><ul>\n<li>are involved in theor community, work in non-governmental organizations or volunteer for various causes,<\/li>\n<li>are aware of the importance of the third sector and are motivated to take it to the next level, thus having the potential to be part of the new generations of sector leaders,<\/li>\n<li>(\u00eenc\u0103) simt confuzie \u00een fa\u021ba complexit\u0103\u021bii ONG-istice,<\/li>\n<li>are eager and willing to learn and practice working in NGOs,<\/li>\n<li>want to grow and do good for their communities,<\/li>\n<li>understand and respect the common values of respect for human dignity, freedom, democracy, equality, the rule of law and respect for the rights <strong>tuturor.<\/strong><\/li>\n<\/ul>\n<\/div>\n\t<div class=\"wpb_text_column wpb_content_element\" >\n\t\t<div class=\"wpb_wrapper\">\n\t\t\t<p>Din perspectiva noastr\u0103, e\u0219ti #trillenial dac\u0103 ai minim 18 ani \u0219i maxim 35 de ani, ai idee despre societatea civil\u0103 \u0219i lucrul \u00een ONG, nu neap\u0103rat mult\u0103 practic\u0103 \u00een domeniu. Te atrag subiecte sociale, civice, chiar dac\u0103 nu le st\u0103p\u00e2ne\u0219ti 100%. Ai f\u0103cut voluntariat sau te implici \u00een via\u021ba comunit\u0103\u021bii tale. Nu \u021bi-ai g\u0103sit \u00eenc\u0103 locul \u00een sectorul ONG, dar nici nu vrei s\u0103 renun\u021bi. Poate ai cochetat cu ideea de antreprenoriat social.<\/p>\n\n\t\t<\/div>\n\t<\/div>\n<div class=\"vc_empty_space\"   style=\"height: 65px\"><span class=\"vc_empty_space_inner\"><\/span><\/div><div id=\"ultimate-heading-428069f4c5463bf49\" class=\"uvc-heading ult-adjust-bottom-margin ultimate-heading-428069f4c5463bf49 uvc-6802 prgr3 uvc-heading-default-font-sizes\" data-hspacer=\"no_spacer\"  data-halign=\"left\" style=\"text-align:left\"><div class=\"uvc-heading-spacer no_spacer\" style=\"top\"><\/div><div class=\"uvc-main-heading ult-responsive\"  data-ultimate-target='.uvc-heading.ultimate-heading-428069f4c5463bf49 h4'  data-responsive-json-new='{\"font-size\":\"\",\"line-height\":\"\"}' ><h4 style=\"--font-weight:theme;\">What happens in the Program3?<\/h4><\/div><\/div><div class=\"vc_empty_space\"   style=\"height: 32px\"><span class=\"vc_empty_space_inner\"><\/span><\/div>\n\t<div class=\"wpb_text_column wpb_content_element\" >\n\t\t<div class=\"wpb_wrapper\">\n\t\t\t<p>Program3 proposes <strong>a one-year learning process<\/strong>, structured in two semesters with a predefined curriculum, to which is added a customized learning process, depending on the needs and interests of each #trillenial, as follows:<\/p>\n<p style=\"padding-left: 40px;\"><strong>The first semester<\/strong> va fi dedicat aspectelor tehnice ce \u021bin de lucru \u00een ONG cu introducere \u00een OeNGez\u0103 \u0219i dezvoltare de abilit\u0103\u021bi esen\u021biale de lucru \u00een ONG, precum scriere de proiect \u0219i management de proiect, dezvoltare organiza\u021bional\u0103, marketing \u0219i comunicare, managementul voluntarilor, management de evenimente, etc.<\/p>\n<p style=\"padding-left: 40px;\"><strong>The second semester<\/strong> will be dedicated to the thematic aspects related to the involvement of the community at local level through community development, techniques and methods of public participation, methods and techniques of non-formal education, projects for the benefit of the community.<\/p>\n\n\t\t<\/div>\n\t<\/div>\n<div class=\"ult-content-box-container\" >\t\t<div class=\"ult-content-box\" style=\"background-color:#00997a;box-shadow: px px px px none;border-style:none;border-color:#ffffff;padding:15px;-webkit-transition: all 700ms ease;-moz-transition: all 700ms ease;-ms-transition: all 700ms ease;-o-transition: all 700ms ease;transition: all 700ms ease;\"  data-hover_box_shadow=\"none\"     data-bg=\"#00997a\"  data-border_color=\"#ffffff\" >\n\t<div class=\"wpb_text_column wpb_content_element  whitetext\" >\n\t\t<div class=\"wpb_wrapper\">\n\t\t\t<p><span style=\"color: #ffffff;\"><strong>IMPORTANT!<strong><br \/>\nThe period of involvement of those selected is one year (October 2021 - October 2022). The selection will take into account the availability assumed in this respect, and the participation in various events within the Program3 will be conditioned by this involvement. For more details on what this year looks like, see the Curriculum3 for 2021-2022 below. <\/strong><\/strong><\/span><\/p>\n\n\t\t<\/div>\n\t<\/div>\n\t\t<\/div><\/div><div class=\"vc_empty_space\"   style=\"height: 60px\"><span class=\"vc_empty_space_inner\"><\/span><\/div><div id=\"ultimate-heading-604469f4c5463c37d\" class=\"uvc-heading ult-adjust-bottom-margin ultimate-heading-604469f4c5463c37d uvc-8953 prgr3 uvc-heading-default-font-sizes\" data-hspacer=\"no_spacer\"  data-halign=\"left\" style=\"text-align:left\"><div class=\"uvc-heading-spacer no_spacer\" style=\"top\"><\/div><div class=\"uvc-main-heading ult-responsive\"  data-ultimate-target='.uvc-heading.ultimate-heading-604469f4c5463c37d h4'  data-responsive-json-new='{\"font-size\":\"\",\"line-height\":\"\"}' ><h4 style=\"--font-weight:theme;\">Curriculum<\/h4><\/div><\/div><div class=\"vc_empty_space\"   style=\"height: 32px\"><span class=\"vc_empty_space_inner\"><\/span><\/div><div class=\"vc_tta-container\" data-vc-action=\"collapse\"><div class=\"vc_general vc_tta vc_tta-accordion vc_tta-color-grey vc_tta-style-classic vc_tta-shape-rounded vc_tta-o-shape-group vc_tta-controls-align-default\"><div class=\"vc_tta-panels-container\"><div class=\"vc_tta-panels\"><div class=\"vc_tta-panel vc_active prgr3\" id=\"1570098154878-ebb35e0c-1888\" data-vc-content=\".vc_tta-panel-body\"><div class=\"vc_tta-panel-heading\"><h4 class=\"vc_tta-panel-title vc_tta-controls-icon-position-left\"><a href=\"#1570098154878-ebb35e0c-1888\" data-vc-accordion data-vc-container=\".vc_tta-container\"><span class=\"vc_tta-title-text\">Semester 1<\/span><i class=\"vc_tta-controls-icon vc_tta-controls-icon-plus\"><\/i><\/a><\/h4><\/div><div class=\"vc_tta-panel-body\">\n\t<div class=\"wpb_tour wpb_content_element  tab-style-two\" data-interval=\"0\">\n\t\t<div class=\"wpb_wrapper wpb_tour_tabs_wrapper ui-tabs vc_clearfix\">\n\t\t\t<ul class=\"wpb_tabs_nav ui-tabs-nav vc_clearfix h5-size\"><li><a href=\"#tab-4182c6bf-6461-7\">Autumn school<\/a><\/li><li><a href=\"#tab-9dd6a577-b463-7\">Learning week<\/a><\/li><li><a href=\"#tab-1570098442686-2-3\">2 online learning modules<\/a><\/li><li><a href=\"#tab-1570098488881-3-9\">Learning activities<\/a><\/li><li><a href=\"#tab-1570098534240-4-7\">Networking<\/a><\/li><\/ul>\n\t<div id=\"tab-4182c6bf-6461-7\" class=\"wpb_tab ui-tabs-panel wpb_ui-tabs-hide vc_clearfix\">\n\t\t\n\t<div class=\"wpb_text_column wpb_content_element\" >\n\t\t<div class=\"wpb_wrapper\">\n\t\t\t<p><strong>19 \u2013 22 Octombrie 2021<br \/>\n<\/strong><em>Hotel Siret, Mamaia<\/em><\/p>\n<div>\n<div>Eveniment offline unde o s\u0103 ne cunoa\u0219tem, prezent\u0103m modelul educa\u021bional \u0219i stabilim parcursul particularizat de \u00eenv\u0103\u021bare al fiec\u0103rui #trillenial<\/div>\n<\/div>\n\n\t\t<\/div>\n\t<\/div>\n\n\t<\/div>\n\n\t<div id=\"tab-9dd6a577-b463-7\" class=\"wpb_tab ui-tabs-panel wpb_ui-tabs-hide vc_clearfix\">\n\t\t\n\t<div class=\"wpb_text_column wpb_content_element\" >\n\t\t<div class=\"wpb_wrapper\">\n\t\t\t<p><strong>Noiembrie &#8211; Decembrie 2021<\/strong><\/p>\n<div><span lang=\"RO\">Tot offline, un eveniment de 5 zile la Bucure\u0219ti unde abord\u0103m subiectele \u201dhard\u201d de lucru \u00een ONG &#8211; management \u0219i dezvoltare organiza\u021bional\u0103, scriere de proiecte, managementul voluntarilor, management de event, at\u00e2t experien\u021bial c\u00e2t \u0219i de la oameni cu experien\u021b\u0103 din sector<\/span><\/div>\n\n\t\t<\/div>\n\t<\/div>\n\n\t<\/div>\n\n\t<div id=\"tab-1570098442686-2-3\" class=\"wpb_tab ui-tabs-panel wpb_ui-tabs-hide vc_clearfix\">\n\t\t\n\t<div class=\"wpb_text_column wpb_content_element\" >\n\t\t<div class=\"wpb_wrapper\">\n\t\t\t<p><strong>Octombrie 2021 \u2013 Ianuarie 2022<\/strong><\/p>\n<div><span lang=\"RO\">Se vor aprofunda dou\u0103 subiecte importante pentru lucrul \u00een ONG \u2013 fundraising \u0219i scrierea unei propuneri de finan\u021bare<\/span><\/div>\n\n\t\t<\/div>\n\t<\/div>\n\n\t<\/div>\n\n\t<div id=\"tab-1570098488881-3-9\" class=\"wpb_tab ui-tabs-panel wpb_ui-tabs-hide vc_clearfix\">\n\t\t\n\t<div class=\"wpb_text_column wpb_content_element\" >\n\t\t<div class=\"wpb_wrapper\">\n\t\t\t<p><strong>Ongoing<\/strong><\/p>\n<div><span lang=\"RO\">Developed locally, based on each trillion's custom learning plan.<\/span><\/div>\n\n\t\t<\/div>\n\t<\/div>\n\n\t<\/div>\n\n\t<div id=\"tab-1570098534240-4-7\" class=\"wpb_tab ui-tabs-panel wpb_ui-tabs-hide vc_clearfix\">\n\t\t\n\t<div class=\"wpb_text_column wpb_content_element\" >\n\t\t<div class=\"wpb_wrapper\">\n\t\t\t<p><strong>Ongoing<\/strong><\/p>\n<p>Networking cu organiza\u021bii de la nivel local \u0219i na\u021bional, astfel \u00eenc\u00e2t s\u0103 \u00een\u021belegem mai bine cum func\u021bioneaz\u0103 diverse structuri asociative<\/p>\n\n\t\t<\/div>\n\t<\/div>\n\n\t<\/div>\n<div class=\"wpb_tour_next_prev_nav vc_clearfix\"> <span class=\"wpb_prev_slide\"><a href=\"#prev\" title=\"Previous tab\">Previous tab<\/a><\/span> <span class=\"wpb_next_slide\"><a href=\"#next\" title=\"Next tab\">Next tab<\/a><\/span><\/div>\n\t\t<\/div>\n\t<\/div>\n<\/div><\/div><div class=\"vc_tta-panel\" id=\"1570098716364-359a3382-c6c8\" data-vc-content=\".vc_tta-panel-body\"><div class=\"vc_tta-panel-heading\"><h4 class=\"vc_tta-panel-title vc_tta-controls-icon-position-left\"><a href=\"#1570098716364-359a3382-c6c8\" data-vc-accordion data-vc-container=\".vc_tta-container\"><span class=\"vc_tta-title-text\">Semester 2<\/span><i class=\"vc_tta-controls-icon vc_tta-controls-icon-plus\"><\/i><\/a><\/h4><\/div><div class=\"vc_tta-panel-body\">\n\t<div class=\"wpb_tour wpb_content_element  tab-style-two\" data-interval=\"0\">\n\t\t<div class=\"wpb_wrapper wpb_tour_tabs_wrapper ui-tabs vc_clearfix\">\n\t\t\t<ul class=\"wpb_tabs_nav ui-tabs-nav vc_clearfix h5-size\"><li><a href=\"#tab-9dd6a577-b463-7\">Learning week<\/a><\/li><li><a href=\"#tab-1570098442686-2-3\">2 other online learning modules<\/a><\/li><li><a href=\"#tab-1570098488881-3-9\">Learning activities<\/a><\/li><li><a href=\"#tab-1570098534240-4-7\">Learning visit in Norway<\/a><\/li><li><a href=\"#tab-1570098867041-4-8\">Evaluation meeting<\/a><\/li><\/ul>\n\t<div id=\"tab-9dd6a577-b463-7\" class=\"wpb_tab ui-tabs-panel wpb_ui-tabs-hide vc_clearfix\">\n\t\t\n\t<div class=\"wpb_text_column wpb_content_element\" >\n\t\t<div class=\"wpb_wrapper\">\n\t\t\t<p><strong>Martie &#8211; Aprilie 2022<\/strong><\/p>\n<div><span lang=\"RO\">Ne revedem pentru 5 zile la Cluj-Napoca \u0219i abord\u0103m partea de con\u021binut a anului \u0219i anume zona de community building, participare, advocacy, re\u021bele la nivel local \u0219i networking<\/span><\/div>\n\n\t\t<\/div>\n\t<\/div>\n\n\t<\/div>\n\n\t<div id=\"tab-1570098442686-2-3\" class=\"wpb_tab ui-tabs-panel wpb_ui-tabs-hide vc_clearfix\">\n\t\t\n\t<div class=\"wpb_text_column wpb_content_element\" >\n\t\t<div class=\"wpb_wrapper\">\n\t\t\t<p><strong>Februarie \u2013 Mai 2022<\/strong><\/p>\n<div><span lang=\"RO\">Vom aprofunda cum este cu participarea \u0219i dezvoltarea comunitar\u0103 \u0219i vom \u00eenv\u0103\u021ba despre managementul voluntarilor<\/span><\/div>\n\n\t\t<\/div>\n\t<\/div>\n\n\t<\/div>\n\n\t<div id=\"tab-1570098488881-3-9\" class=\"wpb_tab ui-tabs-panel wpb_ui-tabs-hide vc_clearfix\">\n\t\t\n\t<div class=\"wpb_text_column wpb_content_element\" >\n\t\t<div class=\"wpb_wrapper\">\n\t\t\t<p><strong>Ongoing<\/strong><\/p>\n<div>\n<div><span lang=\"RO\">Dezvoltate la nivel local, \u00een func\u021bie de planul particularizat de \u00eenv\u0103\u021bare al fiec\u0103rui #trillenial<\/span><\/div>\n<\/div>\n\n\t\t<\/div>\n\t<\/div>\n\n\t<\/div>\n\n\t<div id=\"tab-1570098534240-4-7\" class=\"wpb_tab ui-tabs-panel wpb_ui-tabs-hide vc_clearfix\">\n\t\t\n\t<div class=\"wpb_text_column wpb_content_element\" >\n\t\t<div class=\"wpb_wrapper\">\n\t\t\t<p><strong>Iunie 2022<\/strong><\/p>\n<div>\n<div><span lang=\"RO\">Where we'll go for 4 days to local organizations to learn from the Norwegian experience and to do networking.<\/span><\/div>\n<\/div>\n\n\t\t<\/div>\n\t<\/div>\n\n\t<\/div>\n\n\t<div id=\"tab-1570098867041-4-8\" class=\"wpb_tab ui-tabs-panel wpb_ui-tabs-hide vc_clearfix\">\n\t\t\n\t<div class=\"wpb_text_column wpb_content_element\" >\n\t\t<div class=\"wpb_wrapper\">\n\t\t\t<p><strong>August 2022<\/strong><\/p>\n<div>\n<div><span lang=\"RO\">Ne revedem la \u00a0Bucure\u0219ti unde vom \u00eencheia \u0219i evalua anul, dar vom \u0219i planifica cum continu\u0103m \u00een comunitatea de Alumni a Programului3<\/span><\/div>\n<\/div>\n\n\t\t<\/div>\n\t<\/div>\n\n\t<\/div>\n<div class=\"wpb_tour_next_prev_nav vc_clearfix\"> <span class=\"wpb_prev_slide\"><a href=\"#prev\" title=\"Previous tab\">Previous tab<\/a><\/span> <span class=\"wpb_next_slide\"><a href=\"#next\" title=\"Next tab\">Next tab<\/a><\/span><\/div>\n\t\t<\/div>\n\t<\/div>\n<\/div><\/div><\/div><\/div><\/div><\/div><div class=\"vc_empty_space\"   style=\"height: 60px\"><span class=\"vc_empty_space_inner\"><\/span><\/div><\/div><\/div><\/div><\/div><div class=\"vc_row wpb_row vc_row-fluid dt-default\" style=\"margin-top: 0px;margin-bottom: 0px\"><div class=\"wpb_column vc_column_container vc_col-sm-12\"><div class=\"vc_column-inner\"><div class=\"wpb_wrapper\"><div id=\"ultimate-heading-284269f4c5463e799\" class=\"uvc-heading ult-adjust-bottom-margin ultimate-heading-284269f4c5463e799 uvc-2241 prgr3 uvc-heading-default-font-sizes\" data-hspacer=\"no_spacer\"  data-halign=\"left\" style=\"text-align:left\"><div class=\"uvc-heading-spacer no_spacer\" style=\"top\"><\/div><div class=\"uvc-main-heading ult-responsive\"  data-ultimate-target='.uvc-heading.ultimate-heading-284269f4c5463e799 h4'  data-responsive-json-new='{\"font-size\":\"\",\"line-height\":\"\"}' ><h4 style=\"--font-weight:theme;\">Why join the Program3?<\/h4><\/div><\/div><div class=\"vc_empty_space\"   style=\"height: 32px\"><span class=\"vc_empty_space_inner\"><\/span><\/div>\n\t<div class=\"wpb_text_column wpb_content_element\" >\n\t\t<div class=\"wpb_wrapper\">\n\t\t\t<p>Dac\u0103 ai citit Manif3stul nostru, te reg\u0103se\u0219ti \u00een el \u0219i crezi c\u0103 ai stof\u0103 de #trillenial, iat\u0103 cele mai importante 3 motive pentru care vrei s\u0103 faci parte din Programul3:<\/p>\n\n\t\t<\/div>\n\t<\/div>\n<div class=\"vc_empty_space\"   style=\"height: 32px\"><span class=\"vc_empty_space_inner\"><\/span><\/div><div class=\"standard-arrow list-divider bullet-top\"><ul>\n<li>You want to learn from professionals and develop yourself as a professional in NGO sector<\/li>\n<li>You want to do something real for your community and for the Romanian civil society<\/li>\n<li>You want to be part of a community of young people like you, with whom to move mountains!<\/li>\n<\/ul>\n<\/div><div class=\"vc_empty_space\"   style=\"height: 60px\"><span class=\"vc_empty_space_inner\"><\/span><\/div><\/div><\/div><\/div><\/div><div class=\"vc_row wpb_row vc_row-fluid dt-default\" style=\"margin-top: 0px;margin-bottom: 0px\"><div class=\"wpb_column vc_column_container vc_col-sm-12\"><div class=\"vc_column-inner\"><div class=\"wpb_wrapper\"><div id=\"ultimate-heading-561169f4c5463efab\" class=\"uvc-heading ult-adjust-bottom-margin ultimate-heading-561169f4c5463efab uvc-5842 prgr3 uvc-heading-default-font-sizes\" data-hspacer=\"no_spacer\"  data-halign=\"left\" style=\"text-align:left\"><div class=\"uvc-heading-spacer no_spacer\" style=\"top\"><\/div><div class=\"uvc-main-heading ult-responsive\"  data-ultimate-target='.uvc-heading.ultimate-heading-561169f4c5463efab h4'  data-responsive-json-new='{\"font-size\":\"\",\"line-height\":\"\"}' ><h4 style=\"--font-weight:theme;\">How to be part of Program3?<\/h4><\/div><\/div><\/div><\/div><\/div><\/div><div class=\"vc_row wpb_row vc_row-fluid vc_column-gap-10\"><div class=\"wpb_animate_when_almost_visible wpb_flipInY flipInY wpb_column vc_column_container vc_col-sm-6\"><div class=\"vc_column-inner\"><div class=\"wpb_wrapper\"><div class=\"ult-content-box-container\" >\t\t<div class=\"ult-content-box\" style=\"box-shadow: px px px px none;border-style:none;border-color:#ffffff;padding:15px;min-height:0px;-webkit-transition: all 700ms ease;-moz-transition: all 700ms ease;-ms-transition: all 700ms ease;-o-transition: all 700ms ease;transition: all 700ms ease;\"  data-hover_box_shadow=\"none\"     data-border_color=\"#ffffff\" >\n\t<div class=\"wpb_text_column wpb_content_element  prgr3\" >\n\t\t<div class=\"wpb_wrapper\">\n\t\t\t<h5>If we convinced you, it means we're looking for you. We are waiting for you to pass the first test - filling in the selection form until September 14, 2021.<\/h5>\n\n\t\t<\/div>\n\t<\/div>\n\t\t<\/div><\/div><\/div><\/div><\/div><div class=\"wpb_animate_when_almost_visible wpb_flipInX flipInX wpb_column vc_column_container vc_col-sm-6 vc_col-has-fill\"><div class=\"vc_column-inner vc_custom_1567596185647\"><div class=\"wpb_wrapper\"><div class=\"ult-content-box-container\" >\t\t<div class=\"ult-content-box\" style=\"background-color:#00997a;box-shadow: px px px px none;border-style:none;border-color:#ffffff;padding:0px;margin:0px;min-height:0px;-webkit-transition: all 700ms ease;-moz-transition: all 700ms ease;-ms-transition: all 700ms ease;-o-transition: all 700ms ease;transition: all 700ms ease;\"  data-hover_box_shadow=\"none\"    data-normal_margins=\"margin:0px;\"   data-bg=\"#00997a\"  data-border_color=\"#ffffff\" ><div class=\"ubtn-ctn-center fullwidthbttn\"><a class=\"ubtn-link ult-adjust-bottom-margin ubtn-center ubtn-block fullwidthbttn\" href=\"https:\/\/www.esurveyspro.com\/Survey.aspx?id=9ef279d6-820e-4c7f-9589-06ff9bb6da85\" target=\"_blank\" rel=\"noopener\" ><button type=\"button\" id=\"ubtn-8454\"  class=\"ubtn ult-adjust-bottom-margin ult-responsive ubtn-block ubtn-no-hover-bg  none  ubtn-center   tooltip-69f4c5463f6e4 ubtn-block\"  data-hover=\"#00997a\" data-border-color=\"\" data-bg=\"#00997a\" data-hover-bg=\"#ffffff\" data-border-hover=\"\" data-shadow-hover=\"\" data-shadow-click=\"none\" data-shadow=\"\" data-shd-shadow=\"\"  data-ultimate-target='#ubtn-8454'  data-responsive-json-new='{\"font-size\":\"desktop:20px;\",\"line-height\":\"desktop:20px;\"}'  style=\"font-weight:bold;border:none;background: #00997a;color: #ffffff;\"><span class=\"ubtn-hover\" style=\"background-color:#ffffff\"><\/span><span class=\"ubtn-data ubtn-text\" >FORM<\/span><\/button><\/a><\/div>\t\t<\/div><\/div><\/div><\/div><\/div><\/div><div class=\"vc_row wpb_row vc_row-fluid dt-default\" style=\"margin-top: 0px;margin-bottom: 0px\"><div class=\"wpb_column vc_column_container vc_col-sm-12\"><div class=\"vc_column-inner\"><div class=\"wpb_wrapper\">\n\t<div class=\"wpb_text_column wpb_content_element\" >\n\t\t<div class=\"wpb_wrapper\">\n\t\t\t<p>Dac\u0103 r\u0103spunsurile tale ne conving, ne vedem la interviu. Dac\u0103 \u0219i dup\u0103 interviu r\u0103m\u00e2nem convin\u0219i, vei fi printre urm\u0103torii #trillenials invita\u021bi s\u0103 fac\u0103 parte din cea de-a treia genera\u021bie a Programului3.<\/p>\n<p><strong>NB:<\/strong> For those selected, Program3 will not entail any costs, all of which are covered by the project through which Program3 is financed.<\/p>\n\n\t\t<\/div>\n\t<\/div>\n<div class=\"vc_empty_space\"   style=\"height: 32px\"><span class=\"vc_empty_space_inner\"><\/span><\/div><blockquote class=\"h3-size shortcode-blockquote block-style-widget\"><p><span class=\"prgr3\"><strong>#come. Confuse your friends. Work  in an NGO. And come to Program3 to learn how!<\/strong><\/span><\/p>\n<\/blockquote><div class=\"vc_empty_space\"   style=\"height: 60px\"><span class=\"vc_empty_space_inner\"><\/span><\/div><\/div><\/div><\/div><\/div><div class=\"vc_row wpb_row vc_row-fluid dt-default\" style=\"margin-top: 0px;margin-bottom: 0px\"><div class=\"wpb_column vc_column_container vc_col-sm-6\"><div class=\"vc_column-inner vc_custom_1570112326562\"><div class=\"wpb_wrapper\">\n\t<div class=\"wpb_text_column wpb_content_element\" >\n\t\t<div class=\"wpb_wrapper\">\n\t\t\t<p><em>Program3 is developed within the \"Developing Youth NGO Leadership\" project, funded by the Active Citizens Fund Romania program, part of  the EEA and Norway Grants 2014-2021, administered by a consortium composed of <\/em><a href=\"http:\/\/www.fdsc.ro\/\"><em>The Civil Society Development Foundation<\/em><\/a><em>, <\/em><a href=\"http:\/\/romacenter.ro\/en\/\"><em>Resource Center for Roma Communities<\/em><\/a><em> and <\/em><a href=\"https:\/\/www.frivillighetnorge.no\/\"><em>Frivillighet Norge<\/em><\/a><em>.<\/em><\/p>\n\n\t\t<\/div>\n\t<\/div>\n<\/div><\/div><\/div><div class=\"wpb_column vc_column_container vc_col-sm-6 vc_col-has-fill\"><div class=\"vc_column-inner vc_custom_1570112305937\"><div class=\"wpb_wrapper\">\n\t<div class=\"wpb_text_column wpb_content_element  whitetext\" >\n\t\t<div class=\"wpb_wrapper\">\n\t\t\t<p><span style=\"color: #ffffff;\">If you still need persuasion or have questions or need clarifications, do not hesitate to contact with confidence Vlad (Dumitrescu), our Visionaere Program:<\/span><\/p>\n<p><span style=\"color: #ffffff;\">Tel: 0745.122.191<\/span><\/p>\n<p><span style=\"color: #ffffff;\">E-mail: <a style=\"color: #ffffff;\" href=\"mailto:vlad.dumitrescu@fdsc.ro\">vlad.dumitrescu@fdsc.ro<\/a><\/span><\/p>\n<p><span style=\"color: #ffffff;\">or<\/span><\/p>\n<p><span style=\"color: #ffffff;\">Robert (Matei), Community Manager<\/span><br \/>\n<span style=\"color: #ffffff;\">Resource Center for Roma Communities<\/span><br \/>\n<span style=\"color: #ffffff;\"><a style=\"color: #ffffff;\" href=\"mailto:robert.matei@romacenter.ro\">robert.matei@romacenter.ro<\/a><\/span><\/p>\n\n\t\t<\/div>\n\t<\/div>\n<\/div><\/div><\/div><\/div><div class=\"vc_row wpb_row vc_row-fluid dt-default\" style=\"margin-top: 0px;margin-bottom: 0px\"><div class=\"wpb_column vc_column_container vc_col-sm-12\"><div class=\"vc_column-inner\"><div class=\"wpb_wrapper\"><div class=\"vc_empty_space\"   style=\"height: 60px\"><span class=\"vc_empty_space_inner\"><\/span><\/div><\/div><\/div><\/div><\/div><\/section><section data-vc-full-width=\"true\" data-vc-full-width-init=\"false\" class=\"vc_section vc_custom_1570103007558 vc_section-has-fill\"><div class=\"vc_row wpb_row vc_row-fluid dt-default\" style=\"margin-top: 0px;margin-bottom: 0px\"><div class=\"wpb_column vc_column_container vc_col-sm-12\"><div class=\"vc_column-inner\"><div class=\"wpb_wrapper\"><\/div><\/div><\/div><\/div><div class=\"vc_row wpb_row vc_row-fluid dt-default\" style=\"margin-top: 0px;margin-bottom: 0px\"><div class=\"wpb_column vc_column_container vc_col-sm-3\"><div class=\"vc_column-inner\"><div class=\"wpb_wrapper\">\n\t<div  class=\"wpb_single_image wpb_content_element vc_align_center\">\n\t\t\n\t\t<figure class=\"wpb_wrapper vc_figure\">\n\t\t\t<div class=\"vc_single_image-wrapper   vc_box_border_grey\"><img loading=\"lazy\" decoding=\"async\" width=\"1366\" height=\"1366\" src=\"https:\/\/activecitizensfund.ro\/wp-content\/uploads\/2019\/10\/All-logos-11-01.png\" class=\"vc_single_image-img attachment-full\" alt=\"\" title=\"All-logos-11-01\" srcset=\"https:\/\/activecitizensfund.ro\/wp-content\/uploads\/2019\/10\/All-logos-11-01.png 1366w, https:\/\/activecitizensfund.ro\/wp-content\/uploads\/2019\/10\/All-logos-11-01-150x150.png 150w, https:\/\/activecitizensfund.ro\/wp-content\/uploads\/2019\/10\/All-logos-11-01-300x300.png 300w, https:\/\/activecitizensfund.ro\/wp-content\/uploads\/2019\/10\/All-logos-11-01-768x768.png 768w, https:\/\/activecitizensfund.ro\/wp-content\/uploads\/2019\/10\/All-logos-11-01-1024x1024.png 1024w, https:\/\/activecitizensfund.ro\/wp-content\/uploads\/2019\/10\/All-logos-11-01-600x600.png 600w, https:\/\/activecitizensfund.ro\/wp-content\/uploads\/2019\/10\/All-logos-11-01-200x200.png 200w\" sizes=\"auto, (max-width: 1366px) 100vw, 1366px\"  data-dt-location=\"https:\/\/activecitizensfund.ro\/en\/apel1-programul3\/all-logos-11-01\/\" \/><\/div>\n\t\t<\/figure>\n\t<\/div>\n<\/div><\/div><\/div><div class=\"wpb_column vc_column_container vc_col-sm-3\"><div class=\"vc_column-inner\"><div class=\"wpb_wrapper\">\n\t<div  class=\"wpb_single_image wpb_content_element vc_align_center\">\n\t\t\n\t\t<figure class=\"wpb_wrapper vc_figure\">\n\t\t\t<div class=\"vc_single_image-wrapper   vc_box_border_grey\"><img loading=\"lazy\" decoding=\"async\" width=\"1366\" height=\"1366\" src=\"https:\/\/activecitizensfund.ro\/wp-content\/uploads\/2019\/05\/All-Logos-01.png\" class=\"vc_single_image-img attachment-full\" alt=\"\" title=\"All Logos-01\" srcset=\"https:\/\/activecitizensfund.ro\/wp-content\/uploads\/2019\/05\/All-Logos-01.png 1366w, https:\/\/activecitizensfund.ro\/wp-content\/uploads\/2019\/05\/All-Logos-01-150x150.png 150w, https:\/\/activecitizensfund.ro\/wp-content\/uploads\/2019\/05\/All-Logos-01-300x300.png 300w, https:\/\/activecitizensfund.ro\/wp-content\/uploads\/2019\/05\/All-Logos-01-768x768.png 768w, https:\/\/activecitizensfund.ro\/wp-content\/uploads\/2019\/05\/All-Logos-01-1024x1024.png 1024w, https:\/\/activecitizensfund.ro\/wp-content\/uploads\/2019\/05\/All-Logos-01-600x600.png 600w, https:\/\/activecitizensfund.ro\/wp-content\/uploads\/2019\/05\/All-Logos-01-200x200.png 200w\" sizes=\"auto, (max-width: 1366px) 100vw, 1366px\"  data-dt-location=\"https:\/\/activecitizensfund.ro\/en\/forum-2019\/all-logos-01\/\" \/><\/div>\n\t\t<\/figure>\n\t<\/div>\n<\/div><\/div><\/div><div class=\"wpb_column vc_column_container vc_col-sm-3\"><div class=\"vc_column-inner\"><div class=\"wpb_wrapper\">\n\t<div  class=\"wpb_single_image wpb_content_element vc_align_center\">\n\t\t\n\t\t<figure class=\"wpb_wrapper vc_figure\">\n\t\t\t<div class=\"vc_single_image-wrapper   vc_box_border_grey\"><img loading=\"lazy\" decoding=\"async\" width=\"1366\" height=\"1366\" src=\"https:\/\/activecitizensfund.ro\/wp-content\/uploads\/2019\/05\/All-Logos-03.png\" class=\"vc_single_image-img attachment-full\" alt=\"\" title=\"All Logos-03\" srcset=\"https:\/\/activecitizensfund.ro\/wp-content\/uploads\/2019\/05\/All-Logos-03.png 1366w, https:\/\/activecitizensfund.ro\/wp-content\/uploads\/2019\/05\/All-Logos-03-150x150.png 150w, https:\/\/activecitizensfund.ro\/wp-content\/uploads\/2019\/05\/All-Logos-03-300x300.png 300w, https:\/\/activecitizensfund.ro\/wp-content\/uploads\/2019\/05\/All-Logos-03-768x768.png 768w, https:\/\/activecitizensfund.ro\/wp-content\/uploads\/2019\/05\/All-Logos-03-1024x1024.png 1024w, https:\/\/activecitizensfund.ro\/wp-content\/uploads\/2019\/05\/All-Logos-03-600x600.png 600w, https:\/\/activecitizensfund.ro\/wp-content\/uploads\/2019\/05\/All-Logos-03-200x200.png 200w\" sizes=\"auto, (max-width: 1366px) 100vw, 1366px\"  data-dt-location=\"https:\/\/activecitizensfund.ro\/en\/forum-2019\/all-logos-03\/\" \/><\/div>\n\t\t<\/figure>\n\t<\/div>\n<\/div><\/div><\/div><div class=\"wpb_column vc_column_container vc_col-sm-3\"><div class=\"vc_column-inner\"><div class=\"wpb_wrapper\">\n\t<div  class=\"wpb_single_image wpb_content_element vc_align_center\">\n\t\t\n\t\t<figure class=\"wpb_wrapper vc_figure\">\n\t\t\t<div class=\"vc_single_image-wrapper   vc_box_border_grey\"><img loading=\"lazy\" decoding=\"async\" width=\"1366\" height=\"1366\" src=\"https:\/\/activecitizensfund.ro\/wp-content\/uploads\/2021\/09\/Norge_logo-01.png\" class=\"vc_single_image-img attachment-full\" alt=\"\" title=\"Norge_logo-01\" srcset=\"https:\/\/activecitizensfund.ro\/wp-content\/uploads\/2021\/09\/Norge_logo-01.png 1366w, https:\/\/activecitizensfund.ro\/wp-content\/uploads\/2021\/09\/Norge_logo-01-300x300.png 300w, https:\/\/activecitizensfund.ro\/wp-content\/uploads\/2021\/09\/Norge_logo-01-1024x1024.png 1024w, https:\/\/activecitizensfund.ro\/wp-content\/uploads\/2021\/09\/Norge_logo-01-150x150.png 150w, https:\/\/activecitizensfund.ro\/wp-content\/uploads\/2021\/09\/Norge_logo-01-768x768.png 768w, https:\/\/activecitizensfund.ro\/wp-content\/uploads\/2021\/09\/Norge_logo-01-12x12.png 12w\" sizes=\"auto, (max-width: 1366px) 100vw, 1366px\"  data-dt-location=\"https:\/\/activecitizensfund.ro\/en\/trillenials\/norge_logo-01-2\/\" \/><\/div>\n\t\t<\/figure>\n\t<\/div>\n<\/div><\/div><\/div><\/div><!-- Row Backgrounds --><div class=\"upb_color\" data-bg-override=\"0\" data-bg-color=\"\" data-fadeout=\"\" data-fadeout-percentage=\"30\" data-parallax-content=\"\" data-parallax-content-sense=\"30\" data-row-effect-mobile-disable=\"true\" data-img-parallax-mobile-disable=\"true\" data-rtl=\"false\"  data-custom-vc-row=\"\"  data-vc=\"7.8\"  data-is_old_vc=\"\"  data-theme-support=\"\"   data-overlay=\"false\" data-overlay-color=\"\" data-overlay-pattern=\"\" data-overlay-pattern-opacity=\"\" data-overlay-pattern-size=\"\"    ><\/div><\/section><div class=\"vc_row-full-width vc_clearfix\"><\/div>\n<\/div>","protected":false},"excerpt":{"rendered":"<p>Are you involved in an NGO or any other associative structure and want to develop the skills you need to deal with the various situations you encounter? Want to learn more about civil society, working in NGOs and how to change things for the better? Are you willing to devote time and energy to these things? Do you want to be part of the new generation of leaders for civil society in Romania?<\/p>","protected":false},"author":1,"featured_media":56988,"comment_status":"closed","ping_status":"closed","sticky":false,"template":"","format":"standard","meta":{"footnotes":""},"categories":[220,219,211],"tags":[214,222,223],"class_list":["post-56986","post","type-post","status-publish","format-standard","has-post-thumbnail","hentry","category-apeluri-programul3","category-programul3","category-stiri","tag-apel","tag-programul3","tag-trillenials","category-220","category-219","category-211","description-off"],"_links":{"self":[{"href":"https:\/\/activecitizensfund.ro\/en\/wp-json\/wp\/v2\/posts\/56986","targetHints":{"allow":["GET"]}}],"collection":[{"href":"https:\/\/activecitizensfund.ro\/en\/wp-json\/wp\/v2\/posts"}],"about":[{"href":"https:\/\/activecitizensfund.ro\/en\/wp-json\/wp\/v2\/types\/post"}],"author":[{"embeddable":true,"href":"https:\/\/activecitizensfund.ro\/en\/wp-json\/wp\/v2\/users\/1"}],"replies":[{"embeddable":true,"href":"https:\/\/activecitizensfund.ro\/en\/wp-json\/wp\/v2\/comments?post=56986"}],"version-history":[{"count":15,"href":"https:\/\/activecitizensfund.ro\/en\/wp-json\/wp\/v2\/posts\/56986\/revisions"}],"predecessor-version":[{"id":57014,"href":"https:\/\/activecitizensfund.ro\/en\/wp-json\/wp\/v2\/posts\/56986\/revisions\/57014"}],"wp:featuredmedia":[{"embeddable":true,"href":"https:\/\/activecitizensfund.ro\/en\/wp-json\/wp\/v2\/media\/56988"}],"wp:attachment":[{"href":"https:\/\/activecitizensfund.ro\/en\/wp-json\/wp\/v2\/media?parent=56986"}],"wp:term":[{"taxonomy":"category","embeddable":true,"href":"https:\/\/activecitizensfund.ro\/en\/wp-json\/wp\/v2\/categories?post=56986"},{"taxonomy":"post_tag","embeddable":true,"href":"https:\/\/activecitizensfund.ro\/en\/wp-json\/wp\/v2\/tags?post=56986"}],"curies":[{"name":"wp","href":"https:\/\/api.w.org\/{rel}","templated":true}]}}