{"id":57080,"date":"2021-10-06T17:19:51","date_gmt":"2021-10-06T14:19:51","guid":{"rendered":"https:\/\/activecitizensfund.ro\/?p=57080"},"modified":"2021-12-17T12:29:11","modified_gmt":"2021-12-17T10:29:11","slug":"civilsocietystartshere-si-incepe-cu-tine","status":"publish","type":"post","link":"https:\/\/activecitizensfund.ro\/en\/civilsocietystartshere-si-incepe-cu-tine\/","title":{"rendered":"#CivilSocietyStartsHere and it starts with you!"},"content":{"rendered":"<div class=\"wpb-content-wrapper\"><div class=\"vc_row wpb_row vc_row-fluid dt-default\" style=\"margin-top: 0px;margin-bottom: 0px\"><div class=\"wpb_column vc_column_container vc_col-sm-12\"><div class=\"vc_column-inner\"><div class=\"wpb_wrapper\"><h4 style=\"color: #000000;text-align: left\" class=\"vc_custom_heading vc_do_custom_heading\" >We are united by common values and everyone can get involved to promote and protect them!<\/h4><div class=\"vc_row wpb_row vc_inner vc_row-fluid vc_row-o-equal-height vc_row-flex\"><div class=\"wpb_column vc_column_container vc_col-sm-3\"><div class=\"vc_column-inner\"><div class=\"wpb_wrapper\">\n\t<div  class=\"wpb_single_image wpb_content_element vc_align_left  wpb_animate_when_almost_visible wpb_fadeInUp fadeInUp\">\n\t\t\n\t\t<figure class=\"wpb_wrapper vc_figure\">\n\t\t\t<div class=\"vc_single_image-wrapper   vc_box_border_grey\"><img loading=\"lazy\" decoding=\"async\" width=\"433\" height=\"182\" src=\"https:\/\/activecitizensfund.ro\/wp-content\/uploads\/2021\/10\/Picture-1.jpg\" class=\"vc_single_image-img attachment-full\" alt=\"\" title=\"Picture 1\" srcset=\"https:\/\/activecitizensfund.ro\/wp-content\/uploads\/2021\/10\/Picture-1.jpg 433w, https:\/\/activecitizensfund.ro\/wp-content\/uploads\/2021\/10\/Picture-1-300x126.jpg 300w, https:\/\/activecitizensfund.ro\/wp-content\/uploads\/2021\/10\/Picture-1-18x8.jpg 18w\" sizes=\"auto, (max-width: 433px) 100vw, 433px\"  data-dt-location=\"https:\/\/activecitizensfund.ro\/en\/civilsocietystartshere-si-incepe-cu-tine\/picture-1\/\" \/><\/div>\n\t\t<\/figure>\n\t<\/div>\n<\/div><\/div><\/div><div class=\"wpb_column vc_column_container vc_col-sm-9\"><div class=\"vc_column-inner\"><div class=\"wpb_wrapper\">\n\t<div class=\"wpb_text_column wpb_content_element\" >\n\t\t<div class=\"wpb_wrapper\">\n\t\t\t<p>A strong civil society is fundamental for a well-functioning democracy and an inclusive society. In the past few years, there have been some worrying trends across Europe, placing the civic space under pressure, therefore, supporting civil society is more important than ever.<\/p>\n<p>The EEA and Norway Grants are currently running a campaign to raise awareness and spark the conversation about civil society. At the heart of #CivilSocietyStartsHere lies the invitation to think about the values that unite us, and a challenge to take action. At the same time, it offers the opportunity to showcase and celebrate the many civil society projects that are already taking place throughout Europe.<\/p>\n\n\t\t<\/div>\n\t<\/div>\n<\/div><\/div><\/div><\/div>\n\t<div class=\"wpb_text_column wpb_content_element\" >\n\t\t<div class=\"wpb_wrapper\">\n\t\t\t<p>The initiatives funded by the EEA and Norway Grants are often locally launched by people and organisations who want to make a difference for their community and its future.<\/p>\n<p><em>\u201eIt all starts with people who want to contribute: people who take an interest in their community, who want to be part of decision-making. All it takes is a dedicated person with local insight. Many of the projects we support are started by one person with a good idea. Someone with the determination to create change can make a big difference,\u201d says Anna Striethorst, senior sector officer for civil society at the EEA and Norway Grants.<\/em><\/p>\n<p><strong>Together, they make a crucial contribution to safeguard Europe\u2019s most important fundamental values: dignity, human rights, freedom, equality, democracy, and the rule of law.<\/strong> They are noble, shared ideals \u2014 the bedrock of a diverse modern society. And it\u2019s up to us to protect them, together.<\/p>\n\n\t\t<\/div>\n\t<\/div>\n<blockquote class=\"text-normal shortcode-blockquote\"><p><strong><em>Human rights: the foundation of our society<\/em><\/strong><\/p>\n<\/blockquote>\n\t<div class=\"wpb_text_column wpb_content_element\" >\n\t\t<div class=\"wpb_wrapper\">\n\t\t\t<p>The campaign started with three examples of projects that are making a difference in protecting human rights and continues with initiatives that protect and promote values such as <strong>dignity, freedom, equality, democracy, and the rule of law. <\/strong><\/p>\n\n\t\t<\/div>\n\t<\/div>\n<div class=\"ubtn-ctn-center\"><a class=\"ubtn-link ult-adjust-bottom-margin ubtn-center ubtn-block\" href=\"https:\/\/www.facebook.com\/watch\/?v=895446217744795\" ><button type=\"button\" id=\"ubtn-5391\"  class=\"ubtn ult-adjust-bottom-margin ult-responsive ubtn-block ubtn-no-hover-bg  none  ubtn-sep-icon ubtn-sep-icon-left  ubtn-center   tooltip-69f4cd75c5d10 ubtn-block\"  data-hover=\"#29446f\" data-border-color=\"\" data-bg=\"#29446f\" data-hover-bg=\"#ffffff\" data-border-hover=\"\" data-shadow-hover=\"\" data-shadow-click=\"none\" data-shadow=\"\" data-shd-shadow=\"\"  data-ultimate-target='#ubtn-5391'  data-responsive-json-new='{\"font-size\":\"desktop:15px;\",\"line-height\":\"\"}'  style=\"font-weight:bold;border:none;background: #29446f;color: #ffffff;\"><span class=\"ubtn-data ubtn-icon\"><i class=\"icomoon-material-24x24-ondemand_video\" style=\"font-size:35px;color:#29446f;\"><\/i><\/span><span class=\"ubtn-hover\" style=\"background-color:#ffffff\"><\/span><span class=\"ubtn-data ubtn-text\" >The first video of the campaign showcasing these projects is available here!<\/span><\/button><\/a><\/div><div class=\"vc_tta-container\" data-vc-action=\"collapseAll\"><div class=\"vc_general vc_tta vc_tta-accordion vc_tta-color-grey vc_tta-style-flat vc_tta-shape-square vc_tta-o-shape-group vc_tta-controls-align-default vc_tta-o-all-clickable wpb_animate_when_almost_visible wpb_fadeInUp fadeInUp\"><div class=\"vc_tta-panels-container\"><div class=\"vc_tta-panels\"><div class=\"vc_tta-panel\" id=\"01-advoc\" data-vc-content=\".vc_tta-panel-body\"><div class=\"vc_tta-panel-heading\"><h4 class=\"vc_tta-panel-title vc_tta-controls-icon-position-left\"><a href=\"#01-advoc\" data-vc-accordion data-vc-container=\".vc_tta-container\"><span class=\"vc_tta-title-text\">Campus pride: ensuring safety on campus<\/span><i class=\"vc_tta-controls-icon vc_tta-controls-icon-plus\"><\/i><\/a><\/h4><\/div><div class=\"vc_tta-panel-body\">\n\t<div class=\"wpb_text_column wpb_content_element\" >\n\t\t<div class=\"wpb_wrapper\">\n\t\t\t<p><strong>In certain situations, human rights are about respect and understanding, but sometimes it\u2019s about acceptance.<\/strong><\/p>\n<p><strong>Campus Pride, <\/strong>funded through the Active Citizens Fund Romania, fights homophobia and transphobia, and increases LGBTIQ acceptance in universities throughout the country. Through the project, MozaiQ together with its partners PRIDE Association, Identity. Education Association and Samt\u00f6kin \u201878 F\u00e9lag hinsegin f\u00f3lks \u00e1 \u00cdslandi (Iceland), empowers students to self-organise and join forces to drive the change.<\/p>\n<p>The project builds on the impact that everyone can have in their own environment: in their circle of friends, at home, school, college, work, and so on. This creates safe spaces, better policies, and helps monitor discrimination within the university grounds. Together, students are building a climate of acceptance.<\/p>\n<p><em>\u201eThe diversity of students participating in our project and in our activities is stunning and quite frankly extraordinary. Students from all walks of life decided to get involved<\/em>, <em>to come together in solidarity to improve the situation of LGBTIQ students\u201d <\/em>, says Vlad Viski, executive director of MozaiQ organization. <em>\u00a0<\/em><\/p>\n<p><img loading=\"lazy\" decoding=\"async\" class=\"alignnone size-medium wp-image-57092\" src=\"https:\/\/activecitizensfund.ro\/wp-content\/uploads\/2021\/10\/Picture1-300x169.png\" alt=\"\" width=\"300\" height=\"169\" srcset=\"https:\/\/activecitizensfund.ro\/wp-content\/uploads\/2021\/10\/Picture1-300x169.png 300w, https:\/\/activecitizensfund.ro\/wp-content\/uploads\/2021\/10\/Picture1-18x10.png 18w, https:\/\/activecitizensfund.ro\/wp-content\/uploads\/2021\/10\/Picture1.png 624w\" sizes=\"auto, (max-width: 300px) 100vw, 300px\" \/><\/p>\n\n\t\t<\/div>\n\t<\/div>\n<div class=\"ubtn-ctn-right\"><a class=\"ubtn-link ult-adjust-bottom-margin ubtn-right ubtn-mini\" href=\"https:\/\/www.facebook.com\/CampusPrideRo\" ><button type=\"button\" id=\"ubtn-8042\"  class=\"ubtn ult-adjust-bottom-margin ult-responsive ubtn-mini ubtn-no-hover-bg  none  ubtn-right   tooltip-69f4cd75c63b6\"  data-hover=\"#29446f\" data-border-color=\"\" data-bg=\"#29446f\" data-hover-bg=\"#ffffff\" data-border-hover=\"\" data-shadow-hover=\"\" data-shadow-click=\"none\" data-shadow=\"\" data-shd-shadow=\"\"  data-ultimate-target='#ubtn-8042'  data-responsive-json-new='{\"font-size\":\"desktop:12px;\",\"line-height\":\"\"}'  style=\"font-style:italic;font-weight:bold;border:none;background: #29446f;color: #ffffff;\"><span class=\"ubtn-hover\" style=\"background-color:#ffffff\"><\/span><span class=\"ubtn-data ubtn-text\" >More details<\/span><\/button><\/a><\/div><\/div><\/div><div class=\"vc_tta-panel\" id=\"02-HfC\" data-vc-content=\".vc_tta-panel-body\"><div class=\"vc_tta-panel-heading\"><h4 class=\"vc_tta-panel-title vc_tta-controls-icon-position-left\"><a href=\"#02-HfC\" data-vc-accordion data-vc-container=\".vc_tta-container\"><span class=\"vc_tta-title-text\">Home for Cooperation: building bridges between communities<\/span><i class=\"vc_tta-controls-icon vc_tta-controls-icon-plus\"><\/i><\/a><\/h4><\/div><div class=\"vc_tta-panel-body\">\n\t<div class=\"wpb_text_column wpb_content_element\" >\n\t\t<div class=\"wpb_wrapper\">\n\t\t\t<p>One of the conditions for guaranteeing human rights is that people can live together in peace \u2013 even if they come from different communities. In Cyprus, Nicosia, <strong>the Association for Historical Dialogue and Research (AHDR)<\/strong> opened the <strong>Home for Cooperation (H4C)<\/strong>, a community center, right in the heart of the buffer zone. Hosting an extensive variety of cultural, artistic, and educational programmes, it functions as a shared space for inter-communal cooperation and dialogue.<\/p>\n<p><em>\u201eThe idea is that when people from different communities are given the opportunity to meet, share experiences, and work together, traumas can be healed, and divisions can be set aside. It is a place where true friendships are built, regardless of language barriers, religion and ethnicity\u201d, says Lefki Lambrou, Director of the Home for Cooperation.<\/em><\/p>\n\n\t\t<\/div>\n\t<\/div>\n<div class=\"ubtn-ctn-right\"><a class=\"ubtn-link ult-adjust-bottom-margin ubtn-right ubtn-mini\" href=\"https:\/\/www.home4cooperation.info\/\" ><button type=\"button\" id=\"ubtn-6723\"  class=\"ubtn ult-adjust-bottom-margin ult-responsive ubtn-mini ubtn-no-hover-bg  none  ubtn-right   tooltip-69f4cd75c66ba\"  data-hover=\"#29446f\" data-border-color=\"\" data-bg=\"#29446f\" data-hover-bg=\"#ffffff\" data-border-hover=\"\" data-shadow-hover=\"\" data-shadow-click=\"none\" data-shadow=\"\" data-shd-shadow=\"\"  data-ultimate-target='#ubtn-6723'  data-responsive-json-new='{\"font-size\":\"desktop:12px;\",\"line-height\":\"\"}'  style=\"font-style:italic;font-weight:bold;border:none;background: #29446f;color: #ffffff;\"><span class=\"ubtn-hover\" style=\"background-color:#ffffff\"><\/span><span class=\"ubtn-data ubtn-text\" >More details<\/span><\/button><\/a><\/div><\/div><\/div><div class=\"vc_tta-panel\" id=\"03-house2\" data-vc-content=\".vc_tta-panel-body\"><div class=\"vc_tta-panel-heading\"><h4 class=\"vc_tta-panel-title vc_tta-controls-icon-position-left\"><a href=\"#03-house2\" data-vc-accordion data-vc-container=\".vc_tta-container\"><span class=\"vc_tta-title-text\">House2: Providing a home for those who need it most<\/span><i class=\"vc_tta-controls-icon vc_tta-controls-icon-plus\"><\/i><\/a><\/h4><\/div><div class=\"vc_tta-panel-body\">\n\t<div class=\"wpb_text_column wpb_content_element\" >\n\t\t<div class=\"wpb_wrapper\">\n\t\t\t<p><strong>The House2 project<\/strong> is one of the initiatives in Athens that offers long-term shelter for young refugees. All children and adolescents are provided with housing, food and health care, social counselling, legal and psychological support, and information. In addition, House2 offers vocational guidance and training, entertainment and sports, Greek lessons and support with schoolwork. And, finally, House2 initiates and monitors procedures for family reunification. House2 is part of a housing network for underage refugees and has the goal to offer a new \u2013 second \u2013 home \u2013 to all young people who need the care.<\/p>\n<p><em>\u201eWe are running the shelter in the same way we are running our house: with care. You can see it in the furniture, the tiles, the walls. The project team consists of people with different educations and backgrounds, and we truly rely on their empathy, their problem solving, and their smiles\u201d, says Eirini Chazapi, who is a project manager at House2.<\/em><\/p>\n\n\t\t<\/div>\n\t<\/div>\n<div class=\"ubtn-ctn-right\"><a class=\"ubtn-link ult-adjust-bottom-margin ubtn-right ubtn-mini\" href=\"https:\/\/www.sman-athens.org\/house2\/\" ><button type=\"button\" id=\"ubtn-9612\"  class=\"ubtn ult-adjust-bottom-margin ult-responsive ubtn-mini ubtn-no-hover-bg  none  ubtn-right   tooltip-69f4cd75c69d0\"  data-hover=\"#29446f\" data-border-color=\"\" data-bg=\"#29446f\" data-hover-bg=\"#ffffff\" data-border-hover=\"\" data-shadow-hover=\"\" data-shadow-click=\"none\" data-shadow=\"\" data-shd-shadow=\"\"  data-ultimate-target='#ubtn-9612'  data-responsive-json-new='{\"font-size\":\"desktop:12px;\",\"line-height\":\"\"}'  style=\"font-style:italic;font-weight:bold;border:none;background: #29446f;color: #ffffff;\"><span class=\"ubtn-hover\" style=\"background-color:#ffffff\"><\/span><span class=\"ubtn-data ubtn-text\" >More details<\/span><\/button><\/a><\/div><\/div><\/div><\/div><\/div><\/div><\/div><div class=\"vc_empty_space\"   style=\"height: 32px\"><span class=\"vc_empty_space_inner\"><\/span><\/div><div class=\"ubtn-ctn-center\"><a class=\"ubtn-link ult-adjust-bottom-margin ubtn-center ubtn-block\" href=\"https:\/\/eeagrants.org\/civilsocietystartshere\" ><button type=\"button\" id=\"ubtn-6405\"  class=\"ubtn ult-adjust-bottom-margin ult-responsive ubtn-block ubtn-no-hover-bg  none  ubtn-sep-icon ubtn-sep-icon-left  ubtn-center   tooltip-69f4cd75c6c6b ubtn-block\"  data-hover=\"#29446f\" data-border-color=\"\" data-bg=\"#29446f\" data-hover-bg=\"#ffffff\" data-border-hover=\"\" data-shadow-hover=\"\" data-shadow-click=\"none\" data-shadow=\"\" data-shd-shadow=\"\"  data-ultimate-target='#ubtn-6405'  data-responsive-json-new='{\"font-size\":\"desktop:15px;\",\"line-height\":\"\"}'  style=\"font-weight:bold;border:none;background: #29446f;color: #ffffff;\"><span class=\"ubtn-data ubtn-icon\"><i class=\"icomoon-material-24x24-info_outline\" style=\"font-size:35px;color:#29446f;\"><\/i><\/span><span class=\"ubtn-hover\" style=\"background-color:#ffffff\"><\/span><span class=\"ubtn-data ubtn-text\" >Follow the link of the campaign!<\/span><\/button><\/a><\/div><div id=\"ultib3-288849086469f4cd75c6d06\" class=\"ultb3-box ult-adjust-bottom-margin\" style=\"\"><div id=\"Info-banner-wrap5599\" class=\"ultb3-info ib3-info-center\" data-animation=\"fadeInUp\" data-animation-delay=\"03\"><div class=\"ultb3-desc ult-responsive\"  data-ultimate-target='#Info-banner-wrap5599 .ultb3-desc'  data-responsive-json-new='{\"font-size\":\"\",\"line-height\":\"\"}'  style=\"font-weight:normal;\">Iceland, Liechtenstein and Norway aim to help safeguard Europe\u2019s fundamental values, such as democracy, the rule of law and equality. Through the EEA and Norway Grants, they fund projects that help promote democratic participation, support active citizenship, and protect human rights. Over \u20ac200 million have been allocated in the current funding period to promote democratic participation, support active citizenship, and protect human rights. In Romania, 46 million euro are allocated to civil society through the Active Citizens Fund.<\/div><\/div><\/div><style>\n\t\t\t\t\t#ultib3-288849086469f4cd75c6d06 {\n\t\t\t\t\t\tmin-height:50px;\n\t\t\t\t\t}\n\t\t\t\t\t#ultib3-288849086469f4cd75c6d06 img.ultb3-img {\n\t\t\t\t\t\theight: px;\n\t\t\t\t\t}\n\t\t\t\t\t#ultib3-288849086469f4cd75c6d06 .ultb3-btn {\n\t\t\t\t\t\tborder:2px solid #1e73be;border-radius:50px;color:#898989;\n\t\t\t\t\t}\n\t\t\t\t\t#ultib3-288849086469f4cd75c6d06 .ultb3-btn:hover {\n\t\t\t\t\t\tbackground:#1e73be;color:#ffffff;\n\t\t\t\t\t}\n\t\t\t\t<\/style><\/div><\/div><\/div><\/div>\n<\/div>","protected":false},"excerpt":{"rendered":"<p>A strong civil society is fundamental for a well-functioning democracy and an inclusive society. In the past few years, there have been some worrying trends across Europe, placing the civic space under pressure, therefore, supporting civil society is more important than ever. <\/p>","protected":false},"author":1,"featured_media":57193,"comment_status":"closed","ping_status":"closed","sticky":false,"template":"template-microsite.php","format":"standard","meta":{"footnotes":""},"categories":[211],"tags":[],"class_list":["post-57080","post","type-post","status-publish","format-standard","has-post-thumbnail","hentry","category-stiri","category-211","description-off"],"_links":{"self":[{"href":"https:\/\/activecitizensfund.ro\/en\/wp-json\/wp\/v2\/posts\/57080","targetHints":{"allow":["GET"]}}],"collection":[{"href":"https:\/\/activecitizensfund.ro\/en\/wp-json\/wp\/v2\/posts"}],"about":[{"href":"https:\/\/activecitizensfund.ro\/en\/wp-json\/wp\/v2\/types\/post"}],"author":[{"embeddable":true,"href":"https:\/\/activecitizensfund.ro\/en\/wp-json\/wp\/v2\/users\/1"}],"replies":[{"embeddable":true,"href":"https:\/\/activecitizensfund.ro\/en\/wp-json\/wp\/v2\/comments?post=57080"}],"version-history":[{"count":8,"href":"https:\/\/activecitizensfund.ro\/en\/wp-json\/wp\/v2\/posts\/57080\/revisions"}],"predecessor-version":[{"id":57091,"href":"https:\/\/activecitizensfund.ro\/en\/wp-json\/wp\/v2\/posts\/57080\/revisions\/57091"}],"wp:featuredmedia":[{"embeddable":true,"href":"https:\/\/activecitizensfund.ro\/en\/wp-json\/wp\/v2\/media\/57193"}],"wp:attachment":[{"href":"https:\/\/activecitizensfund.ro\/en\/wp-json\/wp\/v2\/media?parent=57080"}],"wp:term":[{"taxonomy":"category","embeddable":true,"href":"https:\/\/activecitizensfund.ro\/en\/wp-json\/wp\/v2\/categories?post=57080"},{"taxonomy":"post_tag","embeddable":true,"href":"https:\/\/activecitizensfund.ro\/en\/wp-json\/wp\/v2\/tags?post=57080"}],"curies":[{"name":"wp","href":"https:\/\/api.w.org\/{rel}","templated":true}]}}