{"id":57390,"date":"2022-01-27T14:58:52","date_gmt":"2022-01-27T12:58:52","guid":{"rendered":"https:\/\/activecitizensfund.ro\/?p=57390"},"modified":"2022-03-20T22:43:54","modified_gmt":"2022-03-20T20:43:54","slug":"laura-albu-visez-la-acest-proiect-de-mult-timp","status":"publish","type":"post","link":"https:\/\/activecitizensfund.ro\/en\/laura-albu-visez-la-acest-proiect-de-mult-timp\/","title":{"rendered":"Interview: Laura Albu: I have been dreaming of this project for a long time. Gloria Steinem\u2019s voice as a feminist icon follows me at every step!"},"content":{"rendered":"<div class=\"wpb-content-wrapper\"><div class=\"vc_row wpb_row vc_row-fluid vc_custom_1643286288800\"><div class=\"wpb_column vc_column_container vc_col-sm-12\"><div class=\"vc_column-inner\"><div class=\"wpb_wrapper\"><blockquote class=\"text-big fadeInDown animate-element shortcode-blockquote\"><p>A warm conversation about gender equality with Laura Albu, President of Community Safety and Mediation Center Foundation and Executive President of Romanian Women\u2019s Lobby and Jorgen Lorenzen, Director of the Norwegian Association Foreningen Hedda<\/p>\n<\/blockquote><\/div><\/div><\/div><\/div><div class=\"vc_row wpb_row vc_row-fluid vc_custom_1643286176451\"><div class=\"wpb_column vc_column_container vc_col-sm-12\"><div class=\"vc_column-inner\"><div class=\"wpb_wrapper\"><div class=\"dt-fancy-separator title-left text-big accent-border-color\" style=\"width: 100%;\"><div class=\"dt-fancy-title bg-on\"><span class=\"separator-holder separator-left\"><\/span>What is the story of the \u201eGloria-feminism and strategic approach of gender equality\u201d project?<span class=\"separator-holder separator-right\"><\/span><\/div><\/div><\/div><\/div><\/div><\/div><div class=\"vc_row wpb_row vc_row-fluid vc_custom_1643286196797 vc_row-o-equal-height vc_row-o-content-middle vc_row-flex\"><div class=\"wpb_column vc_column_container vc_col-sm-3\"><div class=\"vc_column-inner vc_custom_1643287004418\"><div class=\"wpb_wrapper\"><div class=\"ult-ih-container ult-adjust-bottom-margin\" >\t<ul class=\"ult-ih-list\"  data-shape=\"circle\"  data-width=\"250\"  data-height=\"250\"  style=\"text-align:center; \"><li id=\"ult-ih-list-item-3323\" class=\"ult-ih-list-item\" style=\"height: 250px; width: 250px;  margin: 15px\"><div style=\"height: 250px; width: 250px; \" class=\"ult-ih-item ult-ih-effect2  ult-ih-right_to_left\"><div class=\"ult-ih-image-block\" style=\"height: 250px; width: 250px; \">\t<div class=\"ult-ih-wrapper\" style=\"border-style: solid; border-color: rgba(255,255,255,0.2); border-width: 20px;\"><\/div>\t<img decoding=\"async\" class=\"ult-ih-image\" src=\"https:\/\/activecitizensfund.ro\/wp-content\/uploads\/2022\/01\/Site-1.jpeg\" alt=\"null\"><\/div><div class=\"ult-ih-info\" style=\"background-color: #29446f; \">\t<div class=\"ult-ih-info-back\">\t<div class=\"ult-ih-content\">\t\t\t<div class=\"ult-ih-heading-block\" style=\"\">\t\t\t\t<h3 class=\"ult-ih-heading ult-responsive\" style=\"color:#ffffff;\"  data-ultimate-target='#ult-ih-list-item-3323 .ult-ih-heading'  data-responsive-json-new='{\"font-size\":\"desktop:22px;\",\"line-height\":\"desktop:28px;\"}' >GLORIA<\/h3>\t\t\t<\/div>\t\t\t<div class=\"ult-ih-divider-block\" style=\"height:1px;\">\t\t\t\t<span class=\"ult-ih-line\" style=\"border-style:solid;border-color:rgba(255,255,255,0.75);width:100px;border-width:1px;\"><\/span>\t\t\t<\/div>\t\t\t<div class=\"ult-ih-description-block\" style=\"\">\t\t\t\t<div class=\"ult-ih-description ult-responsive\" style=\"color:#ffffff;\"  data-ultimate-target='#ult-ih-list-item-3323 .ult-ih-description, #ult-ih-list-item-3323 .ult-ih-description p'  data-responsive-json-new='{\"font-size\":\"desktop:12px;\",\"line-height\":\"desktop:18px;\"}' ><p>feminismul \u0219i abordarea strategic\u0103 a egalit\u0103\u021bii de gen<\/p>\n\t\t\t\t<\/div>\t\t\t<\/div>\t<\/div>\t<\/div><\/div><\/div><\/li>\t<\/ul><\/div><\/div><\/div><\/div><div class=\"wpb_column vc_column_container vc_col-sm-9\"><div class=\"vc_column-inner\"><div class=\"wpb_wrapper\"><q class=\"text-big fadeIn animate-element shortcode-pullquote wf-cell align-left wf-1\"><p>I have been dreaming of this project for a long time. Gloria Steinem\u2019s voice as a feminist icon follows me at every step! (Hence the inspiration for the title of the project). I had the chance to meet her few years ago in Brussels and my dreams became clearer after a discussion with her.<\/p>\n<p>We wrote this project because we wanted to create a constant and strong movement to support structural changes in the lives of girls and women in Romania through the member organizations of the Romanian Women's Lobby.<\/p>\n<p>We wanted to \"steal\" good practices and expertise from the inspirational people we met at European level and in neighbouring countries. I am thinking of our project partners Malgorzata Tarasiewicz from Poland, Iliana Balabanova from Bulgaria, Reka Safrany and Borbala Juhacz from Hungary, Jorgen Lorentzen from Norway. Also, within this project we want to address some of the issues inside our umbrella organization such as the lack of resources for the member organisations, the lack of resources for a professional secretariat for Romanian Women's Lobby (as the one of the European Women's Lobby in Brussels). <em><strong>The lack of a common approach in the feminist movement and the fear of this concept.<\/strong><\/em><\/p>\n<\/q><div class=\"dt-fancy-separator title-right\" style=\"width: 100%;\"><div class=\"dt-fancy-title\"><span class=\"separator-holder separator-left\"><\/span>Laura<span class=\"separator-holder separator-right\"><\/span><\/div><\/div><\/div><\/div><\/div><\/div><div class=\"vc_row wpb_row vc_row-fluid vc_custom_1643287075451\"><div class=\"wpb_column vc_column_container vc_col-sm-12\"><div class=\"vc_column-inner\"><div class=\"wpb_wrapper\"><div class=\"dt-fancy-separator title-left text-big accent-border-color\" style=\"width: 100%;\"><div class=\"dt-fancy-title bg-on\"><span class=\"separator-holder separator-left\"><\/span>Jorgen, tell us about your organisation, Foreningen Hedda, what is doing in Norway and what was the trigger to involve in a project in Romania?<span class=\"separator-holder separator-right\"><\/span><\/div><\/div><\/div><\/div><\/div><\/div><div class=\"vc_row wpb_row vc_row-fluid vc_custom_1643286196797 vc_row-o-equal-height vc_row-o-content-middle vc_row-flex\"><div class=\"wpb_column vc_column_container vc_col-sm-12\"><div class=\"vc_column-inner vc_custom_1643287004418\"><div class=\"wpb_wrapper\"><q class=\"text-big fadeIn animate-element shortcode-pullquote wf-cell align-left wf-1\"><p>The name <strong>Hedda<\/strong> is inspired from the famous Norwegian author Henrik Ibsen\u2019s strong feminist drama called Hedda Gabler from 1890.<\/p>\n<p>We wanted to bring Hedda alive in our time as a part of our work with gender equality and democracy issues. HEDDA is at the same time an acronym for Human rights, Equality, Democracy, Development and Art, which are broadly our work areas. We established the organization to focus on international work, consequently Hedda is not involved in any domestic projects. We have had several cooperation\u2019s with countries like Bulgaria, Hungary and Romania, and our experiences of working with people and organizations from these countries has been inspiring and fruitful. Since the project \u201eGloria-feminism and strategic approach of gender equality\u201d in Romania has a clear feminist perspective it was imperative for us to participate.<\/p>\n<\/q><div class=\"dt-fancy-separator title-right\" style=\"width: 100%;\"><div class=\"dt-fancy-title\"><span class=\"separator-holder separator-left\"><\/span>Jorgen<span class=\"separator-holder separator-right\"><\/span><\/div><\/div><\/div><\/div><\/div><\/div><div class=\"vc_row wpb_row vc_row-fluid vc_custom_1643287075451\"><div class=\"wpb_column vc_column_container vc_col-sm-12\"><div class=\"vc_column-inner\"><div class=\"wpb_wrapper\"><div class=\"dt-fancy-separator title-left text-big accent-border-color\" style=\"width: 100%;\"><div class=\"dt-fancy-title bg-on\"><span class=\"separator-holder separator-left\"><\/span>Can you share with us good practices on gender equality successfully implemented in Norway? How suitable are they for Romania?<span class=\"separator-holder separator-right\"><\/span><\/div><\/div><\/div><\/div><\/div><\/div><div class=\"vc_row wpb_row vc_row-fluid vc_custom_1643286196797 vc_row-o-equal-height vc_row-o-content-middle vc_row-flex\"><div class=\"wpb_column vc_column_container vc_col-sm-3\"><div class=\"vc_column-inner vc_custom_1643287004418\"><div class=\"wpb_wrapper\"><div class=\"ult-ih-container ult-adjust-bottom-margin\" >\t<ul class=\"ult-ih-list\"  data-shape=\"circle\"  data-width=\"250\"  data-height=\"250\"  style=\"text-align:center; \"><li id=\"ult-ih-list-item-7927\" class=\"ult-ih-list-item\" style=\"height: 250px; width: 250px;  margin: 15px\"><div style=\"height: 250px; width: 250px; \" class=\"ult-ih-item ult-ih-effect2  ult-ih-right_to_left\"><div class=\"ult-ih-image-block\" style=\"height: 250px; width: 250px; \">\t<div class=\"ult-ih-wrapper\" style=\"border-style: solid; border-color: rgba(255,255,255,0.2); border-width: 20px;\"><\/div>\t<img decoding=\"async\" class=\"ult-ih-image\" src=\"https:\/\/activecitizensfund.ro\/wp-content\/uploads\/2022\/01\/Site-2.jpg\" alt=\"null\"><\/div><div class=\"ult-ih-info\" style=\"background-color: #29446f; \">\t<div class=\"ult-ih-info-back\">\t<div class=\"ult-ih-content\">\t\t\t<div class=\"ult-ih-heading-block\" style=\"\">\t\t\t\t<h3 class=\"ult-ih-heading ult-responsive\" style=\"color:#ffffff;\"  data-ultimate-target='#ult-ih-list-item-7927 .ult-ih-heading'  data-responsive-json-new='{\"font-size\":\"desktop:22px;\",\"line-height\":\"desktop:28px;\"}' >GLORIA<\/h3>\t\t\t<\/div>\t\t\t<div class=\"ult-ih-divider-block\" style=\"height:1px;\">\t\t\t\t<span class=\"ult-ih-line\" style=\"border-style:solid;border-color:rgba(255,255,255,0.75);width:100px;border-width:1px;\"><\/span>\t\t\t<\/div>\t\t\t<div class=\"ult-ih-description-block\" style=\"\">\t\t\t\t<div class=\"ult-ih-description ult-responsive\" style=\"color:#ffffff;\"  data-ultimate-target='#ult-ih-list-item-7927 .ult-ih-description, #ult-ih-list-item-7927 .ult-ih-description p'  data-responsive-json-new='{\"font-size\":\"desktop:12px;\",\"line-height\":\"desktop:18px;\"}' ><p>feminismul \u0219i abordarea strategic\u0103 a egalit\u0103\u021bii de gen<\/p>\n\t\t\t\t<\/div>\t\t\t<\/div>\t<\/div>\t<\/div><\/div><\/div><\/li>\t<\/ul><\/div><\/div><\/div><\/div><div class=\"wpb_column vc_column_container vc_col-sm-9\"><div class=\"vc_column-inner\"><div class=\"wpb_wrapper\"><q class=\"text-big fadeIn animate-element shortcode-pullquote wf-cell align-left wf-1\"><p>I think it is crucial to work closely with political processes and political parties. The feminist movement in Norway early aligned themselves with politics, and that is one reason why we got the very important gender equality law in Norway in 1978. It has been an important tool to fight for and establish gender equality across varied sectors within the country. I will also mention the Law on Crisis Center from 2010, which makes it obligatory for local municipalities to provide shelters for victims of intimate violence. This has significantly contributed to a decrease in violence in intimate relationships in Norway. It is of course important for me to mention the work we have done on men and masculinities and involving men in the perspectives on gender equality. I firmly believe that without having men as partners in the fight for gender equality, it will be difficult to achieve it.<\/p>\n<\/q><div class=\"dt-fancy-separator title-right\" style=\"width: 100%;\"><div class=\"dt-fancy-title\"><span class=\"separator-holder separator-left\"><\/span>Jorgen<span class=\"separator-holder separator-right\"><\/span><\/div><\/div><\/div><\/div><\/div><\/div><div class=\"vc_row wpb_row vc_row-fluid vc_custom_1643287075451\"><div class=\"wpb_column vc_column_container vc_col-sm-12\"><div class=\"vc_column-inner\"><div class=\"wpb_wrapper\"><div class=\"dt-fancy-separator title-left text-big accent-border-color\" style=\"width: 100%;\"><div class=\"dt-fancy-title bg-on\"><span class=\"separator-holder separator-left\"><\/span>What does it mean for you an #impactful project? Is this project one with #Impact? Why?<span class=\"separator-holder separator-right\"><\/span><\/div><\/div><\/div><\/div><\/div><\/div><div class=\"vc_row wpb_row vc_row-fluid vc_custom_1643286196797 vc_row-o-equal-height vc_row-o-content-middle vc_row-flex\"><div class=\"wpb_column vc_column_container vc_col-sm-6\"><div class=\"vc_column-inner vc_custom_1643287004418\"><div class=\"wpb_wrapper\"><q class=\"text-big fadeIn animate-element shortcode-pullquote wf-cell align-left wf-1\"><p>What is the meaning of a project without impact? I have never taken part in any project that does not have a clear focus on impact and results.<\/p>\n<p>The \u201eGloria-feminism and strategic approach of gender equality\u201d project is run by organizations that want to see changes in Romania and are putting all their energy into creating these changes into a more democratic country where women are contributing on all levels. That is why it is so important to raise public awareness, getting women involved, give them adequate training, focus on gender budgeting, and of course learn from best practices from other countries. This is a very important project and part of a larger egalitarian movement that can produce changes to the best for the country \u2013 for both men and women.<\/p>\n<\/q><div class=\"dt-fancy-separator title-right\" style=\"width: 100%;\"><div class=\"dt-fancy-title\"><span class=\"separator-holder separator-left\"><\/span>Jorgen<span class=\"separator-holder separator-right\"><\/span><\/div><\/div><\/div><\/div><\/div><div class=\"wpb_column vc_column_container vc_col-sm-6\"><div class=\"vc_column-inner\"><div class=\"wpb_wrapper\"><q class=\"text-big fadeIn animate-element shortcode-pullquote wf-cell align-left wf-1\"><p>A project that changes self-perception and creates solidarity, collaboration and a safe space for sharing common problems and solutions. I think our project is one with #Impact, because it generates \"oxygen\" bubbles for small or large organizations, members of the Romanian Women's Lobby.<\/p>\n<\/q><div class=\"dt-fancy-separator title-right\" style=\"width: 100%;\"><div class=\"dt-fancy-title\"><span class=\"separator-holder separator-left\"><\/span>Laura<span class=\"separator-holder separator-right\"><\/span><\/div><\/div><\/div><\/div><\/div><\/div><div class=\"vc_row wpb_row vc_row-fluid vc_custom_1643287075451\"><div class=\"wpb_column vc_column_container vc_col-sm-12\"><div class=\"vc_column-inner\"><div class=\"wpb_wrapper\"><div class=\"dt-fancy-separator title-left text-big accent-border-color\" style=\"width: 100%;\"><div class=\"dt-fancy-title bg-on\"><span class=\"separator-holder separator-left\"><\/span>What #Impactful changes would you like to see as a result of the project?<span class=\"separator-holder separator-right\"><\/span><\/div><\/div><\/div><\/div><\/div><\/div><div class=\"vc_row wpb_row vc_row-fluid vc_custom_1643286196797 vc_row-o-equal-height vc_row-o-content-middle vc_row-flex\"><div class=\"wpb_column vc_column_container vc_col-sm-3\"><div class=\"vc_column-inner vc_custom_1643287004418\"><div class=\"wpb_wrapper\"><div class=\"ult-ih-container ult-adjust-bottom-margin\" >\t<ul class=\"ult-ih-list\"  data-shape=\"circle\"  data-width=\"250\"  data-height=\"250\"  style=\"text-align:center; \"><li id=\"ult-ih-list-item-9046\" class=\"ult-ih-list-item\" style=\"height: 250px; width: 250px;  margin: 15px\"><div style=\"height: 250px; width: 250px; \" class=\"ult-ih-item ult-ih-effect2  ult-ih-right_to_left\"><div class=\"ult-ih-image-block\" style=\"height: 250px; width: 250px; \">\t<div class=\"ult-ih-wrapper\" style=\"border-style: solid; border-color: rgba(255,255,255,0.2); border-width: 20px;\"><\/div>\t<img decoding=\"async\" class=\"ult-ih-image\" src=\"https:\/\/activecitizensfund.ro\/wp-content\/uploads\/2022\/01\/Site-3-scaled.jpg\" alt=\"null\"><\/div><div class=\"ult-ih-info\" style=\"background-color: #29446f; \">\t<div class=\"ult-ih-info-back\">\t<div class=\"ult-ih-content\">\t\t\t<div class=\"ult-ih-heading-block\" style=\"\">\t\t\t\t<h3 class=\"ult-ih-heading ult-responsive\" style=\"color:#ffffff;\"  data-ultimate-target='#ult-ih-list-item-9046 .ult-ih-heading'  data-responsive-json-new='{\"font-size\":\"desktop:22px;\",\"line-height\":\"desktop:28px;\"}' >GLORIA<\/h3>\t\t\t<\/div>\t\t\t<div class=\"ult-ih-divider-block\" style=\"height:1px;\">\t\t\t\t<span class=\"ult-ih-line\" style=\"border-style:solid;border-color:rgba(255,255,255,0.75);width:100px;border-width:1px;\"><\/span>\t\t\t<\/div>\t\t\t<div class=\"ult-ih-description-block\" style=\"\">\t\t\t\t<div class=\"ult-ih-description ult-responsive\" style=\"color:#ffffff;\"  data-ultimate-target='#ult-ih-list-item-9046 .ult-ih-description, #ult-ih-list-item-9046 .ult-ih-description p'  data-responsive-json-new='{\"font-size\":\"desktop:12px;\",\"line-height\":\"desktop:18px;\"}' ><p>feminismul \u0219i abordarea strategic\u0103 a egalit\u0103\u021bii de gen<\/p>\n\t\t\t\t<\/div>\t\t\t<\/div>\t<\/div>\t<\/div><\/div><\/div><\/li>\t<\/ul><\/div><\/div><\/div><\/div><div class=\"wpb_column vc_column_container vc_col-sm-9\"><div class=\"vc_column-inner\"><div class=\"wpb_wrapper\"><q class=\"text-big fadeIn animate-element shortcode-pullquote wf-cell align-left wf-1\"><p>At the end of the project I would like to see stronger organizations that have better organizational capacity and a clearer image in terms of their long-term vision and mission. Also, I would like to see them wearing \u201efeminist\u201d glasses on their noses while working courageously on issues related to gender equality. I want the organizations to know exactly where they can find help when they need  mentoring in terms of gender equality. Finally, for the Romanian Women's Lobby \u2013 my wish is to be structurally present in key policies concerning the lives of girls and women in Romania in order to improve their lives.<\/p>\n<\/q><div class=\"dt-fancy-separator title-right\" style=\"width: 100%;\"><div class=\"dt-fancy-title\"><span class=\"separator-holder separator-left\"><\/span>Laura<span class=\"separator-holder separator-right\"><\/span><\/div><\/div><\/div><\/div><\/div><\/div><div class=\"vc_row wpb_row vc_row-fluid vc_custom_1643287075451\"><div class=\"wpb_column vc_column_container vc_col-sm-12\"><div class=\"vc_column-inner\"><div class=\"wpb_wrapper\"><div class=\"dt-fancy-separator title-left text-big accent-border-color\" style=\"width: 100%;\"><div class=\"dt-fancy-title bg-on\"><span class=\"separator-holder separator-left\"><\/span>What was the best moment in the project? What about the most difficult one?<span class=\"separator-holder separator-right\"><\/span><\/div><\/div><\/div><\/div><\/div><\/div><div class=\"vc_row wpb_row vc_row-fluid vc_custom_1643286196797 vc_row-o-equal-height vc_row-o-content-middle vc_row-flex\"><div class=\"wpb_column vc_column_container vc_col-sm-6\"><div class=\"vc_column-inner vc_custom_1643287004418\"><div class=\"wpb_wrapper\"><q class=\"text-big fadeIn animate-element shortcode-pullquote wf-cell align-left wf-1\"><p>The most beautiful moment was the feminist \"marathon\u201d we overtook for 4 consecutive days, starting from Ia\u0219i, passing through Neam\u021b, Bra\u015fov, and S\u0103cele. It allowed us to meet with most of the member organizations of the Romanian Women's Lobby with whom we discussed about their expectations, needs and future plans, having with us new experts from Romania, Norway, Poland, Bulgaria.<\/p>\n<p>The most difficult moment was the one when we had to cancel a feminist event because of procurement procedures we had not been aware of in the initial planning. We had to announce 50 girls and women who had registered the event that it will be rescheduled for 2022, which was a big disappointment for us and them.<\/p>\n<\/q><div class=\"dt-fancy-separator title-right\" style=\"width: 100%;\"><div class=\"dt-fancy-title\"><span class=\"separator-holder separator-left\"><\/span>Laura<span class=\"separator-holder separator-right\"><\/span><\/div><\/div><\/div><\/div><\/div><div class=\"wpb_column vc_column_container vc_col-sm-6\"><div class=\"vc_column-inner\"><div class=\"wpb_wrapper\"><q class=\"text-big fadeIn animate-element shortcode-pullquote wf-cell align-left wf-1\"><p>So far, the best moment in the project has been the feminist road trip that we had through Romania, from the north to the south, visiting several places and women organizations. This experience tells me that there is a lot to be done! Talking about the difficult moment in the project, I think Covid-19 pandemic has made it difficult to fully engage with all the partners and organisations involved within the project. Barring that, I haven\u2019t thus far encountered any other difficulties within the project.<\/p>\n<\/q><div class=\"dt-fancy-separator title-right\" style=\"width: 100%;\"><div class=\"dt-fancy-title\"><span class=\"separator-holder separator-left\"><\/span>Jorgen<span class=\"separator-holder separator-right\"><\/span><\/div><\/div><\/div><\/div><\/div><\/div><div class=\"vc_row wpb_row vc_row-fluid vc_custom_1643287075451\"><div class=\"wpb_column vc_column_container vc_col-sm-12\"><div class=\"vc_column-inner\"><div class=\"wpb_wrapper\"><div class=\"dt-fancy-separator title-left text-big accent-border-color\" style=\"width: 100%;\"><div class=\"dt-fancy-title bg-on\"><span class=\"separator-holder separator-left\"><\/span>Laura, what\u2019s next?<span class=\"separator-holder separator-right\"><\/span><\/div><\/div><\/div><\/div><\/div><\/div><div class=\"vc_row wpb_row vc_row-fluid vc_custom_1643286196797 vc_row-o-equal-height vc_row-o-content-middle vc_row-flex\"><div class=\"wpb_column vc_column_container vc_col-sm-12\"><div class=\"vc_column-inner vc_custom_1643287004418\"><div class=\"wpb_wrapper\"><q class=\"text-big fadeIn animate-element shortcode-pullquote wf-cell align-left wf-1\"><p>Plenty of events and wonderful activities will follow. We are happy that we still have ahead us one year and a half from the implementation period and hopefully, the pandemic will not block us as much as it did until now. Feminist events, activities planned to take place in the countryside, trainings on various topics, a movie about women who change the world, and many other things will take place in the coming period.<\/p>\n<\/q><div class=\"dt-fancy-separator title-right\" style=\"width: 100%;\"><div class=\"dt-fancy-title\"><span class=\"separator-holder separator-left\"><\/span>Laura<span class=\"separator-holder separator-right\"><\/span><\/div><\/div><\/div><\/div><\/div><\/div><div class=\"vc_row wpb_row vc_row-fluid vc_custom_1643287075451\"><div class=\"wpb_column vc_column_container vc_col-sm-12\"><div class=\"vc_column-inner\"><div class=\"wpb_wrapper\"><div class=\"dt-fancy-separator title-left text-big accent-border-color\" style=\"width: 100%;\"><div class=\"dt-fancy-title bg-on\"><span class=\"separator-holder separator-left\"><\/span>What is your message for the fans of the Active Citizens Fund Romania Programme?<span class=\"separator-holder separator-right\"><\/span><\/div><\/div><\/div><\/div><\/div><\/div><div class=\"vc_row wpb_row vc_row-fluid vc_custom_1643286196797 vc_row-o-equal-height vc_row-o-content-middle vc_row-flex\"><div class=\"wpb_column vc_column_container vc_col-sm-6\"><div class=\"vc_column-inner vc_custom_1643287004418\"><div class=\"wpb_wrapper\"><q class=\"text-big fadeIn animate-element shortcode-pullquote wf-cell align-left wf-1\"><p>Any activity can have an impact and meaning if the models we use in projects are the proper ones, inspirational and strengthen organisations and people. Even if the impact might seem small-scale at the beginning, we will be those who will create a small wave as we step into the sea to (a huge) one that rises and reaches other shores which we would never have imagined.<\/p>\n<\/q><div class=\"dt-fancy-separator title-right\" style=\"width: 100%;\"><div class=\"dt-fancy-title\"><span class=\"separator-holder separator-left\"><\/span>Laura<span class=\"separator-holder separator-right\"><\/span><\/div><\/div><\/div><\/div><\/div><div class=\"wpb_column vc_column_container vc_col-sm-6\"><div class=\"vc_column-inner\"><div class=\"wpb_wrapper\"><q class=\"text-big fadeIn animate-element shortcode-pullquote wf-cell align-left wf-1\"><p>We would like to encourage ACF audience to find partners in Norway because even if looks difficult sometimes to implement certain things in your own country, sharing ideas and solutions with other people is always helpful, because it takes you out of your comfort zone and helps you build new paths.<\/p>\n<\/q><div class=\"dt-fancy-separator title-right\" style=\"width: 100%;\"><div class=\"dt-fancy-title\"><span class=\"separator-holder separator-left\"><\/span>Jorgen<span class=\"separator-holder separator-right\"><\/span><\/div><\/div><\/div><\/div><\/div><\/div><div class=\"vc_row wpb_row vc_row-fluid vc_custom_1643286263566\"><div class=\"wpb_column vc_column_container vc_col-sm-12\"><div class=\"vc_column-inner\"><div class=\"wpb_wrapper\"><div class=\"aio-icon-component    style_1\"><div id=\"Info-box-wrap-3910\" class=\"aio-icon-box default-icon\" style=\"\"  ><div class=\"aio-icon-description ult-responsive\"  data-ultimate-target='#Info-box-wrap-3910 .aio-icon-description'  data-responsive-json-new='{\"font-size\":\"\",\"line-height\":\"\"}'  style=\"\">The \u201eGloria-feminism and strategic approach of gender equality\u201d project is implemented by Centrul de Mediere \u0219i Securitate Comunitar\u0103 in partnership with Romanian Women\u2019s Lobby Association, Hedda Association, Bulgarian Platform of European Women's Lobby, The Network of East-West Women and Magyar N\u00f6i Erdek\u00e9rv\u00e9nyesit\u00f6 Sz\u00f6vets\u00e9g\/ Hungarian Women\u2019s Lobby, with the financial support of the Active Citizens Fund Romania, programme funded by Iceland, Liechtenstein and Norway through the EEA Grants 2014-2021. The project aims to support the 22 member NGOs in Romanian Women's Lobby through organizational development, strengthening the role of monitoring and advocacy on women's rights, gender equality and combating gender-based violence to achieve a strategic approach, strengthen financial and organizational resources and increasing the capacity to raise public awareness of the problems faced by women beneficiaries of NGO services. The project continues until 2023, and for more details visit:<a href=\"https:\/\/www.cmsc.ro\/projects-programs\/gloria-feminism-and-strategic-approach-of-gender-equality.\">https:\/\/www.cmsc.ro\/projects-programs\/gloria-feminism-and-strategic-approach-of-gender-equality.<\/a><\/div> <!-- description --><\/div> <!-- aio-icon-box --><\/div> <!-- aio-icon-component --><\/div><\/div><\/div><\/div><div class=\"vc_row wpb_row vc_row-fluid vc_custom_1643286275818\"><div class=\"wpb_column vc_column_container vc_col-sm-12\"><div class=\"vc_column-inner\"><div class=\"wpb_wrapper\"><div class=\"dt-fancy-separator\" style=\"width: 100%;\"><div class=\"dt-fancy-title bg-on\"><span class=\"separator-holder separator-left\"><\/span>Working together for a green, competitive and inclusive Europe!<span class=\"separator-holder separator-right\"><\/span><\/div><\/div><\/div><\/div><\/div><\/div>\n<\/div>","protected":false},"excerpt":{"rendered":"<p>A warm conversation about gender equality with Laura Albu, President of Community Safety and Mediation Center Foundation and Executive President of Romanian Women\u2019s Lobby and Jorgen Lorenzen, Director of the Norwegian Association Foreningen Hedda<\/p>","protected":false},"author":1,"featured_media":57386,"comment_status":"closed","ping_status":"closed","sticky":false,"template":"","format":"standard","meta":{"footnotes":""},"categories":[253,252],"tags":[],"class_list":["post-57390","post","type-post","status-publish","format-standard","has-post-thumbnail","hentry","category-egalitate-de-gen-si-violenta-de-gen","category-povesti-cu-impact","category-253","category-252","description-off"],"_links":{"self":[{"href":"https:\/\/activecitizensfund.ro\/en\/wp-json\/wp\/v2\/posts\/57390","targetHints":{"allow":["GET"]}}],"collection":[{"href":"https:\/\/activecitizensfund.ro\/en\/wp-json\/wp\/v2\/posts"}],"about":[{"href":"https:\/\/activecitizensfund.ro\/en\/wp-json\/wp\/v2\/types\/post"}],"author":[{"embeddable":true,"href":"https:\/\/activecitizensfund.ro\/en\/wp-json\/wp\/v2\/users\/1"}],"replies":[{"embeddable":true,"href":"https:\/\/activecitizensfund.ro\/en\/wp-json\/wp\/v2\/comments?post=57390"}],"version-history":[{"count":19,"href":"https:\/\/activecitizensfund.ro\/en\/wp-json\/wp\/v2\/posts\/57390\/revisions"}],"predecessor-version":[{"id":57705,"href":"https:\/\/activecitizensfund.ro\/en\/wp-json\/wp\/v2\/posts\/57390\/revisions\/57705"}],"wp:featuredmedia":[{"embeddable":true,"href":"https:\/\/activecitizensfund.ro\/en\/wp-json\/wp\/v2\/media\/57386"}],"wp:attachment":[{"href":"https:\/\/activecitizensfund.ro\/en\/wp-json\/wp\/v2\/media?parent=57390"}],"wp:term":[{"taxonomy":"category","embeddable":true,"href":"https:\/\/activecitizensfund.ro\/en\/wp-json\/wp\/v2\/categories?post=57390"},{"taxonomy":"post_tag","embeddable":true,"href":"https:\/\/activecitizensfund.ro\/en\/wp-json\/wp\/v2\/tags?post=57390"}],"curies":[{"name":"wp","href":"https:\/\/api.w.org\/{rel}","templated":true}]}}