{"id":57733,"date":"2022-08-20T15:41:21","date_gmt":"2022-08-20T12:41:21","guid":{"rendered":"https:\/\/activecitizensfund.ro\/?p=57733"},"modified":"2022-09-06T21:36:41","modified_gmt":"2022-09-06T18:36:41","slug":"apel-selectie-trillenials-an-2022-2023","status":"publish","type":"post","link":"https:\/\/activecitizensfund.ro\/en\/apel-selectie-trillenials-an-2022-2023\/","title":{"rendered":"APEL SELEC\u021aIE #TRILLENIALS \u2013 AN 2022\/ 2023"},"content":{"rendered":"<div class=\"wpb-content-wrapper\"><section class=\"vc_section\"><div class=\"vc_row wpb_row vc_row-fluid vc_column-gap-10 vc_row-o-equal-height vc_row-flex\"><div class=\"wpb_column vc_column_container vc_col-sm-6\"><div class=\"vc_column-inner\"><div class=\"wpb_wrapper\"><div class=\"ult-content-box-container\" >\t\t<div class=\"ult-content-box\" style=\"background-color:#00997a;box-shadow: px px px px none;border-style:none;border-color:#ffffff;padding:15px;min-height:300px;-webkit-transition: all 700ms ease;-moz-transition: all 700ms ease;-ms-transition: all 700ms ease;-o-transition: all 700ms ease;transition: all 700ms ease;\"  data-hover_box_shadow=\"none\"     data-bg=\"#00997a\"  data-border_color=\"#ffffff\" >\n\t<div class=\"wpb_text_column wpb_content_element  whitetext\" >\n\t\t<div class=\"wpb_wrapper\">\n\t\t\t<p><span style=\"color: #ffffff;\">Te implici (activ) \u00eentr-un ONG \u0219i vrei s\u0103-\u021bi dezvol\u021bi competen\u021be necesare de lucru \u00een domeniul neguvernamental? Vrei s\u0103 \u00eenve\u021bi mai multe despre societatea civil\u0103, despre munca \u00een ONG \u0219i despre cum po\u021bi s\u0103 transformi \u00een (mai) bine comunitatea ta? Vrei \u0219i po\u021bi s\u0103-\u021bi dedici timp \u0219i energie pentru aceste lucruri?<\/span><\/p>\n\n\t\t<\/div>\n\t<\/div>\n\t\t<\/div><\/div><\/div><\/div><\/div><div class=\"wpb_column vc_column_container vc_col-sm-6\"><div class=\"vc_column-inner\"><div class=\"wpb_wrapper\"><div class=\"ult-content-box-container\" >\t\t<div class=\"ult-content-box\" style=\"background-color:#00997a;box-shadow: px px px px none;border-style:none;border-color:#ffffff;padding:15px;min-height:300px;-webkit-transition: all 700ms ease;-moz-transition: all 700ms ease;-ms-transition: all 700ms ease;-o-transition: all 700ms ease;transition: all 700ms ease;\"  data-hover_box_shadow=\"none\"     data-bg=\"#00997a\"  data-border_color=\"#ffffff\" >\n\t<div class=\"wpb_text_column wpb_content_element  whitetext\" >\n\t\t<div class=\"wpb_wrapper\">\n\t\t\t<p><span style=\"color: #ffffff;\"><strong>Cu alte cuvinte, vrei s\u0103 devii #ONGist\/\u0103\/x?<\/strong><br \/>\nAtunci #haide \u00een Programul3 \u2013 un program de preg\u0103tire de lung\u0103 durat\u0103 pentru oameni implica\u021bi \u00een al treilea sector, o \u0219coal\u0103 pentru cei care vor s\u0103 contribuie la dezvoltarea societ\u0103\u021bii civile din Rom\u00e2nia \u0219i nu numai.<br \/>\n<\/span><\/p>\n\n\t\t<\/div>\n\t<\/div>\n\t\t<\/div><\/div><\/div><\/div><\/div><\/div><div class=\"vc_row wpb_row vc_row-fluid vc_column-gap-10\"><div class=\"wpb_animate_when_almost_visible wpb_flipInY flipInY wpb_column vc_column_container vc_col-sm-6\"><div class=\"vc_column-inner\"><div class=\"wpb_wrapper\"><div class=\"ult-content-box-container\" >\t\t<div class=\"ult-content-box\" style=\"box-shadow: px px px px none;border-style:none;border-color:#ffffff;padding:15px;min-height:0px;-webkit-transition: all 700ms ease;-moz-transition: all 700ms ease;-ms-transition: all 700ms ease;-o-transition: all 700ms ease;transition: all 700ms ease;\"  data-hover_box_shadow=\"none\"     data-border_color=\"#ffffff\" >\n\t<div class=\"wpb_text_column wpb_content_element  prgr3\" >\n\t\t<div class=\"wpb_wrapper\">\n\t\t\t<h5>Isn't it clear what this is about?<br \/>\nKeep calm, cite\u0219te cele de mai jos \u0219i parcurge manifestul nostru.<\/h5>\n\n\t\t<\/div>\n\t<\/div>\n\t\t<\/div><\/div><\/div><\/div><\/div><div class=\"wpb_animate_when_almost_visible wpb_flipInX flipInX wpb_column vc_column_container vc_col-sm-6 vc_col-has-fill\"><div class=\"vc_column-inner vc_custom_1567596185647\"><div class=\"wpb_wrapper\"><div class=\"ult-content-box-container\" >\t\t<div class=\"ult-content-box\" style=\"background-color:#00997a;box-shadow: px px px px none;border-style:none;border-color:#ffffff;padding:0px;margin:0px;min-height:0px;-webkit-transition: all 700ms ease;-moz-transition: all 700ms ease;-ms-transition: all 700ms ease;-o-transition: all 700ms ease;transition: all 700ms ease;\"  data-hover_box_shadow=\"none\"    data-normal_margins=\"margin:0px;\"   data-bg=\"#00997a\"  data-border_color=\"#ffffff\" ><div class=\"ubtn-ctn-center fullwidthbttn\"><a class=\"ubtn-link ult-adjust-bottom-margin ubtn-center ubtn-block fullwidthbttn\" href=\"https:\/\/activecitizensfund.ro\/en\/trillenials\/\" ><button type=\"button\" id=\"ubtn-8755\"  class=\"ubtn ult-adjust-bottom-margin ult-responsive ubtn-block ubtn-no-hover-bg  none  ubtn-center   tooltip-69f4c4cbedf5b ubtn-block\"  data-hover=\"#00997a\" data-border-color=\"\" data-bg=\"#00997a\" data-hover-bg=\"#ffffff\" data-border-hover=\"\" data-shadow-hover=\"\" data-shadow-click=\"none\" data-shadow=\"\" data-shd-shadow=\"\"  data-ultimate-target='#ubtn-8755'  data-responsive-json-new='{\"font-size\":\"desktop:20px;\",\"line-height\":\"desktop:20px;\"}'  style=\"font-weight:bold;border:none;background: #00997a;color: #ffffff;\"><span class=\"ubtn-hover\" style=\"background-color:#ffffff\"><\/span><span class=\"ubtn-data ubtn-text\" >MANIFESTO<\/span><\/button><\/a><\/div>\t\t<\/div><\/div><\/div><\/div><\/div><\/div><div class=\"vc_row wpb_row vc_row-fluid dt-default\" style=\"margin-top: 0px;margin-bottom: 0px\"><div class=\"wpb_column vc_column_container vc_col-sm-12\"><div class=\"vc_column-inner\"><div class=\"wpb_wrapper\"><div id=\"ultimate-heading-862069f4c4cbee56b\" class=\"uvc-heading ult-adjust-bottom-margin ultimate-heading-862069f4c4cbee56b uvc-4600 prgr3 uvc-heading-default-font-sizes\" data-hspacer=\"no_spacer\"  data-halign=\"left\" style=\"text-align:left\"><div class=\"uvc-heading-spacer no_spacer\" style=\"top\"><\/div><div class=\"uvc-main-heading ult-responsive\"  data-ultimate-target='.uvc-heading.ultimate-heading-862069f4c4cbee56b h4'  data-responsive-json-new='{\"font-size\":\"\",\"line-height\":\"\"}' ><h4 style=\"--font-weight:theme;\">Why is there a need for the Program3?<\/h4><\/div><\/div><div class=\"vc_empty_space\"   style=\"height: 32px\"><span class=\"vc_empty_space_inner\"><\/span><\/div><div class=\"standard-arrow list-divider bullet-top\"><ul>\n<li>Potrivit ultimelor studii, prea pu\u021bini oameni noi se g\u00e2ndesc s\u0103 lucreze pentru al treilea sector, chiar dac\u0103 interesul pentru implicare \u00een ac\u021biuni civice a crescut;<\/li>\n<li>\u00cen timp ce majoritatea persoanelor angajate \u00een sectorul ONG are \u00eentre 25 \u0219i 34 de ani, cele mai multe persoane \u00een pozi\u021bii de leadership din sector sunt de mai bine de 8 ani la conducere;<\/li>\n<li>Avem nevoie de un format care s\u0103 aduc\u0103 \u00eempreun\u0103 oameni tineri interesa\u021bi s\u0103 dezvolte al treilea sector prin noi abord\u0103ri, \u00eenv\u0103\u021b\u00e2nd \u00een acela\u0219i timp de la profesioni\u0219ti \u00een domeniu.<\/li>\n<\/ul>\n<\/div><div class=\"vc_empty_space\"   style=\"height: 32px\"><span class=\"vc_empty_space_inner\"><\/span><\/div><div class=\"vc_empty_space\"   style=\"height: 60px\"><span class=\"vc_empty_space_inner\"><\/span><\/div><\/div><\/div><\/div><\/div><div class=\"vc_row wpb_row vc_row-fluid dt-default\" style=\"margin-top: 0px;margin-bottom: 0px\"><div class=\"wpb_column vc_column_container vc_col-sm-12\"><div class=\"vc_column-inner\"><div class=\"wpb_wrapper\"><div id=\"ultimate-heading-938369f4c4cbeefc6\" class=\"uvc-heading ult-adjust-bottom-margin ultimate-heading-938369f4c4cbeefc6 uvc-7363 prgr3 uvc-heading-default-font-sizes\" data-hspacer=\"no_spacer\"  data-halign=\"left\" style=\"text-align:left\"><div class=\"uvc-heading-spacer no_spacer\" style=\"top\"><\/div><div class=\"uvc-main-heading ult-responsive\"  data-ultimate-target='.uvc-heading.ultimate-heading-938369f4c4cbeefc6 h4'  data-responsive-json-new='{\"font-size\":\"\",\"line-height\":\"\"}' ><h4 style=\"--font-weight:theme;\">Who are we looking for the Program3? (please  \"selection criteria\")<\/h4><\/div><\/div>\n\t<div class=\"wpb_text_column wpb_content_element\" >\n\t\t<div class=\"wpb_wrapper\">\n\t\t\t<p>C\u0103ut\u0103m cel pu\u021bin 30 de <strong>#trillenials<\/strong>, persoane tinere care:<\/p>\n\n\t\t<\/div>\n\t<\/div>\n<div class=\"vc_empty_space\"   style=\"height: 32px\"><span class=\"vc_empty_space_inner\"><\/span><\/div><div class=\"standard-arrow list-divider bullet-top\"><ul>\n<li>sunt implicate civic, deja lucreaz\u0103 \u00een organiza\u021bii neguvernamentale sau fac voluntariat constant\/ activ,<\/li>\n<li>con\u0219tientizeaz\u0103 importan\u021ba celui de-al treilea sector \u0219i sunt motivate s\u0103 \u00eel duc\u0103 la urm\u0103torul nivel, av\u00e2nd astfel poten\u021bial s\u0103 fac\u0103 parte din viitoarele genera\u021bii care vor conduce sectorul neguvernamental,<\/li>\n<li>don't (yet) have enough experience within NGO environment style,<\/li>\n<li>sunt dispuse s\u0103 \u00eenve\u021be \u0219i s\u0103 practice lucrul \u00een \u0219i pentru sectorul ONG,<\/li>\n<li>want to grow and do good for their communities,<\/li>\n<li>ader\u0103 \u00een g\u00e2ndire \u0219i practic\u0103 la valorile comune ale respect\u0103rii demnit\u0103\u021bii umane, libert\u0103\u021bii, democra\u021biei, egalit\u0103\u021bii, statului de drept \u0219i respect\u0103rii drepturilor <strong>of all people<\/strong><\/li>\n<\/ul>\n<\/div>\n\t<div class=\"wpb_text_column wpb_content_element\" >\n\t\t<div class=\"wpb_wrapper\">\n\t\t\t<p>Din perspectiva noastr\u0103, #trillenials sunt acele persoane tinere care au minim 18 ani \u0219i maxim 30 de ani (mai facem \u0219i excep\u021bii p\u00e2n\u0103 la 35 de ani dac\u0103 chiar ne place de cineva), care au idee despre societatea civil\u0103 \u0219i lucrul \u00een ONG, dar nu neap\u0103rat mult\u0103 practic\u0103 \u00een domeniu. Sunt persoane interesate de subiecte sociale \u0219i civice, chiar dac\u0103 nu le st\u0103p\u00e2nesc 100%. Sunt persoane dispuse s\u0103 se implice din ce \u00een ce mai activ \u00een structuri asociative (nu doar s\u0103 fac\u0103 voluntariat), dar \u00eenc\u0103 nu au suficient\u0103 experien\u021b\u0103 cu particularit\u0103\u021bile ONG-urilor. Nu \u0219i-au g\u0103sit \u00eenc\u0103 locul \u00een sectorul ONG, dar nici nu vor s\u0103 renun\u021be la el. <\/p>\n\n\t\t<\/div>\n\t<\/div>\n<div class=\"vc_empty_space\"   style=\"height: 65px\"><span class=\"vc_empty_space_inner\"><\/span><\/div><div id=\"ultimate-heading-158469f4c4cbef687\" class=\"uvc-heading ult-adjust-bottom-margin ultimate-heading-158469f4c4cbef687 uvc-1186 prgr3 uvc-heading-default-font-sizes\" data-hspacer=\"no_spacer\"  data-halign=\"left\" style=\"text-align:left\"><div class=\"uvc-heading-spacer no_spacer\" style=\"top\"><\/div><div class=\"uvc-main-heading ult-responsive\"  data-ultimate-target='.uvc-heading.ultimate-heading-158469f4c4cbef687 h4'  data-responsive-json-new='{\"font-size\":\"\",\"line-height\":\"\"}' ><h4 style=\"--font-weight:theme;\">What happens in the Program3?<\/h4><\/div><\/div><div class=\"vc_empty_space\"   style=\"height: 32px\"><span class=\"vc_empty_space_inner\"><\/span><\/div>\n\t<div class=\"wpb_text_column wpb_content_element\" >\n\t\t<div class=\"wpb_wrapper\">\n\t\t\t<p style=\"font-weight: 400;\">Program3 proposes <strong>a one-year learning process<\/strong>, structurat \u00een dou\u0103 semestre cu o curricul\u0103 predefinit\u0103, la care se adaug\u0103 un proces particularizat de \u00eenv\u0103\u021bare, \u00een func\u021bie de nevoile \u0219i interesele fiec[rei persoane, astfel:<\/p>\n<p style=\"padding-left: 40px;\"><strong>The first semester<\/strong> va fi dedicat con\u021binuturilor tehnice ce \u021bin de lucru \u00een ONG cu introducere \u00een ONGez\u0103 \u0219i dezvoltare de abilit\u0103\u021bi esen\u021biale de lucru (precum dezvoltare organiza\u021bional\u0103, fundraising, comunicare, managementul voluntarilor, etc.).<\/p>\n<p style=\"padding-left: 40px;\"><strong>T<\/strong><strong>emestrul II<\/strong> va fi dedicat con\u021binuturilor tematice ce \u021bin de dezvoltare comunitar\u0103, tehnici \u0219i metode de participare public\u0103, metode \u0219i tehnici de educa\u021bie nonformal\u0103, advocacy, etc.<\/p>\n\n\t\t<\/div>\n\t<\/div>\n<div class=\"ult-content-box-container\" >\t\t<div class=\"ult-content-box\" style=\"background-color:#00997a;box-shadow: px px px px none;border-style:none;border-color:#ffffff;padding:15px;-webkit-transition: all 700ms ease;-moz-transition: all 700ms ease;-ms-transition: all 700ms ease;-o-transition: all 700ms ease;transition: all 700ms ease;\"  data-hover_box_shadow=\"none\"     data-bg=\"#00997a\"  data-border_color=\"#ffffff\" >\n\t<div class=\"wpb_text_column wpb_content_element  whitetext\" >\n\t\t<div class=\"wpb_wrapper\">\n\t\t\t<p><span style=\"color: #ffffff;\"><strong>IMPORTANT!<strong><br \/>\nPerioada de implicare a persoanelor selectate este de 1 an de zile (octombrie 2022 \u2013 august 2023), selec\u021bia va \u021bine cont de disponibilitatea asumat\u0103 \u00een acest sens iar participarea la diverse evenimente din cadrul Programului3 va fi condi\u021bionat\u0103 de aceast\u0103 implicare. Pentru mai multe detalii despre cum arat\u0103 acest an, vezi mai jos curricula Programului3 pentru 2022-2023. <\/strong><\/strong><\/span><\/p>\n\n\t\t<\/div>\n\t<\/div>\n\t\t<\/div><\/div><div class=\"vc_empty_space\"   style=\"height: 60px\"><span class=\"vc_empty_space_inner\"><\/span><\/div><div id=\"ultimate-heading-999969f4c4cbefd9a\" class=\"uvc-heading ult-adjust-bottom-margin ultimate-heading-999969f4c4cbefd9a uvc-1245 prgr3 uvc-heading-default-font-sizes\" data-hspacer=\"no_spacer\"  data-halign=\"left\" style=\"text-align:left\"><div class=\"uvc-heading-spacer no_spacer\" style=\"top\"><\/div><div class=\"uvc-main-heading ult-responsive\"  data-ultimate-target='.uvc-heading.ultimate-heading-999969f4c4cbefd9a h4'  data-responsive-json-new='{\"font-size\":\"\",\"line-height\":\"\"}' ><h4 style=\"--font-weight:theme;\">Curriculum<\/h4><\/div><\/div><div class=\"vc_empty_space\"   style=\"height: 32px\"><span class=\"vc_empty_space_inner\"><\/span><\/div><div class=\"vc_tta-container\" data-vc-action=\"collapse\"><div class=\"vc_general vc_tta vc_tta-accordion vc_tta-color-grey vc_tta-style-classic vc_tta-shape-rounded vc_tta-o-shape-group vc_tta-controls-align-default\"><div class=\"vc_tta-panels-container\"><div class=\"vc_tta-panels\"><div class=\"vc_tta-panel vc_active prgr3\" id=\"1570098154878-ebb35e0c-1888\" data-vc-content=\".vc_tta-panel-body\"><div class=\"vc_tta-panel-heading\"><h4 class=\"vc_tta-panel-title vc_tta-controls-icon-position-left\"><a href=\"#1570098154878-ebb35e0c-1888\" data-vc-accordion data-vc-container=\".vc_tta-container\"><span class=\"vc_tta-title-text\">SEMESTRUL I - Octombrie 2022 \u2013 Februarie 2023<\/span><i class=\"vc_tta-controls-icon vc_tta-controls-icon-plus\"><\/i><\/a><\/h4><\/div><div class=\"vc_tta-panel-body\">\n\t<div class=\"wpb_tour wpb_content_element  tab-style-two\" data-interval=\"0\">\n\t\t<div class=\"wpb_wrapper wpb_tour_tabs_wrapper ui-tabs vc_clearfix\">\n\t\t\t<ul class=\"wpb_tabs_nav ui-tabs-nav vc_clearfix h5-size\"><li><a href=\"#tab-4182c6bf-6461-7\">Autumn school<\/a><\/li><li><a href=\"#tab-1660998814009-5-4\">Online learning<\/a><\/li><li><a href=\"#tab-9dd6a577-b463-7\">Learning week<\/a><\/li><li><a href=\"#tab-1570098442686-2-3\">Modul learning online 1<\/a><\/li><li><a href=\"#tab-1660999000961-4-8\">Modul learning online 2<\/a><\/li><li><a href=\"#tab-1660999027733-5-2\">Modul learning online 3<\/a><\/li><\/ul>\n\t<div id=\"tab-4182c6bf-6461-7\" class=\"wpb_tab ui-tabs-panel wpb_ui-tabs-hide vc_clearfix\">\n\t\t\n\t<div class=\"wpb_text_column wpb_content_element\" >\n\t\t<div class=\"wpb_wrapper\">\n\t\t\t<p><strong>5 \u2013 8 octombrie 2022<\/strong><\/p>\n<div><span lang=\"RO\">eveniment offline (la mare sau la Timi\u0219oara) unde o s\u0103 ne cunoa\u0219tem mai bine \u0219i vedem ce \u00eenseamn\u0103 a fi #trillenial \u0219i cum ne vom implica \u00een cadrul Programului3. <\/span><\/div>\n\n\t\t<\/div>\n\t<\/div>\n\n\t<\/div>\n\n\t<div id=\"tab-1660998814009-5-4\" class=\"wpb_tab ui-tabs-panel wpb_ui-tabs-hide vc_clearfix\">\n\t\t\n\t<div class=\"wpb_text_column wpb_content_element\" >\n\t\t<div class=\"wpb_wrapper\">\n\t\t\t<p><strong>Noiembrie 2022<\/strong><\/p>\n<div>Organizational development<\/div>\n\n\t\t<\/div>\n\t<\/div>\n\n\t<\/div>\n\n\t<div id=\"tab-9dd6a577-b463-7\" class=\"wpb_tab ui-tabs-panel wpb_ui-tabs-hide vc_clearfix\">\n\t\t\n\t<div class=\"wpb_text_column wpb_content_element\" >\n\t\t<div class=\"wpb_wrapper\">\n\t\t\t<p><strong>5 \u2013 10 decembrie 2022<\/strong><\/p>\n<div>Eveniment offline la Bucure\u0219ti unde abord\u0103m subiectele \u201dhard\u201d de lucru \u00een ONG (zona de management), at\u00e2t experien\u021bial (teme de lucru) c\u00e2t \u0219i de la oameni cu experien\u021b\u0103 din sector.<\/div>\n\n\t\t<\/div>\n\t<\/div>\n\n\t<\/div>\n\n\t<div id=\"tab-1570098442686-2-3\" class=\"wpb_tab ui-tabs-panel wpb_ui-tabs-hide vc_clearfix\">\n\t\t\n\t<div class=\"wpb_text_column wpb_content_element\" >\n\t\t<div class=\"wpb_wrapper\">\n\t\t\t<p><strong>ianuarie 2022<\/strong><\/p>\n<div>Modul learning online pe tema fundraising<\/div>\n\n\t\t<\/div>\n\t<\/div>\n\n\t<\/div>\n\n\t<div id=\"tab-1660999000961-4-8\" class=\"wpb_tab ui-tabs-panel wpb_ui-tabs-hide vc_clearfix\">\n\t\t\n\t<div class=\"wpb_text_column wpb_content_element\" >\n\t\t<div class=\"wpb_wrapper\">\n\t\t\t<p><strong>februarie 2022<\/strong><\/p>\n<div>Modul learning online pe tema scrierea unei propuneri de finan\u021bare<\/div>\n\n\t\t<\/div>\n\t<\/div>\n\n\t<\/div>\n\n\t<div id=\"tab-1660999027733-5-2\" class=\"wpb_tab ui-tabs-panel wpb_ui-tabs-hide vc_clearfix\">\n\t\t\n\t<div class=\"wpb_text_column wpb_content_element\" >\n\t\t<div class=\"wpb_wrapper\">\n\t\t\t<p><strong>martie 2022<\/strong><\/p>\n<div>Modul learning online pe tema comunicare pentru ONG-uri<\/div>\n\n\t\t<\/div>\n\t<\/div>\n\n\t<\/div>\n<div class=\"wpb_tour_next_prev_nav vc_clearfix\"> <span class=\"wpb_prev_slide\"><a href=\"#prev\" title=\"Previous tab\">Previous tab<\/a><\/span> <span class=\"wpb_next_slide\"><a href=\"#next\" title=\"Next tab\">Next tab<\/a><\/span><\/div>\n\t\t<\/div>\n\t<\/div>\n<\/div><\/div><div class=\"vc_tta-panel\" id=\"1570098716364-359a3382-c6c8\" data-vc-content=\".vc_tta-panel-body\"><div class=\"vc_tta-panel-heading\"><h4 class=\"vc_tta-panel-title vc_tta-controls-icon-position-left\"><a href=\"#1570098716364-359a3382-c6c8\" data-vc-accordion data-vc-container=\".vc_tta-container\"><span class=\"vc_tta-title-text\">SEMESTRUL II - Martie \u2013 August 2023<\/span><i class=\"vc_tta-controls-icon vc_tta-controls-icon-plus\"><\/i><\/a><\/h4><\/div><div class=\"vc_tta-panel-body\">\n\t<div class=\"wpb_tour wpb_content_element  tab-style-two\" data-interval=\"0\">\n\t\t<div class=\"wpb_wrapper wpb_tour_tabs_wrapper ui-tabs vc_clearfix\">\n\t\t\t<ul class=\"wpb_tabs_nav ui-tabs-nav vc_clearfix h5-size\"><li><a href=\"#tab-1660999161518-5-10\">Modul learning online 4<\/a><\/li><li><a href=\"#tab-1660999208821-6-6\">Learning visit<\/a><\/li><li><a href=\"#tab-1570098867041-4-8\">Evaluation meeting<\/a><\/li><li><a href=\"#tab-9dd6a577-b463-7\">Learning week<\/a><\/li><li><a href=\"#tab-1570098442686-2-3\">Modul learning online 5<\/a><\/li><\/ul>\n\t<div id=\"tab-1660999161518-5-10\" class=\"wpb_tab ui-tabs-panel wpb_ui-tabs-hide vc_clearfix\">\n\t\t\n\t<div class=\"wpb_text_column wpb_content_element\" >\n\t\t<div class=\"wpb_wrapper\">\n\t\t\t<p><strong>martie 2023<\/strong><\/p>\n<div>Modul learning online pe tema Managementul voluntarilor.<\/div>\n\n\t\t<\/div>\n\t<\/div>\n\n\t<\/div>\n\n\t<div id=\"tab-1660999208821-6-6\" class=\"wpb_tab ui-tabs-panel wpb_ui-tabs-hide vc_clearfix\">\n\t\t\n\t<div class=\"wpb_text_column wpb_content_element\" >\n\t\t<div class=\"wpb_wrapper\">\n\t\t\t<p><strong>iunie 2023<\/strong><\/p>\n<div>Eveniment offline de 4 zile \u00een Oslo, Noirvegia, unde vim vizita organiza\u021bii locale\u00a0pentru a \u00eenv\u0103\u021ba din experien\u021ba norvegian\u0103 \u0219i pentru a face networking.<\/div>\n\n\t\t<\/div>\n\t<\/div>\n\n\t<\/div>\n\n\t<div id=\"tab-1570098867041-4-8\" class=\"wpb_tab ui-tabs-panel wpb_ui-tabs-hide vc_clearfix\">\n\t\t\n\t<div class=\"wpb_text_column wpb_content_element\" >\n\t\t<div class=\"wpb_wrapper\">\n\t\t\t<p><strong>august 2023<\/strong><\/p>\n<div>Eveniment de final de program c\u00e2nd ne revedem la Bucure\u0219ti \u0219i vom \u00eencheia \u0219i\u00a0evalua anul, dar vom \u0219i vom vedea cum continu\u0103m \u00een comunitatea de Alumni a\u00a0Programului3.<\/div>\n\n\t\t<\/div>\n\t<\/div>\n\n\t<\/div>\n\n\t<div id=\"tab-9dd6a577-b463-7\" class=\"wpb_tab ui-tabs-panel wpb_ui-tabs-hide vc_clearfix\">\n\t\t\n\t<div class=\"wpb_text_column wpb_content_element\" >\n\t\t<div class=\"wpb_wrapper\">\n\t\t\t<p><strong>aprilie 2023<\/strong><\/p>\n<div>Eveniment de 5 zile la Cluj-Napoca SAU online, pe zoom, unde abord\u0103m partea de\u00a0con\u021binut a anului (e.g. advocacy, re\u021bele la nivel local \u0219i networking, etc).<\/div>\n\n\t\t<\/div>\n\t<\/div>\n\n\t<\/div>\n\n\t<div id=\"tab-1570098442686-2-3\" class=\"wpb_tab ui-tabs-panel wpb_ui-tabs-hide vc_clearfix\">\n\t\t\n\t<div class=\"wpb_text_column wpb_content_element\" >\n\t\t<div class=\"wpb_wrapper\">\n\t\t\t<p><strong>mai 2023<\/strong><\/p>\n<div>Modul learning online pe tema Participare \u0219i dezvoltare comunitar\u0103.<\/div>\n\n\t\t<\/div>\n\t<\/div>\n\n\t<\/div>\n<div class=\"wpb_tour_next_prev_nav vc_clearfix\"> <span class=\"wpb_prev_slide\"><a href=\"#prev\" title=\"Previous tab\">Previous tab<\/a><\/span> <span class=\"wpb_next_slide\"><a href=\"#next\" title=\"Next tab\">Next tab<\/a><\/span><\/div>\n\t\t<\/div>\n\t<\/div>\n<\/div><\/div><\/div><\/div><\/div><\/div><div class=\"vc_empty_space\"   style=\"height: 60px\"><span class=\"vc_empty_space_inner\"><\/span><\/div><\/div><\/div><\/div><\/div><div class=\"vc_row wpb_row vc_row-fluid dt-default\" style=\"margin-top: 0px;margin-bottom: 0px\"><div class=\"wpb_column vc_column_container vc_col-sm-12\"><div class=\"vc_column-inner\"><div class=\"wpb_wrapper\"><div id=\"ultimate-heading-251169f4c4cbf305c\" class=\"uvc-heading ult-adjust-bottom-margin ultimate-heading-251169f4c4cbf305c uvc-6559 prgr3 uvc-heading-default-font-sizes\" data-hspacer=\"no_spacer\"  data-halign=\"left\" style=\"text-align:left\"><div class=\"uvc-heading-spacer no_spacer\" style=\"top\"><\/div><div class=\"uvc-main-heading ult-responsive\"  data-ultimate-target='.uvc-heading.ultimate-heading-251169f4c4cbf305c h4'  data-responsive-json-new='{\"font-size\":\"\",\"line-height\":\"\"}' ><h4 style=\"--font-weight:theme;\">Why join the Program3?<\/h4><\/div><\/div><div class=\"vc_empty_space\"   style=\"height: 32px\"><span class=\"vc_empty_space_inner\"><\/span><\/div>\n\t<div class=\"wpb_text_column wpb_content_element\" >\n\t\t<div class=\"wpb_wrapper\">\n\t\t\t<p>Dac\u0103 ai citit <a href=\"https:\/\/activecitizensfund.ro\/en\/trillenials\/\"><strong>manif3stul<\/strong><\/a> nostru, te reg\u0103se\u0219ti \u00een el \u0219i crezi c\u0103 ai stof\u0103 de #trillenial, iat\u0103 cele mai importante 3 motive pentru care vrei s\u0103 faci parte din Programul3:<\/p>\n\n\t\t<\/div>\n\t<\/div>\n<div class=\"vc_empty_space\"   style=\"height: 32px\"><span class=\"vc_empty_space_inner\"><\/span><\/div><div class=\"standard-arrow list-divider bullet-top\"><ul>\n<li>Vrei s\u0103 \u00eenve\u021bi de la persoane cu experien\u021b\u0103 \u0219i s\u0103 \u00ee\u021bi dezvol\u021bi la r\u00e2ndul t\u0103u experien\u021ba \u00een domeniul ONG;<\/li>\n<li>Vrei s\u0103 faci ceva pe bune pentru societatea civil\u0103 din Rom\u00e2nia;<\/li>\n<li>Vrei s\u0103 fii parte dintr-o comunitate de persoane tinere asemenea \u021bie, \u00eempreun\u0103 cu care s\u0103 muta\u021bi mun\u021bii!<\/li>\n<\/ul>\n<\/div><div class=\"vc_empty_space\"   style=\"height: 60px\"><span class=\"vc_empty_space_inner\"><\/span><\/div><\/div><\/div><\/div><\/div><div class=\"vc_row wpb_row vc_row-fluid dt-default\" style=\"margin-top: 0px;margin-bottom: 0px\"><div class=\"wpb_column vc_column_container vc_col-sm-12\"><div class=\"vc_column-inner\"><div class=\"wpb_wrapper\"><div id=\"ultimate-heading-846869f4c4cbf3c79\" class=\"uvc-heading ult-adjust-bottom-margin ultimate-heading-846869f4c4cbf3c79 uvc-6309 prgr3 uvc-heading-default-font-sizes\" data-hspacer=\"no_spacer\"  data-halign=\"left\" style=\"text-align:left\"><div class=\"uvc-heading-spacer no_spacer\" style=\"top\"><\/div><div class=\"uvc-main-heading ult-responsive\"  data-ultimate-target='.uvc-heading.ultimate-heading-846869f4c4cbf3c79 h4'  data-responsive-json-new='{\"font-size\":\"\",\"line-height\":\"\"}' ><h4 style=\"--font-weight:theme;\">How to be part of Program3?<\/h4><\/div><\/div><\/div><\/div><\/div><\/div><div class=\"vc_row wpb_row vc_row-fluid vc_column-gap-10\"><div class=\"wpb_animate_when_almost_visible wpb_flipInY flipInY wpb_column vc_column_container vc_col-sm-6\"><div class=\"vc_column-inner\"><div class=\"wpb_wrapper\"><div class=\"ult-content-box-container\" >\t\t<div class=\"ult-content-box\" style=\"box-shadow: px px px px none;border-style:none;border-color:#ffffff;padding:15px;min-height:0px;-webkit-transition: all 700ms ease;-moz-transition: all 700ms ease;-ms-transition: all 700ms ease;-o-transition: all 700ms ease;transition: all 700ms ease;\"  data-hover_box_shadow=\"none\"     data-border_color=\"#ffffff\" >\n\t<div class=\"wpb_text_column wpb_content_element  prgr3\" >\n\t\t<div class=\"wpb_wrapper\">\n\t\t\t<h5>Dac\u0103 te-am convins, atunci \u00eenseamn\u0103 c\u0103 pe tine te c\u0103ut\u0103m. Te a\u0219tept\u0103m s\u0103 treci peste prima prob\u0103 \u2013 completarea formularului de candidatur\u0103 p\u00e2n\u0103 pe 7 septembrie 2022.<\/h5>\n\n\t\t<\/div>\n\t<\/div>\n\t\t<\/div><\/div><\/div><\/div><\/div><div class=\"wpb_animate_when_almost_visible wpb_flipInX flipInX wpb_column vc_column_container vc_col-sm-6 vc_col-has-fill\"><div class=\"vc_column-inner vc_custom_1567596185647\"><div class=\"wpb_wrapper\"><div class=\"ult-content-box-container\" >\t\t<div class=\"ult-content-box\" style=\"background-color:#00997a;box-shadow: px px px px none;border-style:none;border-color:#ffffff;padding:0px;margin:0px;min-height:0px;-webkit-transition: all 700ms ease;-moz-transition: all 700ms ease;-ms-transition: all 700ms ease;-o-transition: all 700ms ease;transition: all 700ms ease;\"  data-hover_box_shadow=\"none\"    data-normal_margins=\"margin:0px;\"   data-bg=\"#00997a\"  data-border_color=\"#ffffff\" ><div class=\"ubtn-ctn-center fullwidthbttn\"><a class=\"ubtn-link ult-adjust-bottom-margin ubtn-center ubtn-block fullwidthbttn\" href=\"https:\/\/www.esurveyspro.com\/Survey.aspx?id=9ef279d6-820e-4c7f-9589-06ff9bb6da85\" target=\"_blank\" rel=\"noopener\" ><button type=\"button\" id=\"ubtn-4418\"  class=\"ubtn ult-adjust-bottom-margin ult-responsive ubtn-block ubtn-no-hover-bg  none  ubtn-center   tooltip-69f4c4cc0024f ubtn-block\"  data-hover=\"#00997a\" data-border-color=\"\" data-bg=\"#00997a\" data-hover-bg=\"#ffffff\" data-border-hover=\"\" data-shadow-hover=\"\" data-shadow-click=\"none\" data-shadow=\"\" data-shd-shadow=\"\"  data-ultimate-target='#ubtn-4418'  data-responsive-json-new='{\"font-size\":\"desktop:20px;\",\"line-height\":\"desktop:20px;\"}'  style=\"font-weight:bold;border:none;background: #00997a;color: #ffffff;\"><span class=\"ubtn-hover\" style=\"background-color:#ffffff\"><\/span><span class=\"ubtn-data ubtn-text\" >FORM<\/span><\/button><\/a><\/div>\t\t<\/div><\/div><\/div><\/div><\/div><\/div><div class=\"vc_row wpb_row vc_row-fluid dt-default\" style=\"margin-top: 0px;margin-bottom: 0px\"><div class=\"wpb_column vc_column_container vc_col-sm-12\"><div class=\"vc_column-inner\"><div class=\"wpb_wrapper\">\n\t<div class=\"wpb_text_column wpb_content_element\" >\n\t\t<div class=\"wpb_wrapper\">\n\t\t\t<p style=\"font-weight: 400;\">Dac\u0103 r\u0103spunsurile tale ne conving, o s\u0103 te invit\u0103m la un interviu. Dac\u0103 \u0219i dup\u0103 interviu r\u0103m\u00e2nem convin\u0219i, vei fi printre urm\u0103torii #trillenials invita\u021bi s\u0103 fac\u0103 parte din cea de-<strong>a patra genera\u021bie<\/strong> a Programului3.<\/p>\n<p><strong>NB:\u00a0<\/strong><span lang=\"RO\">Pentru cei selecta\u021bi, toate costurile pentru participarea \u00een Programul3 sunt acoperite de finan\u021bator<\/span>.<\/p>\n\n\t\t<\/div>\n\t<\/div>\n<div class=\"vc_empty_space\"   style=\"height: 32px\"><span class=\"vc_empty_space_inner\"><\/span><\/div><\/div><\/div><\/div><\/div><div class=\"vc_row wpb_row vc_row-fluid dt-default\" style=\"margin-top: 0px;margin-bottom: 0px\"><div class=\"wpb_column vc_column_container vc_col-sm-12\"><div class=\"vc_column-inner\"><div class=\"wpb_wrapper\"><div id=\"ultimate-heading-15569f4c4cc00ed4\" class=\"uvc-heading ult-adjust-bottom-margin ultimate-heading-15569f4c4cc00ed4 uvc-9263 prgr3 uvc-heading-default-font-sizes\" data-hspacer=\"no_spacer\"  data-halign=\"left\" style=\"text-align:left\"><div class=\"uvc-heading-spacer no_spacer\" style=\"top\"><\/div><div class=\"uvc-main-heading ult-responsive\"  data-ultimate-target='.uvc-heading.ultimate-heading-15569f4c4cc00ed4 h4'  data-responsive-json-new='{\"font-size\":\"\",\"line-height\":\"\"}' ><h4 style=\"--font-weight:theme;\">Timeline selec\u021bie 2022:<\/h4><\/div><\/div><div class=\"vc_empty_space\"   style=\"height: 32px\"><span class=\"vc_empty_space_inner\"><\/span><\/div><div class=\"standard-number-list list-divider bullet-top\"><ol>\n<li>\n<p style=\"font-weight: 400;\">Lansare apel selec\u021bie &#8211; 22 august<\/p>\n<p style=\"font-weight: 400;\">\n<\/li>\n<li>\n<p style=\"font-weight: 400;\">Perioad\u0103 de completare \u0219i trimitere a formularului de candidatur\u0103 &#8211; 22 august &#8211; 7 septembrie<\/p>\n<p style=\"font-weight: 400;\">\n<\/li>\n<li>\n<p style=\"font-weight: 400;\">Deadline completare formular de candidatur\u0103 &#8211; 7 septembrie, ora 14.00<\/p>\n<p style=\"font-weight: 400;\">\n<\/li>\n<li>\n<p style=\"font-weight: 400;\">Anun\u021b c\u0103tre persoanele preselectate \u00een urma complet\u0103rii formularului de candidatur\u0103 &#8211; 7 septembrie<\/p>\n<\/li>\n<li>\n<p style=\"font-weight: 400;\">Perioad\u0103 de \u00eenregistrare \u0219i trimitere a video interviurilor pentru persoanele preselectate &#8211; 7 &#8211; 17 septembrie<\/p>\n<p style=\"font-weight: 400;\">\n<\/li>\n<li>\n<p style=\"font-weight: 400;\">Deadline trimitere video interviu &#8211; 17 septembrie, ora 16.00<\/p>\n<p style=\"font-weight: 400;\">\n<\/li>\n<li>\n<p style=\"font-weight: 400;\">Anun\u021b selec\u021bie final\u0103 c\u0103tre persoanele care au trimis video interviul &#8211; 21 septembrie<\/p>\n<\/li>\n<\/ol>\n<\/div><div class=\"vc_empty_space\"   style=\"height: 60px\"><span class=\"vc_empty_space_inner\"><\/span><\/div><\/div><\/div><\/div><\/div><div class=\"vc_row wpb_row vc_row-fluid dt-default\" style=\"margin-top: 0px;margin-bottom: 0px\"><div class=\"wpb_column vc_column_container vc_col-sm-12\"><div class=\"vc_column-inner\"><div class=\"wpb_wrapper\"><blockquote class=\"h3-size shortcode-blockquote block-style-widget\"><p><span class=\"prgr3\"><strong>#haide. Deruteaz\u0103-\u021bi familia \u0219i anturajul = lucreaz\u0103 \u00eentr-un ONG.<br \/>\nVino \u00een Programul3 s\u0103 vezi cum ar putea s\u0103 fie!<\/strong><\/span><\/p>\n<\/blockquote><div class=\"vc_empty_space\"   style=\"height: 60px\"><span class=\"vc_empty_space_inner\"><\/span><\/div><\/div><\/div><\/div><\/div><div class=\"vc_row wpb_row vc_row-fluid dt-default\" style=\"margin-top: 0px;margin-bottom: 0px\"><div class=\"wpb_column vc_column_container vc_col-sm-6\"><div class=\"vc_column-inner vc_custom_1570112326562\"><div class=\"wpb_wrapper\">\n\t<div class=\"wpb_text_column wpb_content_element\" >\n\t\t<div class=\"wpb_wrapper\">\n\t\t\t<p><em>Program3 is developed within the \"Developing Youth NGO Leadership\" project, funded by the Active Citizens Fund Romania program, part of  the EEA and Norway Grants 2014-2021, administered by a consortium composed of <\/em><a href=\"http:\/\/www.fdsc.ro\/\"><em>The Civil Society Development Foundation<\/em><\/a><em>, <\/em><a href=\"http:\/\/romacenter.ro\/en\/\"><em>Resource Center for Roma Communities<\/em><\/a><em> and <\/em><a href=\"https:\/\/www.frivillighetnorge.no\/\"><em>Frivillighet Norge<\/em><\/a><em>.<\/em><\/p>\n\n\t\t<\/div>\n\t<\/div>\n<\/div><\/div><\/div><div class=\"wpb_column vc_column_container vc_col-sm-6 vc_col-has-fill\"><div class=\"vc_column-inner vc_custom_1570112305937\"><div class=\"wpb_wrapper\">\n\t<div class=\"wpb_text_column wpb_content_element  whitetext\" >\n\t\t<div class=\"wpb_wrapper\">\n\t\t\t<p><span style=\"color: #ffffff;\">If you still need persuasion or have questions or need clarifications, do not hesitate to contact with confidence Vlad (Dumitrescu), our Visionaere Program:<\/span><\/p>\n<p><span style=\"color: #ffffff;\">Tel: 0745.122.191<\/span><\/p>\n<p><span style=\"color: #ffffff;\">E-mail: <a style=\"color: #ffffff;\" href=\"mailto:vlad.dumitrescu@fdsc.ro\">vlad.dumitrescu@fdsc.ro<\/a><\/span><\/p>\n<p><span style=\"color: #ffffff;\">or<\/span><\/p>\n<p><span style=\"color: #ffffff;\">Robert (Matei), Community Manager<\/span><br \/>\n<span style=\"color: #ffffff;\">Resource Center for Roma Communities<\/span><br \/>\n<span style=\"color: #ffffff;\"><a style=\"color: #ffffff;\" href=\"mailto:robert.matei@romacenter.ro\">robert.matei@romacenter.ro<\/a><\/span><\/p>\n\n\t\t<\/div>\n\t<\/div>\n<\/div><\/div><\/div><\/div><div class=\"vc_row wpb_row vc_row-fluid dt-default\" style=\"margin-top: 0px;margin-bottom: 0px\"><div class=\"wpb_column vc_column_container vc_col-sm-12\"><div class=\"vc_column-inner\"><div class=\"wpb_wrapper\"><div class=\"vc_empty_space\"   style=\"height: 60px\"><span class=\"vc_empty_space_inner\"><\/span><\/div><\/div><\/div><\/div><\/div><\/section><section data-vc-full-width=\"true\" data-vc-full-width-init=\"false\" class=\"vc_section vc_custom_1570103007558 vc_section-has-fill\"><div class=\"vc_row wpb_row vc_row-fluid dt-default\" style=\"margin-top: 0px;margin-bottom: 0px\"><div class=\"wpb_column vc_column_container vc_col-sm-12\"><div class=\"vc_column-inner\"><div class=\"wpb_wrapper\"><\/div><\/div><\/div><\/div><div class=\"vc_row wpb_row vc_row-fluid dt-default\" style=\"margin-top: 0px;margin-bottom: 0px\"><div class=\"wpb_column vc_column_container vc_col-sm-3\"><div class=\"vc_column-inner\"><div class=\"wpb_wrapper\">\n\t<div  class=\"wpb_single_image wpb_content_element vc_align_center\">\n\t\t\n\t\t<figure class=\"wpb_wrapper vc_figure\">\n\t\t\t<div class=\"vc_single_image-wrapper   vc_box_border_grey\"><img loading=\"lazy\" decoding=\"async\" width=\"1366\" height=\"1366\" src=\"https:\/\/activecitizensfund.ro\/wp-content\/uploads\/2019\/10\/All-logos-11-01.png\" class=\"vc_single_image-img attachment-full\" alt=\"\" title=\"All-logos-11-01\" srcset=\"https:\/\/activecitizensfund.ro\/wp-content\/uploads\/2019\/10\/All-logos-11-01.png 1366w, https:\/\/activecitizensfund.ro\/wp-content\/uploads\/2019\/10\/All-logos-11-01-150x150.png 150w, https:\/\/activecitizensfund.ro\/wp-content\/uploads\/2019\/10\/All-logos-11-01-300x300.png 300w, https:\/\/activecitizensfund.ro\/wp-content\/uploads\/2019\/10\/All-logos-11-01-768x768.png 768w, https:\/\/activecitizensfund.ro\/wp-content\/uploads\/2019\/10\/All-logos-11-01-1024x1024.png 1024w, https:\/\/activecitizensfund.ro\/wp-content\/uploads\/2019\/10\/All-logos-11-01-600x600.png 600w, https:\/\/activecitizensfund.ro\/wp-content\/uploads\/2019\/10\/All-logos-11-01-200x200.png 200w\" sizes=\"auto, (max-width: 1366px) 100vw, 1366px\"  data-dt-location=\"https:\/\/activecitizensfund.ro\/en\/apel1-programul3\/all-logos-11-01\/\" \/><\/div>\n\t\t<\/figure>\n\t<\/div>\n<\/div><\/div><\/div><div class=\"wpb_column vc_column_container vc_col-sm-3\"><div class=\"vc_column-inner\"><div class=\"wpb_wrapper\">\n\t<div  class=\"wpb_single_image wpb_content_element vc_align_center\">\n\t\t\n\t\t<figure class=\"wpb_wrapper vc_figure\">\n\t\t\t<div class=\"vc_single_image-wrapper   vc_box_border_grey\"><img loading=\"lazy\" decoding=\"async\" width=\"1366\" height=\"1366\" src=\"https:\/\/activecitizensfund.ro\/wp-content\/uploads\/2019\/05\/All-Logos-01.png\" class=\"vc_single_image-img attachment-full\" alt=\"\" title=\"All Logos-01\" srcset=\"https:\/\/activecitizensfund.ro\/wp-content\/uploads\/2019\/05\/All-Logos-01.png 1366w, https:\/\/activecitizensfund.ro\/wp-content\/uploads\/2019\/05\/All-Logos-01-150x150.png 150w, https:\/\/activecitizensfund.ro\/wp-content\/uploads\/2019\/05\/All-Logos-01-300x300.png 300w, https:\/\/activecitizensfund.ro\/wp-content\/uploads\/2019\/05\/All-Logos-01-768x768.png 768w, https:\/\/activecitizensfund.ro\/wp-content\/uploads\/2019\/05\/All-Logos-01-1024x1024.png 1024w, https:\/\/activecitizensfund.ro\/wp-content\/uploads\/2019\/05\/All-Logos-01-600x600.png 600w, https:\/\/activecitizensfund.ro\/wp-content\/uploads\/2019\/05\/All-Logos-01-200x200.png 200w\" sizes=\"auto, (max-width: 1366px) 100vw, 1366px\"  data-dt-location=\"https:\/\/activecitizensfund.ro\/en\/forum-2019\/all-logos-01\/\" \/><\/div>\n\t\t<\/figure>\n\t<\/div>\n<\/div><\/div><\/div><div class=\"wpb_column vc_column_container vc_col-sm-3\"><div class=\"vc_column-inner\"><div class=\"wpb_wrapper\">\n\t<div  class=\"wpb_single_image wpb_content_element vc_align_center\">\n\t\t\n\t\t<figure class=\"wpb_wrapper vc_figure\">\n\t\t\t<div class=\"vc_single_image-wrapper   vc_box_border_grey\"><img loading=\"lazy\" decoding=\"async\" width=\"1366\" height=\"1366\" src=\"https:\/\/activecitizensfund.ro\/wp-content\/uploads\/2019\/05\/All-Logos-03.png\" class=\"vc_single_image-img attachment-full\" alt=\"\" title=\"All Logos-03\" srcset=\"https:\/\/activecitizensfund.ro\/wp-content\/uploads\/2019\/05\/All-Logos-03.png 1366w, https:\/\/activecitizensfund.ro\/wp-content\/uploads\/2019\/05\/All-Logos-03-150x150.png 150w, https:\/\/activecitizensfund.ro\/wp-content\/uploads\/2019\/05\/All-Logos-03-300x300.png 300w, https:\/\/activecitizensfund.ro\/wp-content\/uploads\/2019\/05\/All-Logos-03-768x768.png 768w, https:\/\/activecitizensfund.ro\/wp-content\/uploads\/2019\/05\/All-Logos-03-1024x1024.png 1024w, https:\/\/activecitizensfund.ro\/wp-content\/uploads\/2019\/05\/All-Logos-03-600x600.png 600w, https:\/\/activecitizensfund.ro\/wp-content\/uploads\/2019\/05\/All-Logos-03-200x200.png 200w\" sizes=\"auto, (max-width: 1366px) 100vw, 1366px\"  data-dt-location=\"https:\/\/activecitizensfund.ro\/en\/forum-2019\/all-logos-03\/\" \/><\/div>\n\t\t<\/figure>\n\t<\/div>\n<\/div><\/div><\/div><div class=\"wpb_column vc_column_container vc_col-sm-3\"><div class=\"vc_column-inner\"><div class=\"wpb_wrapper\">\n\t<div  class=\"wpb_single_image wpb_content_element vc_align_center\">\n\t\t\n\t\t<figure class=\"wpb_wrapper vc_figure\">\n\t\t\t<div class=\"vc_single_image-wrapper   vc_box_border_grey\"><img loading=\"lazy\" decoding=\"async\" width=\"1366\" height=\"1366\" src=\"https:\/\/activecitizensfund.ro\/wp-content\/uploads\/2021\/09\/Norge_logo-01.png\" class=\"vc_single_image-img attachment-full\" alt=\"\" title=\"Norge_logo-01\" srcset=\"https:\/\/activecitizensfund.ro\/wp-content\/uploads\/2021\/09\/Norge_logo-01.png 1366w, https:\/\/activecitizensfund.ro\/wp-content\/uploads\/2021\/09\/Norge_logo-01-300x300.png 300w, https:\/\/activecitizensfund.ro\/wp-content\/uploads\/2021\/09\/Norge_logo-01-1024x1024.png 1024w, https:\/\/activecitizensfund.ro\/wp-content\/uploads\/2021\/09\/Norge_logo-01-150x150.png 150w, https:\/\/activecitizensfund.ro\/wp-content\/uploads\/2021\/09\/Norge_logo-01-768x768.png 768w, https:\/\/activecitizensfund.ro\/wp-content\/uploads\/2021\/09\/Norge_logo-01-12x12.png 12w\" sizes=\"auto, (max-width: 1366px) 100vw, 1366px\"  data-dt-location=\"https:\/\/activecitizensfund.ro\/en\/trillenials\/norge_logo-01-2\/\" \/><\/div>\n\t\t<\/figure>\n\t<\/div>\n<\/div><\/div><\/div><\/div><!-- Row Backgrounds --><div class=\"upb_color\" data-bg-override=\"0\" data-bg-color=\"\" data-fadeout=\"\" data-fadeout-percentage=\"30\" data-parallax-content=\"\" data-parallax-content-sense=\"30\" data-row-effect-mobile-disable=\"true\" data-img-parallax-mobile-disable=\"true\" data-rtl=\"false\"  data-custom-vc-row=\"\"  data-vc=\"7.8\"  data-is_old_vc=\"\"  data-theme-support=\"\"   data-overlay=\"false\" data-overlay-color=\"\" data-overlay-pattern=\"\" data-overlay-pattern-opacity=\"\" data-overlay-pattern-size=\"\"    ><\/div><\/section><div class=\"vc_row-full-width vc_clearfix\"><\/div>\n<\/div>","protected":false},"excerpt":{"rendered":"<p>Are you involved in an NGO or any other associative structure and want to develop the skills you need to deal with the various situations you encounter? Want to learn more about civil society, working in NGOs and how to change things for the better? Are you willing to devote time and energy to these things? Do you want to be part of the new generation of leaders for civil society in Romania?<\/p>","protected":false},"author":1,"featured_media":57737,"comment_status":"closed","ping_status":"closed","sticky":false,"template":"","format":"standard","meta":{"footnotes":""},"categories":[220,219,211],"tags":[214,222,223],"class_list":["post-57733","post","type-post","status-publish","format-standard","has-post-thumbnail","hentry","category-apeluri-programul3","category-programul3","category-stiri","tag-apel","tag-programul3","tag-trillenials","category-220","category-219","category-211","description-off"],"_links":{"self":[{"href":"https:\/\/activecitizensfund.ro\/en\/wp-json\/wp\/v2\/posts\/57733","targetHints":{"allow":["GET"]}}],"collection":[{"href":"https:\/\/activecitizensfund.ro\/en\/wp-json\/wp\/v2\/posts"}],"about":[{"href":"https:\/\/activecitizensfund.ro\/en\/wp-json\/wp\/v2\/types\/post"}],"author":[{"embeddable":true,"href":"https:\/\/activecitizensfund.ro\/en\/wp-json\/wp\/v2\/users\/1"}],"replies":[{"embeddable":true,"href":"https:\/\/activecitizensfund.ro\/en\/wp-json\/wp\/v2\/comments?post=57733"}],"version-history":[{"count":14,"href":"https:\/\/activecitizensfund.ro\/en\/wp-json\/wp\/v2\/posts\/57733\/revisions"}],"predecessor-version":[{"id":57853,"href":"https:\/\/activecitizensfund.ro\/en\/wp-json\/wp\/v2\/posts\/57733\/revisions\/57853"}],"wp:featuredmedia":[{"embeddable":true,"href":"https:\/\/activecitizensfund.ro\/en\/wp-json\/wp\/v2\/media\/57737"}],"wp:attachment":[{"href":"https:\/\/activecitizensfund.ro\/en\/wp-json\/wp\/v2\/media?parent=57733"}],"wp:term":[{"taxonomy":"category","embeddable":true,"href":"https:\/\/activecitizensfund.ro\/en\/wp-json\/wp\/v2\/categories?post=57733"},{"taxonomy":"post_tag","embeddable":true,"href":"https:\/\/activecitizensfund.ro\/en\/wp-json\/wp\/v2\/tags?post=57733"}],"curies":[{"name":"wp","href":"https:\/\/api.w.org\/{rel}","templated":true}]}}