{"id":57849,"date":"2022-09-01T07:00:49","date_gmt":"2022-09-01T04:00:49","guid":{"rendered":"https:\/\/activecitizensfund.ro\/?p=57849"},"modified":"2022-08-30T13:32:49","modified_gmt":"2022-08-30T10:32:49","slug":"sesiune-de-informare-privind-apelurile-deschise-ca-raspuns-la-criza-din-ucraina","status":"publish","type":"post","link":"https:\/\/activecitizensfund.ro\/en\/sesiune-de-informare-privind-apelurile-deschise-ca-raspuns-la-criza-din-ucraina\/","title":{"rendered":"Sesiune de informare privind apelurile deschise ca r\u0103spuns la criza din Ucraina"},"content":{"rendered":"<div class=\"wpb-content-wrapper\"><div class=\"vc_row wpb_row vc_row-fluid dt-default\" style=\"margin-top: 0px;margin-bottom: 0px\"><div class=\"wpb_column vc_column_container vc_col-sm-12\"><div class=\"vc_column-inner\"><div class=\"wpb_wrapper\">\n\t<div class=\"wpb_text_column wpb_content_element\" >\n\t\t<div class=\"wpb_wrapper\">\n\t\t\t<p style=\"font-weight: 400;\">Funda\u021bia pentru Dezvoltarea Societ\u0103\u021bii Civile organizeaz\u0103 \u00een cadrul programului de finan\u021bare Active Citizens Fund Rom\u00e2nia o <strong>information session<\/strong> \u00een care <strong>vor fi prezentate cele trei apeluri deschise ca r\u0103spuns la criza din Ucraina<\/strong><strong>, tematici \u0219i eligibilitate.<\/strong><\/p>\n<p style=\"font-weight: 400;\"><strong>The objective <\/strong>sesiunii de informare este de a prezenta poten\u021bialilor solicitan\u021bi informa\u021bii despre <strong>Apelurile #1.1, #4.1 <\/strong>and <strong>#6.1<\/strong> lansate recent \u0219i de a oferi detalii relevante despre obiectivele apelurilor, proiecte eligibile, rezultate a\u0219teptate precum \u0219i despre procesul de aplicare.<\/p>\n\n\t\t<\/div>\n\t<\/div>\n<div class=\"vc_empty_space\"   style=\"height: 32px\"><span class=\"vc_empty_space_inner\"><\/span><\/div><h3 style=\"text-align: left\" class=\"vc_custom_heading vc_do_custom_heading\" >Agenda<\/h3><div class=\"standard-arrow list-divider bullet-top\"><ul>\n<li>\n<p style=\"font-weight: 400;\">14.00 \u2013 14.10 Prezentare general\u0103 a Programului<\/p>\n<p style=\"font-weight: 400;\">\n<\/li>\n<li>\n<p style=\"font-weight: 400;\">14.10 \u2013 14.50 Apeluri de proiecte deschise #1.1, #4.1 \u0219i #6.1<\/p>\n<p style=\"font-weight: 400;\">\n<\/li>\n<li>\n<p style=\"font-weight: 400;\">14.50 \u2013 15.00 Indicatori de Program<\/p>\n<p style=\"font-weight: 400;\">\n<\/li>\n<li>\n<p style=\"font-weight: 400;\">15.00 \u2013 15.10 Eligibilitatea solicitan\u021bilor \u0219i partenerilor<\/p>\n<p style=\"font-weight: 400;\">\n<\/li>\n<li>\n<p style=\"font-weight: 400;\">15.10 \u2013 15.20 Sesiune de \u00eentreb\u0103ri \u0219i r\u0103spunsuri<\/p>\n<p style=\"font-weight: 400;\">\n<\/li>\n<li>\n<p style=\"font-weight: 400;\">15.20 \u2013 15.50 Buget \u0219i costuri eligibile<\/p>\n<p style=\"font-weight: 400;\">\n<\/li>\n<li>\n<p style=\"font-weight: 400;\">15.50 \u2013 16.00 Sesiune de \u00eentreb\u0103ri \u0219i r\u0103spunsuri<\/p>\n<p style=\"font-weight: 400;\">\n<\/li>\n<li>\n<p style=\"font-weight: 400;\">16.00 \u2013 16.15 Proces si Platforma de aplicare<\/p>\n<p style=\"font-weight: 400;\">\n<\/li>\n<li>\n<p style=\"font-weight: 400;\">16.15 \u2013 16.45 Sesiune de \u00eentreb\u0103ri \u0219i r\u0103spunsuri<\/p>\n<\/li>\n<\/ul>\n<\/div><div class=\"vc_empty_space\"   style=\"height: 32px\"><span class=\"vc_empty_space_inner\"><\/span><\/div>\n\t<div class=\"wpb_text_column wpb_content_element\" >\n\t\t<div class=\"wpb_wrapper\">\n\t\t\t<p style=\"font-weight: 400;\">Any <strong>questions <\/strong>legate de apelurile ce vizeaz\u0103 criza din Ucraina din cadrul programului de finan\u021bare Active Citizens Fund Rom\u00e2nia pot fi trimise prin email la <a href=\"mailto:raluca.teodor@fdsc.ro\">raluca.teodor@fdsc.ro<\/a>. R\u0103spunsurile vor fi f\u0103cute cunoscute \u00een cadrul sesiunii de informare \u0219i ulterior publicate pe website-ul programului.<\/p>\n<p style=\"font-weight: 400;\">Organiza\u021biile interesate s\u0103 participe sunt invitate s\u0103 completeze <strong>formularul de \u00eenscriere<\/strong> disponibil <a href=\"https:\/\/www.esurveyspro.com\/Survey.aspx?id=3764edbd-ca21-4dda-966b-321f0e06dd21\"><strong>HERE<\/strong><\/a>, p\u00e2n\u0103 cel t\u00e2rziu vineri, <strong>9 <\/strong><strong>\u00a0septembrie, ora 18:00<\/strong>. \u00a0Odat\u0103 \u00eenscrise, organiza\u021biile vor primi un email cu toate detaliile de participare p\u00e2n\u0103 cel t\u00e2rziu luni, 12 septembrie, ora 18.00.<\/p>\n<p style=\"font-weight: 400;\">The event is exclusively addressed to <strong>organiza\u021biilor neguvernamentale<\/strong> and <strong>the maximum number of participants can be 100 persons<\/strong>. Registrations will be closed once this number is reached.<\/p>\n<p style=\"font-weight: 400;\">Sesiunea de informare se va desf\u0103\u0219ura \u00een limba rom\u00e2n\u0103 \u0219i nu vor fi furnizate servicii de traducere\/interpretare.<\/p>\n\n\t\t<\/div>\n\t<\/div>\n<div class=\"vc_message_box vc_message_box-standard vc_message_box-rounded vc_color-info\" ><div class=\"vc_message_box-icon\"><i class=\"fas fa-info-circle\"><\/i><\/div><p style=\"font-weight: 400;\"><strong>Contact person<\/strong> pentru detalii suplimentare legate de procesul de \u00eenscriere: Rebeca Peca (Funda\u021bia pentru Dezvoltarea Societ\u0103\u021bii Civile) \u2013 0752.444.304 sau rebeca.peca@fdsc.ro.<\/p>\n<\/div><\/div><\/div><\/div><\/div>\n<\/div>","protected":false},"excerpt":{"rendered":"<p>#haide la sesiunea de informare privind apelurile deschise ca r\u0103spuns la criza din Ucraina <\/p>","protected":false},"author":1,"featured_media":57850,"comment_status":"closed","ping_status":"closed","sticky":false,"template":"template-microsite.php","format":"standard","meta":{"footnotes":""},"categories":[211],"tags":[],"class_list":["post-57849","post","type-post","status-publish","format-standard","has-post-thumbnail","hentry","category-stiri","category-211","description-off"],"_links":{"self":[{"href":"https:\/\/activecitizensfund.ro\/en\/wp-json\/wp\/v2\/posts\/57849","targetHints":{"allow":["GET"]}}],"collection":[{"href":"https:\/\/activecitizensfund.ro\/en\/wp-json\/wp\/v2\/posts"}],"about":[{"href":"https:\/\/activecitizensfund.ro\/en\/wp-json\/wp\/v2\/types\/post"}],"author":[{"embeddable":true,"href":"https:\/\/activecitizensfund.ro\/en\/wp-json\/wp\/v2\/users\/1"}],"replies":[{"embeddable":true,"href":"https:\/\/activecitizensfund.ro\/en\/wp-json\/wp\/v2\/comments?post=57849"}],"version-history":[{"count":1,"href":"https:\/\/activecitizensfund.ro\/en\/wp-json\/wp\/v2\/posts\/57849\/revisions"}],"predecessor-version":[{"id":57851,"href":"https:\/\/activecitizensfund.ro\/en\/wp-json\/wp\/v2\/posts\/57849\/revisions\/57851"}],"wp:featuredmedia":[{"embeddable":true,"href":"https:\/\/activecitizensfund.ro\/en\/wp-json\/wp\/v2\/media\/57850"}],"wp:attachment":[{"href":"https:\/\/activecitizensfund.ro\/en\/wp-json\/wp\/v2\/media?parent=57849"}],"wp:term":[{"taxonomy":"category","embeddable":true,"href":"https:\/\/activecitizensfund.ro\/en\/wp-json\/wp\/v2\/categories?post=57849"},{"taxonomy":"post_tag","embeddable":true,"href":"https:\/\/activecitizensfund.ro\/en\/wp-json\/wp\/v2\/tags?post=57849"}],"curies":[{"name":"wp","href":"https:\/\/api.w.org\/{rel}","templated":true}]}}