{"id":58061,"date":"2023-08-10T10:28:52","date_gmt":"2023-08-10T07:28:52","guid":{"rendered":"https:\/\/activecitizensfund.ro\/?p=58061"},"modified":"2023-08-10T10:35:29","modified_gmt":"2023-08-10T07:35:29","slug":"apel-selectie-trillenials-anul-2023-2024","status":"publish","type":"post","link":"https:\/\/activecitizensfund.ro\/en\/apel-selectie-trillenials-anul-2023-2024\/","title":{"rendered":"APEL SELEC\u021aIE #TRILLENIALS \u2013 Anul 2023\/ 2024"},"content":{"rendered":"<div class=\"wpb-content-wrapper\"><section class=\"vc_section\"><div class=\"vc_row wpb_row vc_row-fluid vc_column-gap-10 vc_row-o-equal-height vc_row-flex\"><div class=\"wpb_column vc_column_container vc_col-sm-6\"><div class=\"vc_column-inner\"><div class=\"wpb_wrapper\"><div class=\"ult-content-box-container\" >\t\t<div class=\"ult-content-box\" style=\"background-color:#00997a;box-shadow: px px px px none;border-style:none;border-color:#ffffff;padding:15px;min-height:300px;-webkit-transition: all 700ms ease;-moz-transition: all 700ms ease;-ms-transition: all 700ms ease;-o-transition: all 700ms ease;transition: all 700ms ease;\"  data-hover_box_shadow=\"none\"     data-bg=\"#00997a\"  data-border_color=\"#ffffff\" >\n\t<div class=\"wpb_text_column wpb_content_element  whitetext\" >\n\t\t<div class=\"wpb_wrapper\">\n\t\t\t<p><span style=\"color: #ffffff;\">Te implici (activ) \u00eentr-un ONG \u0219i vrei s\u0103-\u021bi dezvol\u021bi (\u0219i mai mult) competen\u021bele de lucru \u00een domeniu? Vrei s\u0103 \u00eenve\u021bi mai multe despre societatea civil\u0103, despre munca \u00een ONG \u0219i despre cum po\u021bi s\u0103 transformi \u00een (mai) bine comunitatea\/ societatea? Vrei s\u0103 te conectezi cu oameni ca tine, cu acela\u0219i scop de \u201dmai bine\u201d, \u0219i s\u0103 duce\u021bi societatea civil\u0103 la urm\u0103torul nivel?<\/span><\/p>\n\n\t\t<\/div>\n\t<\/div>\n\t\t<\/div><\/div><\/div><\/div><\/div><div class=\"wpb_column vc_column_container vc_col-sm-6\"><div class=\"vc_column-inner\"><div class=\"wpb_wrapper\"><div class=\"ult-content-box-container\" >\t\t<div class=\"ult-content-box\" style=\"background-color:#00997a;box-shadow: px px px px none;border-style:none;border-color:#ffffff;padding:15px;min-height:300px;-webkit-transition: all 700ms ease;-moz-transition: all 700ms ease;-ms-transition: all 700ms ease;-o-transition: all 700ms ease;transition: all 700ms ease;\"  data-hover_box_shadow=\"none\"     data-bg=\"#00997a\"  data-border_color=\"#ffffff\" >\n\t<div class=\"wpb_text_column wpb_content_element  whitetext\" >\n\t\t<div class=\"wpb_wrapper\">\n\t\t\t<p><span style=\"color: #ffffff;\">Atunci #haide \u00een Programul3 \u2013 un program de preg\u0103tire de lung\u0103 durat\u0103 pentru oameni implica\u021bi \u00een al treilea sector, o \u0219coal\u0103 pentru cei care vor s\u0103 se conecteze \u0219i s\u0103 contribuie la dezvoltarea societ\u0103\u021bii civile din Rom\u00e2nia \u0219i nu numai.<\/span><\/p>\n\n\t\t<\/div>\n\t<\/div>\n\t\t<\/div><\/div><\/div><\/div><\/div><\/div><div class=\"vc_row wpb_row vc_row-fluid vc_column-gap-10\"><div class=\"wpb_animate_when_almost_visible wpb_flipInY flipInY wpb_column vc_column_container vc_col-sm-6\"><div class=\"vc_column-inner\"><div class=\"wpb_wrapper\"><div class=\"ult-content-box-container\" >\t\t<div class=\"ult-content-box\" style=\"box-shadow: px px px px none;border-style:none;border-color:#ffffff;padding:15px;min-height:0px;-webkit-transition: all 700ms ease;-moz-transition: all 700ms ease;-ms-transition: all 700ms ease;-o-transition: all 700ms ease;transition: all 700ms ease;\"  data-hover_box_shadow=\"none\"     data-border_color=\"#ffffff\" >\n\t<div class=\"wpb_text_column wpb_content_element  prgr3\" >\n\t\t<div class=\"wpb_wrapper\">\n\t\t\t<p style=\"font-weight: 400;\"><strong>Isn't it clear what this is about?<\/strong><\/p>\n<p style=\"font-weight: 400;\"><strong>Keep calm, cite\u0219te cele de mai jos \u0219i parcurge manifestul nostru de aici!<\/strong><\/p>\n\n\t\t<\/div>\n\t<\/div>\n\t\t<\/div><\/div><\/div><\/div><\/div><div class=\"wpb_animate_when_almost_visible wpb_flipInX flipInX wpb_column vc_column_container vc_col-sm-6 vc_col-has-fill\"><div class=\"vc_column-inner vc_custom_1567596185647\"><div class=\"wpb_wrapper\"><div class=\"ult-content-box-container\" >\t\t<div class=\"ult-content-box\" style=\"background-color:#00997a;box-shadow: px px px px none;border-style:none;border-color:#ffffff;padding:0px;margin:0px;min-height:0px;-webkit-transition: all 700ms ease;-moz-transition: all 700ms ease;-ms-transition: all 700ms ease;-o-transition: all 700ms ease;transition: all 700ms ease;\"  data-hover_box_shadow=\"none\"    data-normal_margins=\"margin:0px;\"   data-bg=\"#00997a\"  data-border_color=\"#ffffff\" ><div class=\"ubtn-ctn-center fullwidthbttn\"><a class=\"ubtn-link ult-adjust-bottom-margin ubtn-center ubtn-block fullwidthbttn\" href=\"https:\/\/activecitizensfund.ro\/en\/trillenials\/\" ><button type=\"button\" id=\"ubtn-5297\"  class=\"ubtn ult-adjust-bottom-margin ult-responsive ubtn-block ubtn-no-hover-bg  none  ubtn-center   tooltip-69f4af7640bc2 ubtn-block\"  data-hover=\"#00997a\" data-border-color=\"\" data-bg=\"#00997a\" data-hover-bg=\"#ffffff\" data-border-hover=\"\" data-shadow-hover=\"\" data-shadow-click=\"none\" data-shadow=\"\" data-shd-shadow=\"\"  data-ultimate-target='#ubtn-5297'  data-responsive-json-new='{\"font-size\":\"desktop:20px;\",\"line-height\":\"desktop:20px;\"}'  style=\"font-weight:bold;border:none;background: #00997a;color: #ffffff;\"><span class=\"ubtn-hover\" style=\"background-color:#ffffff\"><\/span><span class=\"ubtn-data ubtn-text\" >MANIFESTO<\/span><\/button><\/a><\/div>\t\t<\/div><\/div><\/div><\/div><\/div><\/div><div class=\"vc_row wpb_row vc_row-fluid dt-default\" style=\"margin-top: 0px;margin-bottom: 0px\"><div class=\"wpb_column vc_column_container vc_col-sm-12\"><div class=\"vc_column-inner\"><div class=\"wpb_wrapper\"><div id=\"ultimate-heading-521769f4af7641170\" class=\"uvc-heading ult-adjust-bottom-margin ultimate-heading-521769f4af7641170 uvc-6272 prgr3 uvc-heading-default-font-sizes\" data-hspacer=\"no_spacer\"  data-halign=\"left\" style=\"text-align:left\"><div class=\"uvc-heading-spacer no_spacer\" style=\"top\"><\/div><div class=\"uvc-main-heading ult-responsive\"  data-ultimate-target='.uvc-heading.ultimate-heading-521769f4af7641170 h4'  data-responsive-json-new='{\"font-size\":\"\",\"line-height\":\"\"}' ><h4 style=\"--font-weight:theme;\">Why is there a need for the Program3?<\/h4><\/div><\/div><div class=\"vc_empty_space\"   style=\"height: 32px\"><span class=\"vc_empty_space_inner\"><\/span><\/div><div class=\"standard-arrow list-divider bullet-top\"><ul>\n<li>Potrivit ultimelor studii, prea pu\u021bini tineri vor s\u0103 lucreze pe termen lung \u00een al treilea sector\/ \u00een ONG-uri, chiar dac\u0103 interesul pentru implicare \u00een ac\u021biuni civice a crescut;<\/li>\n<li>\u00cen timp ce majoritatea persoanelor angajate \u00een sectorul ONG au \u00eentre 25 \u0219i 34 de ani, cele mai multe persoane \u00een pozi\u021bii de leadership din sector sunt de mai mult de 8 ani la conducere;<\/li>\n<li>Este nevoie de un format care s\u0103 aduc\u0103 \u00eempreun\u0103 persoane tinere interesate s\u0103 dezvolte al treilea sector prin noi abord\u0103ri, \u00eenv\u0103\u021b\u00e2nd \u00een acela\u0219i timp de la profesioni\u0219ti \u00een domeniu.<\/li>\n<\/ul>\n<\/div><div class=\"vc_empty_space\"   style=\"height: 32px\"><span class=\"vc_empty_space_inner\"><\/span><\/div><div class=\"vc_empty_space\"   style=\"height: 60px\"><span class=\"vc_empty_space_inner\"><\/span><\/div><\/div><\/div><\/div><\/div><div class=\"vc_row wpb_row vc_row-fluid dt-default\" style=\"margin-top: 0px;margin-bottom: 0px\"><div class=\"wpb_column vc_column_container vc_col-sm-12\"><div class=\"vc_column-inner\"><div class=\"wpb_wrapper\"><div id=\"ultimate-heading-229469f4af76419ab\" class=\"uvc-heading ult-adjust-bottom-margin ultimate-heading-229469f4af76419ab uvc-997 prgr3 uvc-heading-default-font-sizes\" data-hspacer=\"no_spacer\"  data-halign=\"left\" style=\"text-align:left\"><div class=\"uvc-heading-spacer no_spacer\" style=\"top\"><\/div><div class=\"uvc-main-heading ult-responsive\"  data-ultimate-target='.uvc-heading.ultimate-heading-229469f4af76419ab h4'  data-responsive-json-new='{\"font-size\":\"\",\"line-height\":\"\"}' ><h4 style=\"--font-weight:theme;\">Who are we looking for the Program3? (please  \"selection criteria\")<\/h4><\/div><\/div>\n\t<div class=\"wpb_text_column wpb_content_element\" >\n\t\t<div class=\"wpb_wrapper\">\n\t\t\t<p>We are looking for at least 25 <strong>#trillenials<\/strong>, persoane tinere care:<\/p>\n\n\t\t<\/div>\n\t<\/div>\n<div class=\"vc_empty_space\"   style=\"height: 32px\"><span class=\"vc_empty_space_inner\"><\/span><\/div><div class=\"standard-arrow list-divider bullet-top\"><ul>\n<li>sunt implicate civic \u0219i deja lucreaz\u0103\/ activeaz\u0103 \u00een organiza\u021bii neguvernamentale,<\/li>\n<li>con\u0219tientizeaz\u0103 importan\u021ba celui de-al treilea sector \u0219i sunt motivate s\u0103 \u00eel duc\u0103 la urm\u0103torul nivel, av\u00e2nd astfel poten\u021bial s\u0103 fac\u0103 parte din viitoarele genera\u021bii care vor conduce sectorul neguvernamental,<\/li>\n<li>vor s\u0103 \u00ee\u0219i dezvolte (\u0219i mai mult) competen\u021bele de lucru \u00een ONG,<\/li>\n<li>ader\u0103 \u00een g\u00e2ndire \u0219i practic\u0103 la valorile comune ale respect\u0103rii demnit\u0103\u021bii umane, libert\u0103\u021bii, democra\u021biei, egalit\u0103\u021bii, statului de drept \u0219i respect\u0103rii drepturilor <strong>tuturor.<\/strong><\/li>\n<\/ul>\n<\/div>\n\t<div class=\"wpb_text_column wpb_content_element\" >\n\t\t<div class=\"wpb_wrapper\">\n\t\t\t<p style=\"font-weight: 400;\">Din perspectiva noastr\u0103, #trillenials sunt acele persoane tinere care au <strong>minim 18 ani \u0219i maxim 30 de ani, <\/strong>that <strong>au idee despre societatea civil\u0103 \u0219i lucrul \u00een ONG<\/strong>, dar nu neap\u0103rat mult\u0103 practic\u0103 \u00een domeniu. Sunt persoane interesate de <strong>subiecte sociale \u0219i civice<\/strong>, chiar dac\u0103 nu le st\u0103p\u00e2nesc 100%. Sunt persoane <strong>dispuse s\u0103 se implice din ce \u00een ce mai activ<\/strong> <strong>\u00een structuri asociative<\/strong> (nu doar s\u0103 fac\u0103 voluntariat). Nu \u0219i-au g\u0103sit \u00eenc\u0103 locul \u00een sectorul ONG dar exist\u0103 o atrac\u021bie clar\u0103 de a lucra \u0219i a contribui la sectorul societ\u0103\u021bii civile.<\/p>\n\n\t\t<\/div>\n\t<\/div>\n<div class=\"vc_empty_space\"   style=\"height: 65px\"><span class=\"vc_empty_space_inner\"><\/span><\/div><div id=\"ultimate-heading-106169f4af7641de1\" class=\"uvc-heading ult-adjust-bottom-margin ultimate-heading-106169f4af7641de1 uvc-8878 prgr3 uvc-heading-default-font-sizes\" data-hspacer=\"no_spacer\"  data-halign=\"left\" style=\"text-align:left\"><div class=\"uvc-heading-spacer no_spacer\" style=\"top\"><\/div><div class=\"uvc-main-heading ult-responsive\"  data-ultimate-target='.uvc-heading.ultimate-heading-106169f4af7641de1 h4'  data-responsive-json-new='{\"font-size\":\"\",\"line-height\":\"\"}' ><h4 style=\"--font-weight:theme;\">What happens in the Program3?<\/h4><\/div><\/div><div class=\"vc_empty_space\"   style=\"height: 32px\"><span class=\"vc_empty_space_inner\"><\/span><\/div>\n\t<div class=\"wpb_text_column wpb_content_element\" >\n\t\t<div class=\"wpb_wrapper\">\n\t\t\t<p style=\"font-weight: 400;\">Program3 proposes <strong>proces de \u00eenv\u0103\u021bare de aproximativ 6 luni de zile<\/strong>, structurat \u00een dou\u0103 semestre cu o curricul\u0103 predefinit\u0103, la care se adaug\u0103 un proces particularizat de \u00eenv\u0103\u021bare, \u00een func\u021bie de nevoile \u0219i interesele fiec\u0103rei persoane, astfel:<\/p>\n<p style=\"font-weight: 400; padding-left: 40px;\"><strong>The first semester<\/strong> va fi dedicat con\u021binuturilor tehnice ce \u021bin de lucru \u00een ONG cu introducere \u00een ONGez\u0103 \u0219i dezvoltare de abilit\u0103\u021bi esen\u021biale de lucru (precum dezvoltare organiza\u021bional\u0103, fundraising, comunicare, managementul voluntarilor, etc.)<\/p>\n<p style=\"font-weight: 400; padding-left: 40px;\"><strong>The second semester<\/strong> va fi dedicat con\u021binuturilor tematice ce \u021bin de dezvoltare comunitar\u0103, tehnici \u0219i metode de participare public\u0103, metode \u0219i tehnici de educa\u021bie nonformal\u0103, advocacy, etc.<\/p>\n\n\t\t<\/div>\n\t<\/div>\n<div class=\"vc_empty_space\"   style=\"height: 60px\"><span class=\"vc_empty_space_inner\"><\/span><\/div><div id=\"ultimate-heading-532869f4af76420a7\" class=\"uvc-heading ult-adjust-bottom-margin ultimate-heading-532869f4af76420a7 uvc-3894 prgr3 uvc-heading-default-font-sizes\" data-hspacer=\"no_spacer\"  data-halign=\"left\" style=\"text-align:left\"><div class=\"uvc-heading-spacer no_spacer\" style=\"top\"><\/div><div class=\"uvc-main-heading ult-responsive\"  data-ultimate-target='.uvc-heading.ultimate-heading-532869f4af76420a7 h4'  data-responsive-json-new='{\"font-size\":\"\",\"line-height\":\"\"}' ><h4 style=\"--font-weight:theme;\">Timeline program 2023\/2024<\/h4><\/div><\/div><div class=\"vc_empty_space\"   style=\"height: 32px\"><span class=\"vc_empty_space_inner\"><\/span><\/div><div class=\"standard-arrow list-divider bullet-top\"><ul>\n<li style=\"font-weight: 400;\"><strong>04 \u2013 19 septembrie 2023:<\/strong> Induc\u021bie \u00een program\/ analiz\u0103 de nevoi (<span style=\"text-decoration: underline;\">online<\/span>)<\/li>\n<li style=\"font-weight: 400;\"><strong>20 \u2013 24 septembrie 2023:<\/strong> \u0218coala de var\u0103\/ kick-off #program3 (<span style=\"text-decoration: underline;\">offline<\/span>)<\/li>\n<li style=\"font-weight: 400;\"><strong>25 septembrie \u2013 01 noiembrie:<\/strong> Module de \u00eenv\u0103\u021bare \u0219i \u00eent\u00e2lniri tematice pe zona de management ONG (<span style=\"text-decoration: underline;\">online<\/span>)<\/li>\n<li style=\"font-weight: 400;\"><strong>02 \u2013 05 noiembrie 2023:<\/strong> \u0218coal\u0103 de toamn\u0103\/ \u00a0Cluj-Napoca (<span style=\"text-decoration: underline;\">offline<\/span>)<\/li>\n<li style=\"font-weight: 400;\"><strong>06 noiembrie \u2013 15 martie:<\/strong> Module de \u00eenv\u0103\u021bare \u0219i \u00eent\u00e2lniri tematice pe zona de tematici ONG (<span style=\"text-decoration: underline;\">online<\/span>)<\/li>\n<li style=\"font-weight: 400;\"><strong>22 martie 2023:<\/strong> Eveniment final Bucure\u0219ti (<span style=\"text-decoration: underline;\">offline)<\/span><\/li>\n<\/ul>\n<\/div><div class=\"ult-content-box-container\" >\t\t<div class=\"ult-content-box\" style=\"background-color:#00997a;box-shadow: px px px px none;border-style:none;border-color:#ffffff;padding:15px;-webkit-transition: all 700ms ease;-moz-transition: all 700ms ease;-ms-transition: all 700ms ease;-o-transition: all 700ms ease;transition: all 700ms ease;\"  data-hover_box_shadow=\"none\"     data-bg=\"#00997a\"  data-border_color=\"#ffffff\" >\n\t<div class=\"wpb_text_column wpb_content_element  whitetext\" >\n\t\t<div class=\"wpb_wrapper\">\n\t\t\t<p><span style=\"color: #ffffff;\"><strong>IMPORTANT!<br \/>\nPerioada de implicare a persoanelor selectate este de aproximativ 6 luni de zile (septembrie 2023 \u2013 martie 2024), selec\u021bia va \u021bine cont de disponibilitatea asumat\u0103 \u00een acest sens iar participarea la diverse evenimente din cadrul Programului3\/ continuarea \u00een program va fi condi\u021bionat\u0103 de aceast\u0103 implicare.<\/strong><\/span><\/p>\n\n\t\t<\/div>\n\t<\/div>\n\t\t<\/div><\/div><div class=\"vc_empty_space\"   style=\"height: 60px\"><span class=\"vc_empty_space_inner\"><\/span><\/div><\/div><\/div><\/div><\/div><div class=\"vc_row wpb_row vc_row-fluid dt-default\" style=\"margin-top: 0px;margin-bottom: 0px\"><div class=\"wpb_column vc_column_container vc_col-sm-12\"><div class=\"vc_column-inner\"><div class=\"wpb_wrapper\"><div id=\"ultimate-heading-565369f4af764291a\" class=\"uvc-heading ult-adjust-bottom-margin ultimate-heading-565369f4af764291a uvc-2494 prgr3 uvc-heading-default-font-sizes\" data-hspacer=\"no_spacer\"  data-halign=\"left\" style=\"text-align:left\"><div class=\"uvc-heading-spacer no_spacer\" style=\"top\"><\/div><div class=\"uvc-main-heading ult-responsive\"  data-ultimate-target='.uvc-heading.ultimate-heading-565369f4af764291a h4'  data-responsive-json-new='{\"font-size\":\"\",\"line-height\":\"\"}' ><h4 style=\"--font-weight:theme;\">Why join the Program3?<\/h4><\/div><\/div><div class=\"vc_empty_space\"   style=\"height: 32px\"><span class=\"vc_empty_space_inner\"><\/span><\/div>\n\t<div class=\"wpb_text_column wpb_content_element\" >\n\t\t<div class=\"wpb_wrapper\">\n\t\t\t<p>Dac\u0103 ai citit Manif3stul nostru, te reg\u0103se\u0219ti \u00een el \u0219i crezi c\u0103 ai stof\u0103 de #trillenialx, iat\u0103 cele mai importante 3 motive pentru care vrei s\u0103 faci parte din Programul3:<\/p>\n\n\t\t<\/div>\n\t<\/div>\n<div class=\"vc_empty_space\"   style=\"height: 32px\"><span class=\"vc_empty_space_inner\"><\/span><\/div><div class=\"standard-arrow list-divider bullet-top\"><ul>\n<li>Vrei s\u0103 \u00eenve\u021bi de la persoane cu experien\u021b\u0103 \u0219i s\u0103 \u00ee\u021bi dezvol\u021bi la r\u00e2ndul t\u0103u experien\u021ba \u00een domeniul ONG;<\/li>\n<li>Vrei s\u0103 faci pe bune ceva bine pentru societatea civil\u0103 din Rom\u00e2nia;<\/li>\n<li>Vrei s\u0103 fii parte dintr-o comunitate de persoane tinere asemenea \u021bie, \u00eempreun\u0103 cu care s\u0103 muta\u021bi mun\u021bii!<\/li>\n<\/ul>\n<\/div><div class=\"vc_empty_space\"   style=\"height: 60px\"><span class=\"vc_empty_space_inner\"><\/span><\/div><\/div><\/div><\/div><\/div><div class=\"vc_row wpb_row vc_row-fluid dt-default\" style=\"margin-top: 0px;margin-bottom: 0px\"><div class=\"wpb_column vc_column_container vc_col-sm-12\"><div class=\"vc_column-inner\"><div class=\"wpb_wrapper\"><div id=\"ultimate-heading-539169f4af7643145\" class=\"uvc-heading ult-adjust-bottom-margin ultimate-heading-539169f4af7643145 uvc-9359 prgr3 uvc-heading-default-font-sizes\" data-hspacer=\"no_spacer\"  data-halign=\"left\" style=\"text-align:left\"><div class=\"uvc-heading-spacer no_spacer\" style=\"top\"><\/div><div class=\"uvc-main-heading ult-responsive\"  data-ultimate-target='.uvc-heading.ultimate-heading-539169f4af7643145 h4'  data-responsive-json-new='{\"font-size\":\"\",\"line-height\":\"\"}' ><h4 style=\"--font-weight:theme;\">How to be part of Program3?<\/h4><\/div><\/div><\/div><\/div><\/div><\/div><div class=\"vc_row wpb_row vc_row-fluid vc_column-gap-10\"><div class=\"wpb_animate_when_almost_visible wpb_flipInY flipInY wpb_column vc_column_container vc_col-sm-6\"><div class=\"vc_column-inner\"><div class=\"wpb_wrapper\"><div class=\"ult-content-box-container\" >\t\t<div class=\"ult-content-box\" style=\"box-shadow: px px px px none;border-style:none;border-color:#ffffff;padding:15px;min-height:0px;-webkit-transition: all 700ms ease;-moz-transition: all 700ms ease;-ms-transition: all 700ms ease;-o-transition: all 700ms ease;transition: all 700ms ease;\"  data-hover_box_shadow=\"none\"     data-border_color=\"#ffffff\" >\n\t<div class=\"wpb_text_column wpb_content_element  prgr3\" >\n\t\t<div class=\"wpb_wrapper\">\n\t\t\t<h5>Dac\u0103 te-am convins, atunci \u00eenseamn\u0103 c\u0103 pe tine te c\u0103ut\u0103m. Te a\u0219tept\u0103m astfel s\u0103 completezi formularul de candidatur\u0103 unde s\u0103 ne \u00eencarci \u0219i un video de 1 minut p\u00e2n\u0103 pe 31 august 2023, formular disponibil aici:<\/h5>\n\n\t\t<\/div>\n\t<\/div>\n\t\t<\/div><\/div><\/div><\/div><\/div><div class=\"wpb_animate_when_almost_visible wpb_flipInX flipInX wpb_column vc_column_container vc_col-sm-6 vc_col-has-fill\"><div class=\"vc_column-inner vc_custom_1567596185647\"><div class=\"wpb_wrapper\"><div class=\"ult-content-box-container\" >\t\t<div class=\"ult-content-box\" style=\"background-color:#00997a;box-shadow: px px px px none;border-style:none;border-color:#ffffff;padding:0px;margin:0px;min-height:0px;-webkit-transition: all 700ms ease;-moz-transition: all 700ms ease;-ms-transition: all 700ms ease;-o-transition: all 700ms ease;transition: all 700ms ease;\"  data-hover_box_shadow=\"none\"    data-normal_margins=\"margin:0px;\"   data-bg=\"#00997a\"  data-border_color=\"#ffffff\" ><div class=\"ubtn-ctn-center fullwidthbttn\"><a class=\"ubtn-link ult-adjust-bottom-margin ubtn-center ubtn-block fullwidthbttn\" href=\"https:\/\/forms.gle\/gy2ZhYzZkJC5Rk2t6\" target=\"_blank\" rel=\"noopener\" ><button type=\"button\" id=\"ubtn-4877\"  class=\"ubtn ult-adjust-bottom-margin ult-responsive ubtn-block ubtn-no-hover-bg  none  ubtn-center   tooltip-69f4af76438c9 ubtn-block\"  data-hover=\"#00997a\" data-border-color=\"\" data-bg=\"#00997a\" data-hover-bg=\"#ffffff\" data-border-hover=\"\" data-shadow-hover=\"\" data-shadow-click=\"none\" data-shadow=\"\" data-shd-shadow=\"\"  data-ultimate-target='#ubtn-4877'  data-responsive-json-new='{\"font-size\":\"desktop:20px;\",\"line-height\":\"desktop:20px;\"}'  style=\"font-weight:bold;border:none;background: #00997a;color: #ffffff;\"><span class=\"ubtn-hover\" style=\"background-color:#ffffff\"><\/span><span class=\"ubtn-data ubtn-text\" >FORM<\/span><\/button><\/a><\/div>\t\t<\/div><\/div><\/div><\/div><\/div><\/div><div class=\"vc_row wpb_row vc_row-fluid dt-default\" style=\"margin-top: 0px;margin-bottom: 0px\"><div class=\"wpb_column vc_column_container vc_col-sm-12\"><div class=\"vc_column-inner\"><div class=\"wpb_wrapper\">\n\t<div class=\"wpb_text_column wpb_content_element\" >\n\t\t<div class=\"wpb_wrapper\">\n\t\t\t<p style=\"font-weight: 400;\"><strong>NB:<\/strong> Pentru cei selecta\u021bi, toate costurile pentru participarea \u00een Programul3 sunt acoperite de finan\u021bator.<\/p>\n\n\t\t<\/div>\n\t<\/div>\n<div class=\"vc_empty_space\"   style=\"height: 32px\"><span class=\"vc_empty_space_inner\"><\/span><\/div><div class=\"vc_empty_space\"   style=\"height: 60px\"><span class=\"vc_empty_space_inner\"><\/span><\/div><\/div><\/div><\/div><\/div><div class=\"vc_row wpb_row vc_row-fluid dt-default\" style=\"margin-top: 0px;margin-bottom: 0px\"><div class=\"wpb_column vc_column_container vc_col-sm-12\"><div class=\"vc_column-inner\"><div class=\"wpb_wrapper\"><div id=\"ultimate-heading-206969f4af76443cb\" class=\"uvc-heading ult-adjust-bottom-margin ultimate-heading-206969f4af76443cb uvc-1930 prgr3 uvc-heading-default-font-sizes\" data-hspacer=\"no_spacer\"  data-halign=\"left\" style=\"text-align:left\"><div class=\"uvc-heading-spacer no_spacer\" style=\"top\"><\/div><div class=\"uvc-main-heading ult-responsive\"  data-ultimate-target='.uvc-heading.ultimate-heading-206969f4af76443cb h4'  data-responsive-json-new='{\"font-size\":\"\",\"line-height\":\"\"}' ><h4 style=\"--font-weight:theme;\">Timeline selec\u021bie 2023:<\/h4><\/div><\/div><div class=\"vc_empty_space\"   style=\"height: 32px\"><span class=\"vc_empty_space_inner\"><\/span><\/div><div class=\"standard-arrow list-divider bullet-top\"><ul>\n<li style=\"font-weight: 400;\">Lansare apel selec\u021bie: <span style=\"text-decoration: underline;\"><strong>10 august 2023<\/strong><\/span><\/li>\n<li style=\"font-weight: 400;\">Perioad\u0103 de completare \u0219i trimitere a formularului de candidatur\u0103: <span style=\"text-decoration: underline;\"><strong>10 \u2013 31 august 2023<\/strong><\/span><\/li>\n<li style=\"font-weight: 400;\">Deadline completare formular de candidatur\u0103: <span style=\"text-decoration: underline;\"><strong>31 august, ora 14.00<\/strong><\/span><\/li>\n<li style=\"font-weight: 400;\">Anun\u021b c\u0103tre persoanele selectate: <span style=\"text-decoration: underline;\"><strong>4 septembrie 2023<\/strong><\/span><\/li>\n<\/ul>\n<\/div><div class=\"vc_empty_space\"   style=\"height: 60px\"><span class=\"vc_empty_space_inner\"><\/span><\/div><\/div><\/div><\/div><\/div><div class=\"vc_row wpb_row vc_row-fluid dt-default\" style=\"margin-top: 0px;margin-bottom: 0px\"><div class=\"wpb_column vc_column_container vc_col-sm-12\"><div class=\"vc_column-inner\"><div class=\"wpb_wrapper\"><blockquote class=\"h3-size shortcode-blockquote block-style-widget\"><p style=\"font-weight: 400;\"><strong>#haide. Deruteaz\u0103-\u021bi familia \u0219i anturajul = lucreaz\u0103 \u00eentr-un ONG. <\/strong><strong>Vino \u00een Programul3 s\u0103 vezi cum ar putea s\u0103 fie!<\/strong><\/p>\n<\/blockquote><\/div><\/div><\/div><\/div><div class=\"vc_row wpb_row vc_row-fluid dt-default\" style=\"margin-top: 0px;margin-bottom: 0px\"><div class=\"wpb_column vc_column_container vc_col-sm-6\"><div class=\"vc_column-inner vc_custom_1570112326562\"><div class=\"wpb_wrapper\">\n\t<div class=\"wpb_text_column wpb_content_element\" >\n\t\t<div class=\"wpb_wrapper\">\n\t\t\t<p><em>Program3 is developed within the \"Developing Youth NGO Leadership\" project, funded by the Active Citizens Fund Romania program, part of  the EEA and Norway Grants 2014-2021, administered by a consortium composed of <\/em><a href=\"http:\/\/www.fdsc.ro\/\"><em>The Civil Society Development Foundation<\/em><\/a><em>, <\/em><a href=\"http:\/\/romacenter.ro\/en\/\"><em>Resource Center for Roma Communities<\/em><\/a><em> and <\/em><a href=\"https:\/\/www.frivillighetnorge.no\/\"><em>Frivillighet Norge<\/em><\/a><em>.<\/em><\/p>\n\n\t\t<\/div>\n\t<\/div>\n<\/div><\/div><\/div><div class=\"wpb_column vc_column_container vc_col-sm-6 vc_col-has-fill\"><div class=\"vc_column-inner vc_custom_1570112305937\"><div class=\"wpb_wrapper\">\n\t<div class=\"wpb_text_column wpb_content_element  whitetext\" >\n\t\t<div class=\"wpb_wrapper\">\n\t\t\t<p><span style=\"color: #ffffff;\">Dac\u0103 mai ai nevoie de clarific\u0103ri sau ai \u00eentreb\u0103ri, contacteaz\u0103 cu \u00eencredere pe Vlad (Dumitrescu), al nostru Program Visionaire:<\/span><\/p>\n<p><span style=\"color: #ffffff;\">Tel: 0745.122.191<\/span><\/p>\n<p><span style=\"color: #ffffff;\">E-mail: <a style=\"color: #ffffff;\" href=\"mailto:vlad.dumitrescu@fdsc.ro\">vlad.dumitrescu@fdsc.ro<\/a><\/span><\/p>\n<p><span style=\"color: #ffffff;\">sau pe<\/span><\/p>\n<p><span style=\"color: #ffffff;\">Robert Matei, Community Manager<\/span><br \/>\n<span style=\"color: #ffffff;\">Resource Center for Roma Communities<\/span><br \/>\n<span style=\"color: #ffffff;\"><a style=\"color: #ffffff;\" href=\"mailto:robert.matei@romacenter.ro\">robert.matei@romacenter.ro<\/a><\/span><\/p>\n\n\t\t<\/div>\n\t<\/div>\n<\/div><\/div><\/div><\/div><div class=\"vc_row wpb_row vc_row-fluid dt-default\" style=\"margin-top: 0px;margin-bottom: 0px\"><div class=\"wpb_column vc_column_container vc_col-sm-12\"><div class=\"vc_column-inner\"><div class=\"wpb_wrapper\"><div class=\"vc_empty_space\"   style=\"height: 60px\"><span class=\"vc_empty_space_inner\"><\/span><\/div><\/div><\/div><\/div><\/div><\/section><section data-vc-full-width=\"true\" data-vc-full-width-init=\"false\" class=\"vc_section vc_custom_1570103007558 vc_section-has-fill\"><div class=\"vc_row wpb_row vc_row-fluid dt-default\" style=\"margin-top: 0px;margin-bottom: 0px\"><div class=\"wpb_column vc_column_container vc_col-sm-12\"><div class=\"vc_column-inner\"><div class=\"wpb_wrapper\"><\/div><\/div><\/div><\/div><div class=\"vc_row wpb_row vc_row-fluid dt-default\" style=\"margin-top: 0px;margin-bottom: 0px\"><div class=\"wpb_column vc_column_container vc_col-sm-3\"><div class=\"vc_column-inner\"><div class=\"wpb_wrapper\">\n\t<div  class=\"wpb_single_image wpb_content_element vc_align_center\">\n\t\t\n\t\t<figure class=\"wpb_wrapper vc_figure\">\n\t\t\t<div class=\"vc_single_image-wrapper   vc_box_border_grey\"><img loading=\"lazy\" decoding=\"async\" width=\"1366\" height=\"1366\" src=\"https:\/\/activecitizensfund.ro\/wp-content\/uploads\/2019\/10\/All-logos-11-01.png\" class=\"vc_single_image-img attachment-full\" alt=\"\" title=\"All-logos-11-01\" srcset=\"https:\/\/activecitizensfund.ro\/wp-content\/uploads\/2019\/10\/All-logos-11-01.png 1366w, https:\/\/activecitizensfund.ro\/wp-content\/uploads\/2019\/10\/All-logos-11-01-150x150.png 150w, https:\/\/activecitizensfund.ro\/wp-content\/uploads\/2019\/10\/All-logos-11-01-300x300.png 300w, https:\/\/activecitizensfund.ro\/wp-content\/uploads\/2019\/10\/All-logos-11-01-768x768.png 768w, https:\/\/activecitizensfund.ro\/wp-content\/uploads\/2019\/10\/All-logos-11-01-1024x1024.png 1024w, https:\/\/activecitizensfund.ro\/wp-content\/uploads\/2019\/10\/All-logos-11-01-600x600.png 600w, https:\/\/activecitizensfund.ro\/wp-content\/uploads\/2019\/10\/All-logos-11-01-200x200.png 200w\" sizes=\"auto, (max-width: 1366px) 100vw, 1366px\"  data-dt-location=\"https:\/\/activecitizensfund.ro\/en\/apel1-programul3\/all-logos-11-01\/\" \/><\/div>\n\t\t<\/figure>\n\t<\/div>\n<\/div><\/div><\/div><div class=\"wpb_column vc_column_container vc_col-sm-3\"><div class=\"vc_column-inner\"><div class=\"wpb_wrapper\">\n\t<div  class=\"wpb_single_image wpb_content_element vc_align_center\">\n\t\t\n\t\t<figure class=\"wpb_wrapper vc_figure\">\n\t\t\t<div class=\"vc_single_image-wrapper   vc_box_border_grey\"><img loading=\"lazy\" decoding=\"async\" width=\"1366\" height=\"1366\" src=\"https:\/\/activecitizensfund.ro\/wp-content\/uploads\/2019\/05\/All-Logos-01.png\" class=\"vc_single_image-img attachment-full\" alt=\"\" title=\"All Logos-01\" srcset=\"https:\/\/activecitizensfund.ro\/wp-content\/uploads\/2019\/05\/All-Logos-01.png 1366w, https:\/\/activecitizensfund.ro\/wp-content\/uploads\/2019\/05\/All-Logos-01-150x150.png 150w, https:\/\/activecitizensfund.ro\/wp-content\/uploads\/2019\/05\/All-Logos-01-300x300.png 300w, https:\/\/activecitizensfund.ro\/wp-content\/uploads\/2019\/05\/All-Logos-01-768x768.png 768w, https:\/\/activecitizensfund.ro\/wp-content\/uploads\/2019\/05\/All-Logos-01-1024x1024.png 1024w, https:\/\/activecitizensfund.ro\/wp-content\/uploads\/2019\/05\/All-Logos-01-600x600.png 600w, https:\/\/activecitizensfund.ro\/wp-content\/uploads\/2019\/05\/All-Logos-01-200x200.png 200w\" sizes=\"auto, (max-width: 1366px) 100vw, 1366px\"  data-dt-location=\"https:\/\/activecitizensfund.ro\/en\/forum-2019\/all-logos-01\/\" \/><\/div>\n\t\t<\/figure>\n\t<\/div>\n<\/div><\/div><\/div><div class=\"wpb_column vc_column_container vc_col-sm-3\"><div class=\"vc_column-inner\"><div class=\"wpb_wrapper\">\n\t<div  class=\"wpb_single_image wpb_content_element vc_align_center\">\n\t\t\n\t\t<figure class=\"wpb_wrapper vc_figure\">\n\t\t\t<div class=\"vc_single_image-wrapper   vc_box_border_grey\"><img loading=\"lazy\" decoding=\"async\" width=\"1366\" height=\"1366\" src=\"https:\/\/activecitizensfund.ro\/wp-content\/uploads\/2019\/05\/All-Logos-03.png\" class=\"vc_single_image-img attachment-full\" alt=\"\" title=\"All Logos-03\" srcset=\"https:\/\/activecitizensfund.ro\/wp-content\/uploads\/2019\/05\/All-Logos-03.png 1366w, https:\/\/activecitizensfund.ro\/wp-content\/uploads\/2019\/05\/All-Logos-03-150x150.png 150w, https:\/\/activecitizensfund.ro\/wp-content\/uploads\/2019\/05\/All-Logos-03-300x300.png 300w, https:\/\/activecitizensfund.ro\/wp-content\/uploads\/2019\/05\/All-Logos-03-768x768.png 768w, https:\/\/activecitizensfund.ro\/wp-content\/uploads\/2019\/05\/All-Logos-03-1024x1024.png 1024w, https:\/\/activecitizensfund.ro\/wp-content\/uploads\/2019\/05\/All-Logos-03-600x600.png 600w, https:\/\/activecitizensfund.ro\/wp-content\/uploads\/2019\/05\/All-Logos-03-200x200.png 200w\" sizes=\"auto, (max-width: 1366px) 100vw, 1366px\"  data-dt-location=\"https:\/\/activecitizensfund.ro\/en\/forum-2019\/all-logos-03\/\" \/><\/div>\n\t\t<\/figure>\n\t<\/div>\n<\/div><\/div><\/div><div class=\"wpb_column vc_column_container vc_col-sm-3\"><div class=\"vc_column-inner\"><div class=\"wpb_wrapper\">\n\t<div  class=\"wpb_single_image wpb_content_element vc_align_center\">\n\t\t\n\t\t<figure class=\"wpb_wrapper vc_figure\">\n\t\t\t<div class=\"vc_single_image-wrapper   vc_box_border_grey\"><img loading=\"lazy\" decoding=\"async\" width=\"1366\" height=\"1366\" src=\"https:\/\/activecitizensfund.ro\/wp-content\/uploads\/2021\/09\/Norge_logo-01.png\" class=\"vc_single_image-img attachment-full\" alt=\"\" title=\"Norge_logo-01\" srcset=\"https:\/\/activecitizensfund.ro\/wp-content\/uploads\/2021\/09\/Norge_logo-01.png 1366w, https:\/\/activecitizensfund.ro\/wp-content\/uploads\/2021\/09\/Norge_logo-01-300x300.png 300w, https:\/\/activecitizensfund.ro\/wp-content\/uploads\/2021\/09\/Norge_logo-01-1024x1024.png 1024w, https:\/\/activecitizensfund.ro\/wp-content\/uploads\/2021\/09\/Norge_logo-01-150x150.png 150w, https:\/\/activecitizensfund.ro\/wp-content\/uploads\/2021\/09\/Norge_logo-01-768x768.png 768w, https:\/\/activecitizensfund.ro\/wp-content\/uploads\/2021\/09\/Norge_logo-01-12x12.png 12w\" sizes=\"auto, (max-width: 1366px) 100vw, 1366px\"  data-dt-location=\"https:\/\/activecitizensfund.ro\/en\/trillenials\/norge_logo-01-2\/\" \/><\/div>\n\t\t<\/figure>\n\t<\/div>\n<\/div><\/div><\/div><\/div><!-- Row Backgrounds --><div class=\"upb_color\" data-bg-override=\"0\" data-bg-color=\"\" data-fadeout=\"\" data-fadeout-percentage=\"30\" data-parallax-content=\"\" data-parallax-content-sense=\"30\" data-row-effect-mobile-disable=\"true\" data-img-parallax-mobile-disable=\"true\" data-rtl=\"false\"  data-custom-vc-row=\"\"  data-vc=\"7.8\"  data-is_old_vc=\"\"  data-theme-support=\"\"   data-overlay=\"false\" data-overlay-color=\"\" data-overlay-pattern=\"\" data-overlay-pattern-opacity=\"\" data-overlay-pattern-size=\"\"    ><\/div><\/section><div class=\"vc_row-full-width vc_clearfix\"><\/div>\n<\/div>","protected":false},"excerpt":{"rendered":"<p>Are you involved in an NGO or any other associative structure and want to develop the skills you need to deal with the various situations you encounter? Want to learn more about civil society, working in NGOs and how to change things for the better? Are you willing to devote time and energy to these things? Do you want to be part of the new generation of leaders for civil society in Romania?<\/p>","protected":false},"author":1,"featured_media":58062,"comment_status":"closed","ping_status":"closed","sticky":false,"template":"","format":"standard","meta":{"footnotes":""},"categories":[220,219,211],"tags":[214,222,223],"class_list":["post-58061","post","type-post","status-publish","format-standard","has-post-thumbnail","hentry","category-apeluri-programul3","category-programul3","category-stiri","tag-apel","tag-programul3","tag-trillenials","category-220","category-219","category-211","description-off"],"_links":{"self":[{"href":"https:\/\/activecitizensfund.ro\/en\/wp-json\/wp\/v2\/posts\/58061","targetHints":{"allow":["GET"]}}],"collection":[{"href":"https:\/\/activecitizensfund.ro\/en\/wp-json\/wp\/v2\/posts"}],"about":[{"href":"https:\/\/activecitizensfund.ro\/en\/wp-json\/wp\/v2\/types\/post"}],"author":[{"embeddable":true,"href":"https:\/\/activecitizensfund.ro\/en\/wp-json\/wp\/v2\/users\/1"}],"replies":[{"embeddable":true,"href":"https:\/\/activecitizensfund.ro\/en\/wp-json\/wp\/v2\/comments?post=58061"}],"version-history":[{"count":4,"href":"https:\/\/activecitizensfund.ro\/en\/wp-json\/wp\/v2\/posts\/58061\/revisions"}],"predecessor-version":[{"id":58066,"href":"https:\/\/activecitizensfund.ro\/en\/wp-json\/wp\/v2\/posts\/58061\/revisions\/58066"}],"wp:featuredmedia":[{"embeddable":true,"href":"https:\/\/activecitizensfund.ro\/en\/wp-json\/wp\/v2\/media\/58062"}],"wp:attachment":[{"href":"https:\/\/activecitizensfund.ro\/en\/wp-json\/wp\/v2\/media?parent=58061"}],"wp:term":[{"taxonomy":"category","embeddable":true,"href":"https:\/\/activecitizensfund.ro\/en\/wp-json\/wp\/v2\/categories?post=58061"},{"taxonomy":"post_tag","embeddable":true,"href":"https:\/\/activecitizensfund.ro\/en\/wp-json\/wp\/v2\/tags?post=58061"}],"curies":[{"name":"wp","href":"https:\/\/api.w.org\/{rel}","templated":true}]}}