{"id":58074,"date":"2023-12-11T16:24:26","date_gmt":"2023-12-11T14:24:26","guid":{"rendered":"https:\/\/activecitizensfund.ro\/?p=58074"},"modified":"2023-12-11T16:24:26","modified_gmt":"2023-12-11T14:24:26","slug":"ateliere-fara-frontiere","status":"publish","type":"post","link":"https:\/\/activecitizensfund.ro\/en\/ateliere-fara-frontiere\/","title":{"rendered":"Ce ascunde o fost\u0103 fabric\u0103 din Bucure\u0219ti: implicare, ajutor \u0219i reintegrarea persoanelor vulnerabile"},"content":{"rendered":"<div class=\"wpb-content-wrapper\"><div class=\"vc_row wpb_row vc_row-fluid dt-default\" style=\"margin-top: 0px;margin-bottom: 0px\"><div class=\"wpb_column vc_column_container vc_col-sm-12\"><div class=\"vc_column-inner\"><div class=\"wpb_wrapper\"><h3 style=\"text-align: left\" class=\"vc_custom_heading vc_do_custom_heading\" >Un material realizat de @Gen\u0218tiri pentru Programul ACF Rom\u00e2nia<\/h3><div class=\"vc_empty_space\"   style=\"height: 32px\"><span class=\"vc_empty_space_inner\"><\/span><\/div>\n\t<div class=\"wpb_text_column wpb_content_element\" >\n\t\t<div class=\"wpb_wrapper\">\n\t\t\t<p>\u00cen cl\u0103direa unei foste fabrici din cartierul Berceni din Capital\u0103 are sediul o asocia\u021bie care ajut\u0103 persoanele marginalizate sau pe cele c\u0103rora li s-a pus eticheta de \u201eneangajabili\u201d. Este vorba de asocia\u021bia \u201eAteliere f\u0103r\u0103 frontiere\u201d.<\/p>\n<p>\u201eAteliere f\u0103r\u0103 frontiere\u201d ajut\u0103 fo\u0219tii dependen\u021bi, fo\u0219tii de\u021binu\u021bi, victimele violen\u021bei domestice sau persoanele cu dizabilit\u0103\u021bi s\u0103 fie integrate sau reintegrate \u00een societate. Odat\u0103 ce a \u00eenceput r\u0103zboiul din Ucraina, pe lista beneficiarilor au ap\u0103rut \u0219i cet\u0103\u021benii din Ucraina care voiau s\u0103 se stabileasc\u0103 chiar \u0219i pentru o perioad\u0103 de c\u00e2teva luni \u00een Rom\u00e2nia.<\/p>\n\n\t\t<\/div>\n\t<\/div>\n<div class=\"vc_empty_space\"   style=\"height: 32px\"><span class=\"vc_empty_space_inner\"><\/span><\/div>\n\t<div  class=\"wpb_single_image wpb_content_element vc_align_center\">\n\t\t\n\t\t<figure class=\"wpb_wrapper vc_figure\">\n\t\t\t<div class=\"vc_single_image-wrapper   vc_box_border_grey\"><img loading=\"lazy\" decoding=\"async\" width=\"1600\" height=\"1200\" src=\"https:\/\/activecitizensfund.ro\/wp-content\/uploads\/2023\/12\/WhatsApp-Image-2023-11-01-at-00.31.38.jpeg\" class=\"vc_single_image-img attachment-full\" alt=\"\" title=\"WhatsApp Image 2023-11-01 at 00.31.38\" srcset=\"https:\/\/activecitizensfund.ro\/wp-content\/uploads\/2023\/12\/WhatsApp-Image-2023-11-01-at-00.31.38.jpeg 1600w, https:\/\/activecitizensfund.ro\/wp-content\/uploads\/2023\/12\/WhatsApp-Image-2023-11-01-at-00.31.38-300x225.jpeg 300w, https:\/\/activecitizensfund.ro\/wp-content\/uploads\/2023\/12\/WhatsApp-Image-2023-11-01-at-00.31.38-1024x768.jpeg 1024w, https:\/\/activecitizensfund.ro\/wp-content\/uploads\/2023\/12\/WhatsApp-Image-2023-11-01-at-00.31.38-768x576.jpeg 768w, https:\/\/activecitizensfund.ro\/wp-content\/uploads\/2023\/12\/WhatsApp-Image-2023-11-01-at-00.31.38-1536x1152.jpeg 1536w, https:\/\/activecitizensfund.ro\/wp-content\/uploads\/2023\/12\/WhatsApp-Image-2023-11-01-at-00.31.38-16x12.jpeg 16w\" sizes=\"auto, (max-width: 1600px) 100vw, 1600px\"  data-dt-location=\"https:\/\/activecitizensfund.ro\/en\/ateliere-fara-frontiere\/whatsapp-image-2023-11-01-at-00-31-38\/\" \/><\/div>\n\t\t<\/figure>\n\t<\/div>\n\n\t<div class=\"wpb_text_column wpb_content_element\" >\n\t\t<div class=\"wpb_wrapper\">\n\t\t\t<p><em>Fotografie din fosta fabric\u0103. Citatul de pe perete a fost pictat de un fost cadru militar, dependent, care a fost ajutat de asocia\u021bie. <\/em><\/p>\n\n\t\t<\/div>\n\t<\/div>\n<div class=\"vc_empty_space\"   style=\"height: 32px\"><span class=\"vc_empty_space_inner\"><\/span><\/div>\n\t<div class=\"wpb_text_column wpb_content_element\" >\n\t\t<div class=\"wpb_wrapper\">\n\t\t\t<p>\u00centr-un an \u0219i opt luni de c\u00e2nd ru\u0219ii au invadat Ucraina, 191 de ucraineni au c\u0103lcat pragul asocia\u021biei din Bucure\u0219ti, pentru a fi ajuta\u021bi s\u0103-\u0219i g\u0103seasc\u0103 un loc de munc\u0103, \u00een cadrul programului \u201eSolidaritate f\u0103r\u0103 frontiere\u201d.<\/p>\n<p>Medicii, inginerii, juri\u0219tii, croitorii, studen\u021bii sau persoanele necalificate nevoite s\u0103 fug\u0103 din calea r\u0103zboiului au fost consiliate de lucr\u0103torii sociali cu scopul de a g\u0103si cel mai potrivit loc de munc\u0103 de pe pia\u021ba din Rom\u00e2nia, fie c\u0103 asta a \u00eensemnat de redactarea CV-urilor sau \u00eenso\u021birea lor la interviuri.<\/p>\n<p>Pe l\u00e2ng\u0103 preg\u0103tirea propriu-zis\u0103 pentru interviu \u0219i g\u0103sirea unui job, ucrainenii au aflat ce drepturi le ofer\u0103 legisla\u021bia din Rom\u00e2nia, cum s\u0103 recunoasc\u0103 h\u0103r\u021buirea sau exploatarea la locul de munc\u0103 \u0219i cum s\u0103 le adreseze angajatorilor. 53 de ucraineni au participat la workshopurile organizate \u00een aceast\u0103 var\u0103 de asocia\u021bia care s-a fondat \u00een 2008, iar o alt\u0103 serie de ateliere urmeaz\u0103 s\u0103 se \u021bin\u0103 p\u00e2n\u0103 la finalul anului.<\/p>\n\n\t\t<\/div>\n\t<\/div>\n<div class=\"vc_empty_space\"   style=\"height: 32px\"><span class=\"vc_empty_space_inner\"><\/span><\/div>\n\t<div  class=\"wpb_single_image wpb_content_element vc_align_center\">\n\t\t\n\t\t<figure class=\"wpb_wrapper vc_figure\">\n\t\t\t<div class=\"vc_single_image-wrapper   vc_box_border_grey\"><img loading=\"lazy\" decoding=\"async\" width=\"936\" height=\"702\" src=\"https:\/\/activecitizensfund.ro\/wp-content\/uploads\/2023\/12\/Picture-1.jpg\" class=\"vc_single_image-img attachment-full\" alt=\"\" title=\"Picture 1\" srcset=\"https:\/\/activecitizensfund.ro\/wp-content\/uploads\/2023\/12\/Picture-1.jpg 936w, https:\/\/activecitizensfund.ro\/wp-content\/uploads\/2023\/12\/Picture-1-300x225.jpg 300w, https:\/\/activecitizensfund.ro\/wp-content\/uploads\/2023\/12\/Picture-1-768x576.jpg 768w, https:\/\/activecitizensfund.ro\/wp-content\/uploads\/2023\/12\/Picture-1-16x12.jpg 16w\" sizes=\"auto, (max-width: 936px) 100vw, 936px\"  data-dt-location=\"https:\/\/activecitizensfund.ro\/en\/ateliere-fara-frontiere\/picture-1-3\/\" \/><\/div>\n\t\t<\/figure>\n\t<\/div>\n\n\t<div class=\"wpb_text_column wpb_content_element\" >\n\t\t<div class=\"wpb_wrapper\">\n\t\t\t<p style=\"font-weight: 400;\"><em>Foto: arhiva Ateliere f\u0103r\u0103 frontiere<\/em><\/p>\n\n\t\t<\/div>\n\t<\/div>\n<div class=\"vc_empty_space\"   style=\"height: 32px\"><span class=\"vc_empty_space_inner\"><\/span><\/div>\n\t<div class=\"wpb_text_column wpb_content_element\" >\n\t\t<div class=\"wpb_wrapper\">\n\t\t\t<p style=\"font-weight: 400;\">Majoritatea ucrainenilor nu \u0219tiu limba rom\u00e2n\u0103 \u0219i este dificil de g\u0103sit un job potrivit pentru ei, chiar \u0219i dac\u0103 au terminat o facultate. Pentru a sc\u0103dea c\u00e2t mai mult \u0219ansele ca juri\u0219ti sau medici ucraineni s\u0103 ajung\u0103 \u00een posturi necalificate, dar \u0219i pentru ca persoanele f\u0103r\u0103 studii superioare s\u0103 se \u00een\u021beleag\u0103 cu angajatorul sau colegii de la job, \u201eAteliere f\u0103r\u0103 frontiere\u201d ofer\u0103 \u0219i cursuri de limba rom\u00e2n\u0103.<\/p>\n<p style=\"font-weight: 400;\">Aproximativ 130 de adul\u021bi din Ucraina au participat la c\u00e2te 100 de ore de limba rom\u00e2n\u0103, de c\u00e2nd acestea au \u00eenceput, \u00een iunie 2023. Ei au \u00eenv\u0103\u021bat vocabular \u0219i gramatic\u0103 care s\u0103-i ajute \u00een situa\u021biile de zi cu zi, dar \u0219i la interviuri, iar o mare parte spun c\u0103 alfabetul limbii rom\u00e2ne este dificil, la fel \u0219i gramatica.<\/p>\n\n\t\t<\/div>\n\t<\/div>\n<div class=\"vc_empty_space\"   style=\"height: 32px\"><span class=\"vc_empty_space_inner\"><\/span><\/div>\n\t<div  class=\"wpb_single_image wpb_content_element vc_align_center\">\n\t\t\n\t\t<figure class=\"wpb_wrapper vc_figure\">\n\t\t\t<div class=\"vc_single_image-wrapper   vc_box_border_grey\"><img loading=\"lazy\" decoding=\"async\" width=\"624\" height=\"506\" src=\"https:\/\/activecitizensfund.ro\/wp-content\/uploads\/2023\/12\/Picture-2.jpg\" class=\"vc_single_image-img attachment-full\" alt=\"\" title=\"Picture 2\" srcset=\"https:\/\/activecitizensfund.ro\/wp-content\/uploads\/2023\/12\/Picture-2.jpg 624w, https:\/\/activecitizensfund.ro\/wp-content\/uploads\/2023\/12\/Picture-2-300x243.jpg 300w, https:\/\/activecitizensfund.ro\/wp-content\/uploads\/2023\/12\/Picture-2-15x12.jpg 15w\" sizes=\"auto, (max-width: 624px) 100vw, 624px\"  data-dt-location=\"https:\/\/activecitizensfund.ro\/en\/ateliere-fara-frontiere\/picture-2-2\/\" \/><\/div>\n\t\t<\/figure>\n\t<\/div>\n\n\t<div class=\"wpb_text_column wpb_content_element\" >\n\t\t<div class=\"wpb_wrapper\">\n\t\t\t<p style=\"font-weight: 400;\"><em>Una dintre cele opt grupe la o or\u0103 de rom\u00e2n\u0103. Foto: arhiva Ateliere f\u0103r\u0103 frontiere<\/em><\/p>\n\n\t\t<\/div>\n\t<\/div>\n<div class=\"vc_empty_space\"   style=\"height: 32px\"><span class=\"vc_empty_space_inner\"><\/span><\/div>\n\t<div class=\"wpb_text_column wpb_content_element\" >\n\t\t<div class=\"wpb_wrapper\">\n\t\t\t<p style=\"font-weight: 400;\">P\u00e2n\u0103 la r\u0103zboi, \u201eAteliere f\u0103r\u0103 frontiere\u201d nu a avut contact cu cet\u0103\u021benii ucraineni. S-a ocupat tot cu reintegrarea persoanelor greu angajabile, iar \u00een acela\u0219i timp au avut \u0219i grij\u0103 de mediu, prin patru programe.<\/p>\n<p style=\"font-weight: 400;\">Educlick, primul dintre ele, ofer\u0103 calculatoare recondi\u021bionate \u0219colilor din mediul rural \u0219i, \u00een acela\u0219i timp, ofer\u0103 \u0219ansa unor persoane marginalizate s\u0103 lucreze. \u00cen prezent, patru ucraineni lucreaz\u0103 \u00een cadrul atelierului Educlick, unde colecteaz\u0103, dezmembreaz\u0103 \u0219i recondi\u021bioneaz\u0103 calculatoare vechi primite de la firme din Rom\u00e2nia sau de la persoane care vor s\u0103 doneze.<\/p>\n\n\t\t<\/div>\n\t<\/div>\n<div class=\"vc_empty_space\"   style=\"height: 32px\"><span class=\"vc_empty_space_inner\"><\/span><\/div>\n\t<div  class=\"wpb_single_image wpb_content_element vc_align_center\">\n\t\t\n\t\t<figure class=\"wpb_wrapper vc_figure\">\n\t\t\t<div class=\"vc_single_image-wrapper   vc_box_border_grey\"><img loading=\"lazy\" decoding=\"async\" width=\"1200\" height=\"1600\" src=\"https:\/\/activecitizensfund.ro\/wp-content\/uploads\/2023\/12\/WhatsApp-Image-2023-11-01-at-00.31.38-2.jpeg\" class=\"vc_single_image-img attachment-full\" alt=\"\" title=\"WhatsApp Image 2023-11-01 at 00.31.38 (2)\" srcset=\"https:\/\/activecitizensfund.ro\/wp-content\/uploads\/2023\/12\/WhatsApp-Image-2023-11-01-at-00.31.38-2.jpeg 1200w, https:\/\/activecitizensfund.ro\/wp-content\/uploads\/2023\/12\/WhatsApp-Image-2023-11-01-at-00.31.38-2-225x300.jpeg 225w, https:\/\/activecitizensfund.ro\/wp-content\/uploads\/2023\/12\/WhatsApp-Image-2023-11-01-at-00.31.38-2-768x1024.jpeg 768w, https:\/\/activecitizensfund.ro\/wp-content\/uploads\/2023\/12\/WhatsApp-Image-2023-11-01-at-00.31.38-2-1152x1536.jpeg 1152w, https:\/\/activecitizensfund.ro\/wp-content\/uploads\/2023\/12\/WhatsApp-Image-2023-11-01-at-00.31.38-2-9x12.jpeg 9w\" sizes=\"auto, (max-width: 1200px) 100vw, 1200px\"  data-dt-location=\"https:\/\/activecitizensfund.ro\/en\/ateliere-fara-frontiere\/whatsapp-image-2023-11-01-at-00-31-38-2\/\" \/><\/div>\n\t\t<\/figure>\n\t<\/div>\n\n\t<div class=\"wpb_text_column wpb_content_element\" >\n\t\t<div class=\"wpb_wrapper\">\n\t\t\t<p style=\"font-weight: 400;\"><em>Radu are 24 de ani \u0219i este din Odesa. A venit \u00een Rom\u00e2nia cu bunica \u0219i fra\u021bii lui. Spune c\u0103 a \u00eenv\u0103\u021bat rom\u00e2n\u0103 \u00een cele \u0219ase luni de c\u00e2nd lucreaz\u0103 aici, cu b\u0103ie\u021bii de la fabric\u0103<\/em><\/p>\n\n\t\t<\/div>\n\t<\/div>\n<div class=\"vc_empty_space\"   style=\"height: 32px\"><span class=\"vc_empty_space_inner\"><\/span><\/div>\n\t<div class=\"wpb_text_column wpb_content_element\" >\n\t\t<div class=\"wpb_wrapper\">\n\t\t\t<p style=\"font-weight: 400;\">Pe l\u00e2ng\u0103 Educlick, ferma bio&amp;co, unde se cultiv\u0103 legume ecologice, \u0219i Logietic (unde se ambaleaz\u0103 produse \u00eentr-un mod sustenabil) mai exist\u0103 \u0219i atelierul Remesh. Aici se reutilizeaz\u0103 bannere publicitare pentru a crea borsete, gen\u021bi sau penare. Anastasia, de 17 ani, lucreaz\u0103 \u00een cadrul acestui atelier \u0219i nu vorbe\u0219te nici rom\u00e2n\u0103, nici englez\u0103. Este din Odesa \u0219i a venit cu familia \u00een Rom\u00e2nia, la \u00eenceputul r\u0103zboiului.<\/p>\n\n\t\t<\/div>\n\t<\/div>\n<div class=\"vc_empty_space\"   style=\"height: 32px\"><span class=\"vc_empty_space_inner\"><\/span><\/div>\n\t<div  class=\"wpb_single_image wpb_content_element vc_align_center\">\n\t\t\n\t\t<figure class=\"wpb_wrapper vc_figure\">\n\t\t\t<div class=\"vc_single_image-wrapper   vc_box_border_grey\"><img loading=\"lazy\" decoding=\"async\" width=\"1600\" height=\"1200\" src=\"https:\/\/activecitizensfund.ro\/wp-content\/uploads\/2023\/12\/WhatsApp-Image-2023-11-01-at-00.31.38-1.jpeg\" class=\"vc_single_image-img attachment-full\" alt=\"\" title=\"WhatsApp Image 2023-11-01 at 00.31.38 (1)\" srcset=\"https:\/\/activecitizensfund.ro\/wp-content\/uploads\/2023\/12\/WhatsApp-Image-2023-11-01-at-00.31.38-1.jpeg 1600w, https:\/\/activecitizensfund.ro\/wp-content\/uploads\/2023\/12\/WhatsApp-Image-2023-11-01-at-00.31.38-1-300x225.jpeg 300w, https:\/\/activecitizensfund.ro\/wp-content\/uploads\/2023\/12\/WhatsApp-Image-2023-11-01-at-00.31.38-1-1024x768.jpeg 1024w, https:\/\/activecitizensfund.ro\/wp-content\/uploads\/2023\/12\/WhatsApp-Image-2023-11-01-at-00.31.38-1-768x576.jpeg 768w, https:\/\/activecitizensfund.ro\/wp-content\/uploads\/2023\/12\/WhatsApp-Image-2023-11-01-at-00.31.38-1-1536x1152.jpeg 1536w, https:\/\/activecitizensfund.ro\/wp-content\/uploads\/2023\/12\/WhatsApp-Image-2023-11-01-at-00.31.38-1-16x12.jpeg 16w\" sizes=\"auto, (max-width: 1600px) 100vw, 1600px\"  data-dt-location=\"https:\/\/activecitizensfund.ro\/en\/ateliere-fara-frontiere\/whatsapp-image-2023-11-01-at-00-31-38-1\/\" \/><\/div>\n\t\t<\/figure>\n\t<\/div>\n<div class=\"vc_empty_space\"   style=\"height: 32px\"><span class=\"vc_empty_space_inner\"><\/span><\/div>\n\t<div class=\"wpb_text_column wpb_content_element\" >\n\t\t<div class=\"wpb_wrapper\">\n\t\t\t<p>\u201eSolidaritate f\u0103r\u0103 frontiere\u201d a adunat experien\u021ba anilor trecu\u021bi din lucrul cu persoanele marginalizate \u0219i a extins ajutorul \u0219i peste grani\u021be, ajut\u00e2nd refugia\u021bii ucraineni care nu au prea multe variante \u00een a-\u0219i g\u0103si un viitor \u00een Rom\u00e2nia.<\/p>\n<p>Autor \u0219i fotografii: Alexandra Clapa<br \/>\nEditor text: Alex Ciocan<\/p>\n<p>Proiectul \u201eSolidaritate f\u0103r\u0103 frontiere\u201d al Asocia\u021biei Ateliere f\u0103r\u0103 frontiere, \u00een parteneriat cu Rise Romania Re\u021beaua Rom\u00e2n\u0103 a \u00centreprinderilor Sociale de Inser\u021bie, este finan\u021bat cu 226.737 euro, prin programul Active Citizens Fund &#8211; Romania, de Islanda, Liechtenstein \u0219i Norvegia prin Granturile SEE 2014-2021. Lucr\u0103m \u00eempreun\u0103 pentru o Europ\u0103 verde, competitiv\u0103 \u0219i incluziv\u0103.<\/p>\n\n\t\t<\/div>\n\t<\/div>\n<div class=\"vc_empty_space\"   style=\"height: 32px\"><span class=\"vc_empty_space_inner\"><\/span><\/div><div class=\"aio-icon-component    style_1\"><div id=\"Info-box-wrap-6466\" class=\"aio-icon-box default-icon\" style=\"\"  ><div class=\"aio-icon-description ult-responsive\"  data-ultimate-target='#Info-box-wrap-6466 .aio-icon-description'  data-responsive-json-new='{\"font-size\":\"\",\"line-height\":\"\"}'  style=\"\"><\/p>\n<p style=\"font-weight: 400;\">Pentru mai multe informa\u021bii despre Active Citizens Fund \u00een Rom\u00e2nia, accesa\u021bi www.activecitizensfund.ro. Pentru mai multe informa\u021bii despre Granturile SEE \u0219i Norvegiene, accesa\u021bi www.eeagrants.ro.<\/p>\n<p><\/div> <!-- description --><\/div> <!-- aio-icon-box --><\/div> <!-- aio-icon-component --><\/div><\/div><\/div><\/div>\n<\/div>","protected":false},"excerpt":{"rendered":"<p>Un material realizat de @Gen\u0218tiri pentru Programul ACF Rom\u00e2nia \u00cen cl\u0103direa unei foste fabrici din cartierul Berceni din Capital\u0103 are sediul o asocia\u021bie care ajut\u0103 persoanele marginalizate sau pe cele c\u0103rora li s-a pus eticheta de \u201eneangajabili\u201d. Este vorba de asocia\u021bia \u201eAteliere f\u0103r\u0103 frontiere\u201d. \u201eAteliere f\u0103r\u0103 frontiere\u201d ajut\u0103 fo\u0219tii dependen\u021bi, fo\u0219tii de\u021binu\u021bi, victimele violen\u021bei domestice&hellip;<\/p>","protected":false},"author":1,"featured_media":58079,"comment_status":"closed","ping_status":"closed","sticky":false,"template":"","format":"standard","meta":{"footnotes":""},"categories":[211],"tags":[214,213],"class_list":["post-58074","post","type-post","status-publish","format-standard","has-post-thumbnail","hentry","category-stiri","tag-apel","tag-bilaterale","category-211","description-off"],"_links":{"self":[{"href":"https:\/\/activecitizensfund.ro\/en\/wp-json\/wp\/v2\/posts\/58074","targetHints":{"allow":["GET"]}}],"collection":[{"href":"https:\/\/activecitizensfund.ro\/en\/wp-json\/wp\/v2\/posts"}],"about":[{"href":"https:\/\/activecitizensfund.ro\/en\/wp-json\/wp\/v2\/types\/post"}],"author":[{"embeddable":true,"href":"https:\/\/activecitizensfund.ro\/en\/wp-json\/wp\/v2\/users\/1"}],"replies":[{"embeddable":true,"href":"https:\/\/activecitizensfund.ro\/en\/wp-json\/wp\/v2\/comments?post=58074"}],"version-history":[{"count":1,"href":"https:\/\/activecitizensfund.ro\/en\/wp-json\/wp\/v2\/posts\/58074\/revisions"}],"predecessor-version":[{"id":58082,"href":"https:\/\/activecitizensfund.ro\/en\/wp-json\/wp\/v2\/posts\/58074\/revisions\/58082"}],"wp:featuredmedia":[{"embeddable":true,"href":"https:\/\/activecitizensfund.ro\/en\/wp-json\/wp\/v2\/media\/58079"}],"wp:attachment":[{"href":"https:\/\/activecitizensfund.ro\/en\/wp-json\/wp\/v2\/media?parent=58074"}],"wp:term":[{"taxonomy":"category","embeddable":true,"href":"https:\/\/activecitizensfund.ro\/en\/wp-json\/wp\/v2\/categories?post=58074"},{"taxonomy":"post_tag","embeddable":true,"href":"https:\/\/activecitizensfund.ro\/en\/wp-json\/wp\/v2\/tags?post=58074"}],"curies":[{"name":"wp","href":"https:\/\/api.w.org\/{rel}","templated":true}]}}