{"id":58108,"date":"2023-12-19T01:33:31","date_gmt":"2023-12-18T23:33:31","guid":{"rendered":"https:\/\/activecitizensfund.ro\/?p=58108"},"modified":"2023-12-19T01:39:36","modified_gmt":"2023-12-18T23:39:36","slug":"afterschool-comunitate-si-solidaritate-cum-ajuta-caritas-refugiatii-ucraineni-la-1-an-si-8-luni-de-cand-a-inceput-razboiul","status":"publish","type":"post","link":"https:\/\/activecitizensfund.ro\/en\/afterschool-comunitate-si-solidaritate-cum-ajuta-caritas-refugiatii-ucraineni-la-1-an-si-8-luni-de-cand-a-inceput-razboiul\/","title":{"rendered":"Afterschool, comunitate \u0219i solidaritate. Cum ajut\u0103 Caritas refugia\u021bii ucraineni la 1 an \u0219i 8 luni de c\u00e2nd a \u00eenceput r\u0103zboiul"},"content":{"rendered":"<div class=\"wpb-content-wrapper\"><div class=\"vc_row wpb_row vc_row-fluid dt-default\" style=\"margin-top: 0px;margin-bottom: 0px\"><div class=\"wpb_column vc_column_container vc_col-sm-12\"><div class=\"vc_column-inner\"><div class=\"wpb_wrapper\"><h3 style=\"text-align: left\" class=\"vc_custom_heading vc_do_custom_heading\" >Un material realizat de @Gen\u0218tiri pentru Programul ACF Rom\u00e2nia<\/h3><div class=\"vc_empty_space\"   style=\"height: 32px\"><span class=\"vc_empty_space_inner\"><\/span><\/div>\n\t<div class=\"wpb_text_column wpb_content_element\" >\n\t\t<div class=\"wpb_wrapper\">\n\t\t\t<p style=\"font-weight: 400;\"><img loading=\"lazy\" decoding=\"async\" class=\"aligncenter wp-image-58117 size-large\" src=\"https:\/\/activecitizensfund.ro\/wp-content\/uploads\/2023\/12\/WhatsApp-Image-2023-10-29-at-22.26.36-768x1024.jpeg\" alt=\"\" width=\"768\" height=\"1024\" srcset=\"https:\/\/activecitizensfund.ro\/wp-content\/uploads\/2023\/12\/WhatsApp-Image-2023-10-29-at-22.26.36-768x1024.jpeg 768w, https:\/\/activecitizensfund.ro\/wp-content\/uploads\/2023\/12\/WhatsApp-Image-2023-10-29-at-22.26.36-225x300.jpeg 225w, https:\/\/activecitizensfund.ro\/wp-content\/uploads\/2023\/12\/WhatsApp-Image-2023-10-29-at-22.26.36-1152x1536.jpeg 1152w, https:\/\/activecitizensfund.ro\/wp-content\/uploads\/2023\/12\/WhatsApp-Image-2023-10-29-at-22.26.36-9x12.jpeg 9w, https:\/\/activecitizensfund.ro\/wp-content\/uploads\/2023\/12\/WhatsApp-Image-2023-10-29-at-22.26.36.jpeg 1512w\" sizes=\"auto, (max-width: 768px) 100vw, 768px\" \/><\/p>\n<p style=\"font-weight: 400;\"><em>Refugia\u021bi ucraineni a\u0219tept\u00e2nd s\u0103 primeasc\u0103 alimente. Caritas are parteneriat cu Banca de alimente<\/em><\/p>\n<p style=\"font-weight: 400;\">4,215 cet\u0103\u021beni ucraineni sau 1,338 de familii. Acesta este num\u0103rul refugia\u021bilor ucraineni sprijini\u021bi de Confedera\u021bia Caritas de c\u00e2nd a \u00eenceput r\u0103zboiul din Ucraina. Fie c\u0103 e vorba de ore de limba rom\u00e2n\u0103, sprijin cu alimente, \u0219edin\u021be de terapie sau eliminarea stigmatului legat de refugia\u021bii ucraineni, prin proiectul \u201eSOLIDAR cu drepturile celor vulnerabili!\u201d, cet\u0103\u021benii care au fugit din calea r\u0103zboiului continu\u0103 s\u0103 fie ajuta\u021bi la aproape doi ani de la invazie.<\/p>\n<p style=\"font-weight: 400;\">Confedera\u021bia Caritas din Rom\u00e2nia s-a constituit \u00een 1994 \u0219i este format\u0103 din zece organiza\u021bii, cinci dintre ele fiind mai aproape de grani\u021ba cu Ucraina: Oradea, Satu Mare, Baia Mare, Cluj-Napoca \u0219i Ia\u0219i, ceea ce a f\u0103cut posibil \u00een prima lun\u0103 de r\u0103zboi ajutorarea rapid\u0103 al ucrainenilor. Dup\u0103 perioada de criz\u0103, Caritas \u0219i-a extins programele pe care le avea pentru persoanele vulnerabile din Rom\u00e2nia pentru a ajuta pe termen mediu refugia\u021bii ucraineni.<\/p>\n<p style=\"font-weight: 400;\">Una dintre problemele cu care se confrunt\u0103 refugia\u021bii ucraineni este g\u0103sirea unui loc de munc\u0103, iar pe l\u00e2ng\u0103 intermedierea dintre viitorul angajat \u0219i angajator, Caritas ofer\u0103 sprijin familiilor printr-un program de afterschool. Dup\u0103 orele online din Ucraina, copiii refugia\u021bi \u00eenva\u021b\u0103 \u00eempreun\u0103 cu Anca, profesoar\u0103 de limba rom\u00e2n\u0103, \u0219i cu Maria (Masha, cum \u00eei spun copiii) ucrainean\u0103 \u0219i matematic\u0103, \u00een centrul din Bucure\u0219ti.<\/p>\n<p>&nbsp;<\/p>\n<p><img loading=\"lazy\" decoding=\"async\" class=\"alignnone wp-image-58119 size-full\" src=\"https:\/\/activecitizensfund.ro\/wp-content\/uploads\/2023\/12\/WhatsApp-Image-2023-10-29-at-22.26.37.jpeg\" alt=\"\" width=\"1600\" height=\"1200\" srcset=\"https:\/\/activecitizensfund.ro\/wp-content\/uploads\/2023\/12\/WhatsApp-Image-2023-10-29-at-22.26.37.jpeg 1600w, https:\/\/activecitizensfund.ro\/wp-content\/uploads\/2023\/12\/WhatsApp-Image-2023-10-29-at-22.26.37-300x225.jpeg 300w, https:\/\/activecitizensfund.ro\/wp-content\/uploads\/2023\/12\/WhatsApp-Image-2023-10-29-at-22.26.37-1024x768.jpeg 1024w, https:\/\/activecitizensfund.ro\/wp-content\/uploads\/2023\/12\/WhatsApp-Image-2023-10-29-at-22.26.37-768x576.jpeg 768w, https:\/\/activecitizensfund.ro\/wp-content\/uploads\/2023\/12\/WhatsApp-Image-2023-10-29-at-22.26.37-1536x1152.jpeg 1536w, https:\/\/activecitizensfund.ro\/wp-content\/uploads\/2023\/12\/WhatsApp-Image-2023-10-29-at-22.26.37-16x12.jpeg 16w\" sizes=\"auto, (max-width: 1600px) 100vw, 1600px\" \/><\/p>\n<p style=\"font-weight: 400;\"><em>Grupele de la ora de rom\u00e2n\u0103 sunt variate. De obicei copiii de clasa I lucreaz\u0103 cu cei de a II-a, iar a III-a cu a IV-a, \u00eens\u0103 depinde \u0219i de cum pot p\u0103rin\u021bii s\u0103 \u00eei aduc\u0103<\/em><\/p>\n<p style=\"font-weight: 400;\">Primele ore de rom\u00e2n\u0103 au \u00eenceput anul trecut \u00een mai, iar de atunci grupele s-au tot schimbat. Copiii sunt to\u021bi din clasele primare, iar cei mai mul\u021bi \u00een\u021beleg deja conversa\u021bii de baz\u0103 \u00een limba rom\u00e2n\u0103. Anca \u00eei \u00eenva\u021b\u0103 \u00een func\u021bie de natur\u0103 \u0219i de curiozit\u0103\u021bile lor, povestind c\u0103 \u00eentr-o zi ploioas\u0103 unul dintre copii voia s\u0103 \u00eenve\u021be despre \u201egr\u0103mezile de ap\u0103 de pe str\u0103zi\u201d \u0219i a\u0219a au \u00eenv\u0103\u021bat \u00eempreun\u0103 despre vreme.<\/p>\n<p style=\"font-weight: 400;\">Nu doar copiii \u00eenva\u021b\u0103 rom\u00e2n\u0103 \u00een func\u021bie de curiozit\u0103\u021bile lor, ci \u0219i p\u0103rin\u021bii sau bunicii lor. \u00cen cadrul orelor pentru adul\u021bi, refugia\u021bii care \u00een Ucraina erau manageri, farmaciste, medici ginecologi, antrenori de sport, pensionari sau chiar studen\u021bi, \u00eenva\u021b\u0103 \u00een func\u021bie de nevoile lor, gramatic\u0103 \u0219i vocabular. De exemplu, dac\u0103 mamele trebuiau s\u0103 rezolve probleme financiare, orele de rom\u00e2n\u0103 erau centrate pe vocabularul \u201eLa banc\u0103\u201d.<\/p>\n<p>&nbsp;<\/p>\n<p><img loading=\"lazy\" decoding=\"async\" class=\"aligncenter wp-image-58118 size-full\" src=\"https:\/\/activecitizensfund.ro\/wp-content\/uploads\/2023\/12\/WhatsApp-Image-2023-10-29-at-22.26.37-1.jpeg\" alt=\"\" width=\"1600\" height=\"1200\" srcset=\"https:\/\/activecitizensfund.ro\/wp-content\/uploads\/2023\/12\/WhatsApp-Image-2023-10-29-at-22.26.37-1.jpeg 1600w, https:\/\/activecitizensfund.ro\/wp-content\/uploads\/2023\/12\/WhatsApp-Image-2023-10-29-at-22.26.37-1-300x225.jpeg 300w, https:\/\/activecitizensfund.ro\/wp-content\/uploads\/2023\/12\/WhatsApp-Image-2023-10-29-at-22.26.37-1-1024x768.jpeg 1024w, https:\/\/activecitizensfund.ro\/wp-content\/uploads\/2023\/12\/WhatsApp-Image-2023-10-29-at-22.26.37-1-768x576.jpeg 768w, https:\/\/activecitizensfund.ro\/wp-content\/uploads\/2023\/12\/WhatsApp-Image-2023-10-29-at-22.26.37-1-1536x1152.jpeg 1536w, https:\/\/activecitizensfund.ro\/wp-content\/uploads\/2023\/12\/WhatsApp-Image-2023-10-29-at-22.26.37-1-16x12.jpeg 16w\" sizes=\"auto, (max-width: 1600px) 100vw, 1600px\" \/><\/p>\n<p style=\"font-weight: 400;\">Ivan are aproape \u0219apte ani \u0219i \u00eenva\u021b\u0103 litera \u0219<\/p>\n<p style=\"font-weight: 400;\">Maria, cealalt\u0103 profesoar\u0103, era student\u0103 la Pedagogie c\u00e2nd a \u00eenceput r\u0103zboiul. Acum pred\u0103 ucrainean\u0103 \u0219i matematic\u0103 copiilor din Ucraina. Al\u0103turi de ea, al\u021bi 31 de ucraineni au fost angaja\u021bi de Caritas, de la buc\u0103tari, educatoare \u0219i p\u00e2n\u0103 terapeu\u021bi ca Ira, care ofer\u0103 \u0219edin\u021be individuale celorlal\u021bi refugia\u021bi.<\/p>\n<p style=\"font-weight: 400;\">Pe l\u00e2ng\u0103 sprijinul de subzisten\u021b\u0103, Caritas vrea s\u0103 ajute \u0219i la eliminarea stigmatiz\u0103rii care exist\u0103 fa\u021b\u0103 de refugia\u021bii ucraineni, prin proiectul \u201eSOLIDAR cu drepturile celor vulnerabili!\u201d. \u00cen cadrul acestui proiect, finan\u021bat prin Active Citizens Fund, se organizeaz\u0103 zile culturale, care aduc persoanele vulnerabile din Ucraina \u0219i Rom\u00e2nia \u00eempreun\u0103. Primul eveniment de acest tip a avut loc la Oradea, unde s-au degustat m\u00e2nc\u0103ruri tradi\u021bionale din ambele \u021b\u0103ri, s-a ascultat muzic\u0103, s-a vizionat un film ucrainean. Copiii s-au jucat \u00eempreun\u0103, iar bariera de limb\u0103 a disp\u0103rut.<\/p>\n<p><img loading=\"lazy\" decoding=\"async\" class=\"aligncenter wp-image-58109 size-full\" src=\"https:\/\/activecitizensfund.ro\/wp-content\/uploads\/2023\/12\/9-scaled-1.jpg\" alt=\"\" width=\"2560\" height=\"1707\" srcset=\"https:\/\/activecitizensfund.ro\/wp-content\/uploads\/2023\/12\/9-scaled-1.jpg 2560w, https:\/\/activecitizensfund.ro\/wp-content\/uploads\/2023\/12\/9-scaled-1-300x200.jpg 300w, https:\/\/activecitizensfund.ro\/wp-content\/uploads\/2023\/12\/9-scaled-1-1024x683.jpg 1024w, https:\/\/activecitizensfund.ro\/wp-content\/uploads\/2023\/12\/9-scaled-1-768x512.jpg 768w, https:\/\/activecitizensfund.ro\/wp-content\/uploads\/2023\/12\/9-scaled-1-1536x1024.jpg 1536w, https:\/\/activecitizensfund.ro\/wp-content\/uploads\/2023\/12\/9-scaled-1-2048x1366.jpg 2048w, https:\/\/activecitizensfund.ro\/wp-content\/uploads\/2023\/12\/9-scaled-1-18x12.jpg 18w\" sizes=\"auto, (max-width: 2560px) 100vw, 2560px\" \/><\/p>\n<p style=\"font-weight: 400;\">Pe 19 octombrie, zeci de adul\u021bi \u0219i copii, rom\u00e2ni \u0219i ucraineni s-au \u00eent\u00e2lnit la un eveniment cultural din Oradea; foto: Caritas<\/p>\n<p style=\"font-weight: 400;\">Urm\u0103toarele dou\u0103 evenimente culturale vor avea loc la Bucure\u0219ti (4 noiembrie) \u0219i Ia\u0219i (25 noiembrie). \u00cen cadrul proiectului se urm\u0103re\u0219te ca nivelul de solidaritate cu refugia\u021bii ucraineni s\u0103 creasc\u0103.<\/p>\n<p style=\"font-weight: 400;\">Un alt mod prin care Caritas vrea s\u0103 ajute e prin \u00eencercarea de a elimina stereotipurile precum \u201erefugia\u021bii ucraineni sunt boga\u021bi, stau la hotel pe litoral \u0219i au ma\u0219ini scumpe\u201d este seria de interviuri \u201ePerspectiva mea\u201d. Prin acestea, refugia\u021bii ucraineni sunt \u00eencuraja\u021bi s\u0103 vorbeasc\u0103 despre via\u021ba lor de dinainte de r\u0103zboi \u0219i cum au ajuns \u00een Rom\u00e2nia.<\/p>\n<p style=\"font-weight: 400;\">Sunt zece interviuri cu cet\u0103\u021beni ucraineni, iar unul dintre ele o prezint\u0103 pe Olga Tymofeeva, care a r\u0103mas \u00een Oradea dup\u0103 ce copiii ei s-au \u00eemboln\u0103vit. \u201eNiciodat\u0103 nu ne-am g\u00e2ndit c\u0103 cel mai important lucru pe care \u00eel putem lua cu noi sunt doar persoanele mai apropiate \u2013 copiii, p\u0103rin\u0163ii\u201d, m\u0103rturise\u0219te refugiata ucrainean\u0103, care, dup\u0103 izbucnirea r\u0103zboiului, a l\u0103sat afacerea la care a lucrat peste zece ani \u0219i a fugit din Cern\u0103u\u021bi \u00een Rom\u00e2nia.<\/p>\n<p style=\"font-weight: 400;\">Video de 30 de secunde cu Olga https:\/\/www.youtube.com\/watch?v=hafcBAXXh0Q&amp;t=8s&amp;ab_channel=CaritasRomania<\/p>\n<p style=\"font-weight: 400;\">Tot din seria testimonialelor, prin care Caritas vrea s\u0103 opreasc\u0103 \u0219tirile false despre refugia\u021bii ucraineni, face parte \u0219i Olga Mishyna. V\u00e2rstnica din Odesa a povestit c\u0103 pe 24 februarie 2022 urma s\u0103 s\u0103rb\u0103toreasc\u0103 ziua de na\u0219tere a nepotului ei, \u00eens\u0103 nu a mai apucat din cauza r\u0103zboiului. Ea a m\u0103rturisit c\u0103 atunci a venit la Ia\u0219i cu m\u00e2inile goale, din cauza bombardamentelor, \u0219i c\u0103 aici a primit tot ce avea nevoie.<\/p>\n<p style=\"font-weight: 400;\">\u201eSOLIDAR cu drepturile celor vulnerabili!\u201d este implementat de Caritas Rom\u00e2nia \u00een parteneriat cu Federa\u021bia Organiza\u021biilor Neguvernamentale pentru Servicii Sociale este sprijinit de Active Citzens Fund Rom\u00e2nia, program finan\u021bat de Islanda, Liechtenstein \u0219i Norvegia prin Granturile SEE 2014-2021.<\/p>\n\n\t\t<\/div>\n\t<\/div>\n<div class=\"vc_empty_space\"   style=\"height: 32px\"><span class=\"vc_empty_space_inner\"><\/span><\/div>\n\t<div  class=\"wpb_single_image wpb_content_element vc_align_center\">\n\t\t\n\t\t<figure class=\"wpb_wrapper vc_figure\">\n\t\t\t<div class=\"vc_single_image-wrapper   vc_box_border_grey\"><img loading=\"lazy\" decoding=\"async\" width=\"2560\" height=\"1707\" src=\"https:\/\/activecitizensfund.ro\/wp-content\/uploads\/2023\/12\/1-scaled.jpg\" class=\"vc_single_image-img attachment-full\" alt=\"\" title=\"1\" srcset=\"https:\/\/activecitizensfund.ro\/wp-content\/uploads\/2023\/12\/1-scaled.jpg 2560w, https:\/\/activecitizensfund.ro\/wp-content\/uploads\/2023\/12\/1-300x200.jpg 300w, https:\/\/activecitizensfund.ro\/wp-content\/uploads\/2023\/12\/1-1024x683.jpg 1024w, https:\/\/activecitizensfund.ro\/wp-content\/uploads\/2023\/12\/1-768x512.jpg 768w, https:\/\/activecitizensfund.ro\/wp-content\/uploads\/2023\/12\/1-1536x1024.jpg 1536w, https:\/\/activecitizensfund.ro\/wp-content\/uploads\/2023\/12\/1-2048x1365.jpg 2048w, https:\/\/activecitizensfund.ro\/wp-content\/uploads\/2023\/12\/1-18x12.jpg 18w\" sizes=\"auto, (max-width: 2560px) 100vw, 2560px\"  data-dt-location=\"https:\/\/activecitizensfund.ro\/en\/suferinta-refugiatilor-nu-inceteaza-doar-pentru-ca-ne-am-obisnuit-noi-cu-ea\/attachment\/1\/\" \/><\/div>\n\t\t<\/figure>\n\t<\/div>\n\n\t<div class=\"wpb_text_column wpb_content_element\" >\n\t\t<div class=\"wpb_wrapper\">\n\t\t\t<p><em>Nu am \u00eent\u00e2lnit trafic semnificativ pe drumul din imediata vecin\u0103tate a punctului de trecere a frontierei. Frontiera se afl\u0103 pe partea st\u00e2ng\u0103 a drumului<\/em><\/p>\n\n\t\t<\/div>\n\t<\/div>\n<div class=\"vc_empty_space\"   style=\"height: 32px\"><span class=\"vc_empty_space_inner\"><\/span><\/div><h3 style=\"text-align: left\" class=\"vc_custom_heading vc_do_custom_heading\" >Ajutorul entuziast, dar haotic e de domeniul trecutului<\/h3>\n\t<div class=\"wpb_text_column wpb_content_element\" >\n\t\t<div class=\"wpb_wrapper\">\n\t\t\t<p>Containerul maltez ne a\u0219teapt\u0103: este pl\u0103cut s\u0103 fim la c\u0103ldur\u0103 \u0219i la ad\u0103post de v\u00e2ntul aspru de toamn\u0103. Refugia\u021bii ucraineni sunt primi\u021bi aici cu ap\u0103 potabil\u0103, gust\u0103ri, ceai cald, mese calde ocazionale \u0219i produse esen\u021biale pentru bebelu\u0219i, \u00eens\u0103 num\u0103rul lor a sc\u0103zut \u00een ultimele luni, sosind nu mai mult zece-dou\u0103zeci pe zi.<\/p>\n<p>Potrivit poli\u021biei de frontier\u0103, la \u00eenceputul r\u0103zboiului, num\u0103rul refugia\u021bilor care au trecut prin punctul de trecere a frontierei de la Sighetu Marma\u021biei a ajuns la 5.000 \u00een 24 de ore. Cel mai mare num\u0103r de persoane au trecut din Ucraina pe la vama Siret, cu un num\u0103r record de 8.000 \u00een 24 de ore.<\/p>\n\n\t\t<\/div>\n\t<\/div>\n<div class=\"vc_empty_space\"   style=\"height: 32px\"><span class=\"vc_empty_space_inner\"><\/span><\/div>\n\t<div  class=\"wpb_single_image wpb_content_element vc_align_center\">\n\t\t\n\t\t<figure class=\"wpb_wrapper vc_figure\">\n\t\t\t<div class=\"vc_single_image-wrapper   vc_box_border_grey\"><img loading=\"lazy\" decoding=\"async\" width=\"2560\" height=\"1707\" src=\"https:\/\/activecitizensfund.ro\/wp-content\/uploads\/2023\/12\/2-scaled.jpg\" class=\"vc_single_image-img attachment-full\" alt=\"\" title=\"2\" srcset=\"https:\/\/activecitizensfund.ro\/wp-content\/uploads\/2023\/12\/2-scaled.jpg 2560w, https:\/\/activecitizensfund.ro\/wp-content\/uploads\/2023\/12\/2-300x200.jpg 300w, https:\/\/activecitizensfund.ro\/wp-content\/uploads\/2023\/12\/2-1024x683.jpg 1024w, https:\/\/activecitizensfund.ro\/wp-content\/uploads\/2023\/12\/2-768x512.jpg 768w, https:\/\/activecitizensfund.ro\/wp-content\/uploads\/2023\/12\/2-1536x1024.jpg 1536w, https:\/\/activecitizensfund.ro\/wp-content\/uploads\/2023\/12\/2-2048x1365.jpg 2048w, https:\/\/activecitizensfund.ro\/wp-content\/uploads\/2023\/12\/2-18x12.jpg 18w\" sizes=\"auto, (max-width: 2560px) 100vw, 2560px\"  data-dt-location=\"https:\/\/activecitizensfund.ro\/en\/suferinta-refugiatilor-nu-inceteaza-doar-pentru-ca-ne-am-obisnuit-noi-cu-ea\/attachment\/2\/\" \/><\/div>\n\t\t<\/figure>\n\t<\/div>\n<div class=\"vc_empty_space\"   style=\"height: 32px\"><span class=\"vc_empty_space_inner\"><\/span><\/div>\n\t<div class=\"wpb_text_column wpb_content_element\" >\n\t\t<div class=\"wpb_wrapper\">\n\t\t\t<p>Ast\u0103zi, nu mai e nici urm\u0103 a haosului ini\u021bial. Starea de alert\u0103 \u0219i a\u0219teptarea au devenit normale, obi\u0219nuite, toat\u0103 lumea \u0219tie ce are de f\u0103cut. Ceea ce r\u0103m\u00e2ne neschimbat este faptul c\u0103 personalul \u0219i voluntarii ONG-urilor \u00eencearc\u0103 \u00een continuare s\u0103 fac\u0103 tot posibilul \u0219i s\u0103 g\u0103seasc\u0103 solu\u021bii la situa\u021bii nea\u0219teptate: nu \u0219tii niciodat\u0103 c\u00e2\u021bi oameni se vor prezenta.<\/p>\n\n\t\t<\/div>\n\t<\/div>\n<div class=\"vc_empty_space\"   style=\"height: 32px\"><span class=\"vc_empty_space_inner\"><\/span><\/div><h3 style=\"text-align: left\" class=\"vc_custom_heading vc_do_custom_heading\" >Adesea e nevoie doar de o vorb\u0103 bun\u0103<\/h3>\n\t<div class=\"wpb_text_column wpb_content_element\" >\n\t\t<div class=\"wpb_wrapper\">\n\t\t\t<p>St\u0103m de vorb\u0103 cu personalul Serviciului de Ajutor Maltez la o cea\u0219c\u0103 de ceai fierbinte. Cur\u00e2nd devine evident c\u0103 containerul a fost o loca\u021bie cheie pentru ei \u00een ultimii doi ani. \u00cen primele zile, au ajutat la grani\u021b\u0103 zi \u0219i noapte, dormind doar c\u00e2teva ore pe zi.<\/p>\n<p>De\u0219i vin din ce \u00een ce mai pu\u021bini oameni, exist\u0103 \u00eenc\u0103 multe de f\u0103cut. De exemplu, pachetele de ajutor sunt livrate \u00een mod regulat peste grani\u021b\u0103, iar oamenii din partea ucrainean\u0103 a frontierei viziteaz\u0103 adesea containerele de pe partea rom\u00e2n\u0103. De asemenea, ace\u0219tia p\u0103streaz\u0103 leg\u0103tura cu refugia\u021bii care au r\u0103mas \u00een Sighetu Marma\u021biei, care se \u00eentorc adesea la containere dac\u0103 au nevoie de ceva sau dac\u0103 vor doar s\u0103 stea de vorb\u0103.<\/p>\n\n\t\t<\/div>\n\t<\/div>\n<div class=\"vc_empty_space\"   style=\"height: 32px\"><span class=\"vc_empty_space_inner\"><\/span><\/div>\n\t<div  class=\"wpb_single_image wpb_content_element vc_align_center\">\n\t\t\n\t\t<figure class=\"wpb_wrapper vc_figure\">\n\t\t\t<div class=\"vc_single_image-wrapper   vc_box_border_grey\"><img loading=\"lazy\" decoding=\"async\" width=\"2560\" height=\"1708\" src=\"https:\/\/activecitizensfund.ro\/wp-content\/uploads\/2023\/12\/4-scaled.jpg\" class=\"vc_single_image-img attachment-full\" alt=\"\" title=\"4\" srcset=\"https:\/\/activecitizensfund.ro\/wp-content\/uploads\/2023\/12\/4-scaled.jpg 2560w, https:\/\/activecitizensfund.ro\/wp-content\/uploads\/2023\/12\/4-300x200.jpg 300w, https:\/\/activecitizensfund.ro\/wp-content\/uploads\/2023\/12\/4-1024x683.jpg 1024w, https:\/\/activecitizensfund.ro\/wp-content\/uploads\/2023\/12\/4-768x512.jpg 768w, https:\/\/activecitizensfund.ro\/wp-content\/uploads\/2023\/12\/4-1536x1025.jpg 1536w, https:\/\/activecitizensfund.ro\/wp-content\/uploads\/2023\/12\/4-2048x1366.jpg 2048w, https:\/\/activecitizensfund.ro\/wp-content\/uploads\/2023\/12\/4-18x12.jpg 18w\" sizes=\"auto, (max-width: 2560px) 100vw, 2560px\"  data-dt-location=\"https:\/\/activecitizensfund.ro\/en\/suferinta-refugiatilor-nu-inceteaza-doar-pentru-ca-ne-am-obisnuit-noi-cu-ea\/attachment\/4\/\" \/><\/div>\n\t\t<\/figure>\n\t<\/div>\n<div class=\"vc_empty_space\"   style=\"height: 32px\"><span class=\"vc_empty_space_inner\"><\/span><\/div>\n\t<div class=\"wpb_text_column wpb_content_element\" >\n\t\t<div class=\"wpb_wrapper\">\n\t\t\t<p style=\"font-weight: 400;\">\u00cen timp ce st\u0103m \u00een container \u0219i ascult\u0103m pove\u0219tile voluntarilor Serviciului Maltez, de cealalt\u0103 parte a grani\u021bei se aude sirena de raid aerian. Este un sunet nea\u0219teptat de strident, iar noi ne lini\u0219tim pu\u021bin. Personalul de la organiza\u021bia caritabil\u0103 nu mai este surprins: \u00eenainte era un sunet obi\u0219nuit, chiar \u0219i \u00een ora\u0219, probabil testau sirena sau d\u0103deau alarma la decolarea unui avion. Oamenii sunt prea obi\u0219nui\u021bi cu sunetul sirenei: exist\u0103 temerea c\u0103, dac\u0103 ar ap\u0103rea o problem\u0103 real\u0103, nu vor reac\u021biona la timp.<\/p>\n\n\t\t<\/div>\n\t<\/div>\n<div class=\"vc_empty_space\"   style=\"height: 32px\"><span class=\"vc_empty_space_inner\"><\/span><\/div><h3 style=\"text-align: left\" class=\"vc_custom_heading vc_do_custom_heading\" >Oamenii pleac\u0103, pove\u0219tile r\u0103m\u00e2n<\/h3>\n\t<div class=\"wpb_text_column wpb_content_element\" >\n\t\t<div class=\"wpb_wrapper\">\n\t\t\t<p>Auzim pove\u0219ti sensibile despre \u00eent\u00e2lniri, despre oameni de care nu \u0219tiu nimic de c\u00e2nd au plecat din ora\u0219.<\/p>\n<p>\u201e\u00cemi amintesc c\u0103 a venit o mam\u0103 cu dou\u0103 feti\u021be care nu aveau dec\u00e2t c\u00e2te un rucsac mic fiecare. Am \u00eentrebat ce s-a \u00eent\u00e2mplat? Dup\u0103 ce s-au lini\u0219tit pu\u021bin, mama a \u00eenceput s\u0103 vorbeasc\u0103: era \u00een drum spre gr\u0103dini\u021b\u0103 cu feti\u021bele c\u00e2nd a \u00eenceput bombardamentul. S-au \u00eendreptat imediat spre gar\u0103 \u0219i s-au urcat \u00een primul tren care le-a adus aproape de grani\u021b\u0103. Au ajuns la Sighetu Marma\u021biei, a\u0219a cum plecaser\u0103 diminea\u021ba spre gr\u0103dini\u021b\u0103: o mam\u0103 cu cele dou\u0103 feti\u021be \u0219i ghiozdanele \u00een spate\u201d \u2013 \u0219i-a amintit Iulia Stan, purt\u0103toarea de cuv\u00e2nt a Inspectoratul Teritorial al Politiei de Frontier\u0103 Sighetu Marma\u021biei.<\/p>\n\n\t\t<\/div>\n\t<\/div>\n<div class=\"vc_empty_space\"   style=\"height: 32px\"><span class=\"vc_empty_space_inner\"><\/span><\/div>\n\t<div  class=\"wpb_single_image wpb_content_element vc_align_center\">\n\t\t\n\t\t<figure class=\"wpb_wrapper vc_figure\">\n\t\t\t<div class=\"vc_single_image-wrapper   vc_box_border_grey\"><img loading=\"lazy\" decoding=\"async\" width=\"2560\" height=\"1706\" src=\"https:\/\/activecitizensfund.ro\/wp-content\/uploads\/2023\/12\/5-scaled.jpg\" class=\"vc_single_image-img attachment-full\" alt=\"\" title=\"5\" srcset=\"https:\/\/activecitizensfund.ro\/wp-content\/uploads\/2023\/12\/5-scaled.jpg 2560w, https:\/\/activecitizensfund.ro\/wp-content\/uploads\/2023\/12\/5-300x200.jpg 300w, https:\/\/activecitizensfund.ro\/wp-content\/uploads\/2023\/12\/5-1024x682.jpg 1024w, https:\/\/activecitizensfund.ro\/wp-content\/uploads\/2023\/12\/5-768x512.jpg 768w, https:\/\/activecitizensfund.ro\/wp-content\/uploads\/2023\/12\/5-1536x1024.jpg 1536w, https:\/\/activecitizensfund.ro\/wp-content\/uploads\/2023\/12\/5-2048x1365.jpg 2048w, https:\/\/activecitizensfund.ro\/wp-content\/uploads\/2023\/12\/5-18x12.jpg 18w\" sizes=\"auto, (max-width: 2560px) 100vw, 2560px\"  data-dt-location=\"https:\/\/activecitizensfund.ro\/en\/suferinta-refugiatilor-nu-inceteaza-doar-pentru-ca-ne-am-obisnuit-noi-cu-ea\/attachment\/5\/\" \/><\/div>\n\t\t<\/figure>\n\t<\/div>\n\n\t<div class=\"wpb_text_column wpb_content_element\" >\n\t\t<div class=\"wpb_wrapper\">\n\t\t\t<p>Dintre voluntarii maltezi, Mihaela, care \u00eei ajut\u0103 pe refugia\u021bi \u00een calitate de traduc\u0103tor de ucrainean\u0103, \u0219i-a asumat chiar \u0219i rolul de na\u0219\u0103: o feti\u021b\u0103 de 11 ani, Sofia, i-a cerut acest lucru. Preotul greco-catolic ucrainean din localitate, Vasile Colopelnic, ne arat\u0103 entuziasmat fotografiile de la botez. Sofia a venit din Done\u021bk cu tat\u0103l s\u0103u c\u0103ruia i-au permis s\u0103 treac\u0103 frontiera din cauza afec\u021biunii de care suferea. Recent \u0219i ace\u0219tia au p\u0103r\u0103sit ora\u0219ul, nu se \u0219tie ce s-a \u00eent\u00e2mplat cu ei de atunci.<\/p>\n<p>Potrivit preotului, r\u0103m\u00e2n \u00een Sighetu Marma\u021biei doar cei care nu au unde s\u0103 se duc\u0103 sau care au leg\u0103turi pe aici. Ace\u0219tia sunt descuraja\u021bi s\u0103 r\u0103m\u00e2n\u0103 \u0219i de faptul c\u0103, fiind un ora\u0219 mic, oportunit\u0103\u021bile de trai sunt pu\u021bine. Mul\u021bi au r\u0103mas \u0219i \u00een localit\u0103\u021bile de frontier\u0103 din Ucraina, unde sunt destul de \u00een siguran\u021b\u0103 f\u0103r\u0103 s\u0103 fie nevoi\u021bi s\u0103 \u00ee\u0219i p\u0103r\u0103seasc\u0103 \u021bara.<\/p>\n\n\t\t<\/div>\n\t<\/div>\n\n\t<div class=\"wpb_text_column wpb_content_element\" >\n\t\t<div class=\"wpb_wrapper\">\n\t\t\t<p style=\"font-weight: 400;\"><strong>Vrea s\u0103 \u00eenve\u021be pentru a putea duce cuno\u0219tin\u021bele \u00eenapoi \u00een Ucraina. <\/strong><\/p>\n<p style=\"font-weight: 400;\">Intr\u0103 \u00een container un t\u00e2n\u0103r\u00a0 vesel pe nume Vania. A sosit \u00een var\u0103 din ora\u0219ul Kropivnitsky din centrul Ucrainei \u0219i locuie\u0219te \u00een prezent cu familia unui prieten comun \u00een Sighetu Marma\u021biei. Vania a plecat din \u021bar\u0103 \u00een parte pentru c\u0103 urmeaz\u0103 s\u0103 ajung\u0103 la v\u00e2rsta \u00eencorporabil\u0103 peste un an, l\u0103s\u00e2ndu-\u0219i familia \u00een urm\u0103 \u00een Ucraina.<\/p>\n<p style=\"font-weight: 400;\">C\u00e2nd a izbucnit r\u0103zboiul, Vania \u0219i familia sa s-au mutat din apartamentul lor extrem de periculos de la etajul 9 la fratele mamei sale. Aici, \u00een timpul raidurilor aeriene, s-au refugiat \u00een pivni\u021b\u0103, unde au s\u0103rb\u0103torit \u0219i ziua de na\u0219tere a mamei sale. A\u0219teptarea a devenit un eveniment zilnic, dar via\u021ba nu s-a oprit niciodat\u0103.<\/p>\n<p style=\"font-weight: 400;\">\u201d<em>M-am sim\u021bit obligat\u0103 s\u0103 o protejez pe sora mea de depresie. Am preferat s\u0103 m\u0103 joc cu ea dec\u00e2t s\u0103 fiu cu \u0219tirile la zi. Avea doar 12 ani la acea vreme. Bine\u00een\u021beles c\u0103 \u0219i eu m-am sim\u021bit r\u0103u la \u00eenceput, eram paralizat, sim\u021beam c\u0103 pot muri \u00een orice zi.\u201d<\/em> \u2013 spune Vania.<\/p>\n\n\t\t<\/div>\n\t<\/div>\n\n\t<div  class=\"wpb_single_image wpb_content_element vc_align_center\">\n\t\t\n\t\t<figure class=\"wpb_wrapper vc_figure\">\n\t\t\t<div class=\"vc_single_image-wrapper   vc_box_border_grey\"><img loading=\"lazy\" decoding=\"async\" width=\"2560\" height=\"1708\" src=\"https:\/\/activecitizensfund.ro\/wp-content\/uploads\/2023\/12\/6-scaled.jpg\" class=\"vc_single_image-img attachment-full\" alt=\"\" title=\"6\" srcset=\"https:\/\/activecitizensfund.ro\/wp-content\/uploads\/2023\/12\/6-scaled.jpg 2560w, https:\/\/activecitizensfund.ro\/wp-content\/uploads\/2023\/12\/6-300x200.jpg 300w, https:\/\/activecitizensfund.ro\/wp-content\/uploads\/2023\/12\/6-1024x683.jpg 1024w, https:\/\/activecitizensfund.ro\/wp-content\/uploads\/2023\/12\/6-768x512.jpg 768w, https:\/\/activecitizensfund.ro\/wp-content\/uploads\/2023\/12\/6-1536x1025.jpg 1536w, https:\/\/activecitizensfund.ro\/wp-content\/uploads\/2023\/12\/6-2048x1366.jpg 2048w, https:\/\/activecitizensfund.ro\/wp-content\/uploads\/2023\/12\/6-18x12.jpg 18w\" sizes=\"auto, (max-width: 2560px) 100vw, 2560px\"  data-dt-location=\"https:\/\/activecitizensfund.ro\/en\/suferinta-refugiatilor-nu-inceteaza-doar-pentru-ca-ne-am-obisnuit-noi-cu-ea\/attachment\/6\/\" \/><\/div>\n\t\t<\/figure>\n\t<\/div>\n\n\t<div class=\"wpb_text_column wpb_content_element\" >\n\t\t<div class=\"wpb_wrapper\">\n\t\t\t<p style=\"font-weight: 400;\"><em>Vania<\/em><\/p>\n<p style=\"font-weight: 400;\">Cursurile au continuat online: din fericire, ne-am \u00eenv\u0103\u021bat cu ele \u00een timpul pandemiei. Vania \u00eenva\u021b\u0103 \u0219i face sport pentru a uita de dificult\u0103\u021bile zilnice \u0219i pentru a-\u0219i continua studiile la universitate, acesta fiind unul dintre motivele pentru care a decis s\u0103 p\u0103r\u0103seasc\u0103 \u021bara. Pe l\u00e2ng\u0103 \u00eenv\u0103\u021b\u0103m\u00e2ntul online din Ucraina, el studiaz\u0103 \u00een prezent la Liceul ucrainean din Sighetu Marma\u021biei, deoarece e mai u\u0219or s\u0103 intre la universitate cu o diplom\u0103 rom\u00e2neasc\u0103.<\/p>\n<p style=\"font-weight: 400;\"><strong>Nu au unde se \u00eentoarce<\/strong><\/p>\n<p style=\"font-weight: 400;\">De asemenea, \u00eent\u00e2lnim o mam\u0103 \u0219i o fiic\u0103 \u00een container: Nelia 73 de ani, Alyona 31 de ani. Au pierdut totul \u00een r\u0103zboi. Din cauza unui accident mai vechi Alyona a r\u0103mas\u00a0 imobilizat\u0103 \u00een scaun cu rotile. Ele sper\u0103 c\u0103 \u00een cur\u00e2nd va fi \u00eenscris\u0103 \u00eentr-un program care s\u0103 o ajute s\u0103 \u00ee\u0219i dezvolte abilit\u0103\u021bile motorii, iar \u00eentre timp ar putea s\u0103 \u00eei fac\u0103 rost de un scaun cu rotile electric.<\/p>\n<p style=\"font-weight: 400;\">Nelia \u0219i Alyona sunt \u00eenso\u021bite de un b\u0103rbat, Iuri. Acesta are 70 de ani \u0219i vine din Herson, raion pe care ru\u0219ii \u00eel ocupaser\u0103 deja \u00een primele zile ale r\u0103zboiului. Nu mai are nicio speran\u021b\u0103 de a se \u00eentoarce vreodat\u0103 acas\u0103: solda\u021bii ru\u0219i locuiesc acum \u00een apartamentul s\u0103u. Yuri a locuit luni de zile \u00een ora\u0219ul ocupat \u0219i poveste\u0219te pe larg despre cum este s\u0103 tr\u0103ie\u0219ti \u00eentr-o lume \u00een care solda\u021bii pot face ce vor cu civilii.<\/p>\n<p style=\"font-weight: 400;\"><img loading=\"lazy\" decoding=\"async\" class=\"aligncenter wp-image-58091 size-full\" src=\"https:\/\/activecitizensfund.ro\/wp-content\/uploads\/2023\/12\/7-scaled.jpg\" alt=\"\" width=\"2560\" height=\"1706\" srcset=\"https:\/\/activecitizensfund.ro\/wp-content\/uploads\/2023\/12\/7-scaled.jpg 2560w, https:\/\/activecitizensfund.ro\/wp-content\/uploads\/2023\/12\/7-300x200.jpg 300w, https:\/\/activecitizensfund.ro\/wp-content\/uploads\/2023\/12\/7-1024x682.jpg 1024w, https:\/\/activecitizensfund.ro\/wp-content\/uploads\/2023\/12\/7-768x512.jpg 768w, https:\/\/activecitizensfund.ro\/wp-content\/uploads\/2023\/12\/7-1536x1024.jpg 1536w, https:\/\/activecitizensfund.ro\/wp-content\/uploads\/2023\/12\/7-2048x1365.jpg 2048w, https:\/\/activecitizensfund.ro\/wp-content\/uploads\/2023\/12\/7-18x12.jpg 18w\" sizes=\"auto, (max-width: 2560px) 100vw, 2560px\" \/><\/p>\n<p style=\"font-weight: 400;\">\u00cen timpul evad\u0103rii sale, a trebuit s\u0103 traverseze linia frontului: la diferite puncte de control, solda\u021bii i-au dezbr\u0103cat pe to\u021bi \u00een mod repetat. \u201eAu spus c\u0103 sunt \u00een c\u0103utarea unor tatuaje naziste. Dac\u0103 au g\u0103sit simboluri ucrainene pe cineva, \u00eel s\u0103ltau. Dac\u0103 a\u0219 fi r\u0103mas, nu cred c\u0103 a\u0219 fi supravie\u021buit.\u201d \u2013 \u0219i-a amintit el, povestind cum solda\u021bii ru\u0219i \u201e\u0219i-au luat la revedere\u201d de la refugia\u021bi: au deschis focul asupra civililor care plecau spre zonele controlate de ucraineni.<\/p>\n<p style=\"font-weight: 400;\">Fiul lui Iuri a fost nevoit s\u0103 r\u0103m\u00e2n\u0103, nora \u0219i nepo\u021bii s\u0103i au plecat \u00een Statele Unite, iar el nu dore\u0219te s\u0103 p\u0103r\u0103seasc\u0103 Sighetul. \u00cen ciuda tuturor acestor lucruri, Iuri este un b\u0103tr\u00e2n prietenos \u0219i bine dispus: este dornic s\u0103 \u00eenve\u021be limba rom\u00e2n\u0103.<\/p>\n<p style=\"font-weight: 400;\"><strong>Cei care nu pot trece \u00eencearc\u0103 totu\u0219i s\u0103 fug\u0103 <\/strong><\/p>\n<p style=\"font-weight: 400;\">\u00cen timp ce num\u0103rul de treceri legale ale frontierei a sc\u0103zut, num\u0103rul de treceri ilegale este \u00een cre\u0219tere. P\u00e2n\u0103 la 10 b\u0103rba\u021bi pe zi reu\u0219esc s\u0103 se strecoare \u00een jude\u021bul Maramure\u0219, risc\u00e2ndu-\u0219i via\u021ba pentru a sc\u0103pa \u00een condi\u021bii grele, potrivit Iuliei Stan, purt\u0103toarea de cuv\u00e2nt a Inspectoratul Teritorial al Politiei de Frontier\u0103 Sighetu Marma\u021biei.<\/p>\n<p style=\"font-weight: 400;\">De la izbucnirea r\u0103zboiului, poli\u021bia de frontier\u0103 a identificat aproximativ 6.600 de persoane care au trecut ilegal \u00een Rom\u00e2nia. Cele mai multe dintre acestea ajung \u00een jude\u021bul Maramure\u0219, de dou\u0103 ori mai multe dec\u00e2t \u00een jude\u021bele Satu Mare \u0219i Suceava.<\/p>\n<p><img loading=\"lazy\" decoding=\"async\" class=\"aligncenter wp-image-58095 size-full\" src=\"https:\/\/activecitizensfund.ro\/wp-content\/uploads\/2023\/12\/11-scaled.jpg\" alt=\"\" width=\"2560\" height=\"1707\" srcset=\"https:\/\/activecitizensfund.ro\/wp-content\/uploads\/2023\/12\/11-scaled.jpg 2560w, https:\/\/activecitizensfund.ro\/wp-content\/uploads\/2023\/12\/11-300x200.jpg 300w, https:\/\/activecitizensfund.ro\/wp-content\/uploads\/2023\/12\/11-1024x683.jpg 1024w, https:\/\/activecitizensfund.ro\/wp-content\/uploads\/2023\/12\/11-768x512.jpg 768w, https:\/\/activecitizensfund.ro\/wp-content\/uploads\/2023\/12\/11-1536x1024.jpg 1536w, https:\/\/activecitizensfund.ro\/wp-content\/uploads\/2023\/12\/11-2048x1365.jpg 2048w, https:\/\/activecitizensfund.ro\/wp-content\/uploads\/2023\/12\/11-18x12.jpg 18w\" sizes=\"auto, (max-width: 2560px) 100vw, 2560px\" \/><\/p>\n<p style=\"font-weight: 400;\">Jude\u021bul Maramure\u0219 se \u00eenvecineaz\u0103 cu Ucraina pe o lungime de 163 km, din care 63 km sunt delimita\u021bi de r\u00e2ul Tisa, iar restul de Mun\u021bii Maramure\u0219ului. Traversarea dealurilor st\u00e2ncoase, slab populate \u0219i dens \u00eemp\u0103durite este mai dificil\u0103, astfel c\u0103 majoritatea oamenilor \u00eencearc\u0103 s\u0103 traverseze r\u00e2ul cu un curs rapid, dar relativ \u00eengust.<\/p>\n<p style=\"font-weight: 400;\"><strong>\u00cencerc\u0103rile de trecere se sf\u00e2r\u0219esc adesea tragic <\/strong><\/p>\n<p style=\"font-weight: 400;\">Anul trecut, \u0219apte persoane au murit \u00een r\u00e2u \u0219i \u0219ase \u00een mun\u021bi \u2013 acesta este doar num\u0103rul persoanelor ale c\u0103ror cadavre au fost g\u0103site de autorit\u0103\u021bile de pe partea rom\u00e2n\u0103, a declarat purt\u0103torul de cuv\u00e2nt. Mul\u021bi dintre refugia\u021bi sunt, de asemenea, r\u0103ni\u021bi, sufer\u0103 regulat traumatisme \u0219i fracturi.<\/p>\n<p style=\"font-weight: 400;\">Purt\u0103torul de cuv\u00e2nt ne arat\u0103, de asemenea, o \u00eenregistrare video \u00een care un cadavru este ridicat cu un elicopter dintr-o pr\u0103pastie din Mun\u021bii Maramure\u0219ului. Oricine a fost vreodat\u0103 la munte, mai ales iarna, \u0219tie c\u0103 nu trebuie s\u0103 te aventurezi \u00een zone neumblate sub nicio form\u0103, nici m\u0103car cu echipament. Cu toate acestea, refugia\u021bii sunt dispera\u021bi, a\u0219a c\u0103 prefer\u0103 s\u0103 \u00ee\u0219i asume riscuri dec\u00e2t s\u0103 mearg\u0103 pe front.<\/p>\n<p style=\"font-weight: 400;\">Una dintre cele mai mari probleme, a spus purt\u0103torul de cuv\u00e2nt, este c\u0103 refugia\u021bii nu \u00ee\u0219i cunosc drepturile \u0219i se tem s\u0103 nu fie expulza\u021bi \u00eenapoi \u00een Ucraina de c\u0103tre autorit\u0103\u021bile locale. Din cauza lipsei de \u00eencredere, au existat cazuri \u00een care nu au ascultat sfaturile autorit\u0103\u021bilor rom\u00e2ne \u00een situa\u021bii de criz\u0103.<\/p>\n<p>&nbsp;<\/p>\n<p><img loading=\"lazy\" decoding=\"async\" class=\"aligncenter wp-image-58094 size-full\" src=\"https:\/\/activecitizensfund.ro\/wp-content\/uploads\/2023\/12\/10-scaled.jpg\" alt=\"\" width=\"2560\" height=\"1707\" srcset=\"https:\/\/activecitizensfund.ro\/wp-content\/uploads\/2023\/12\/10-scaled.jpg 2560w, https:\/\/activecitizensfund.ro\/wp-content\/uploads\/2023\/12\/10-300x200.jpg 300w, https:\/\/activecitizensfund.ro\/wp-content\/uploads\/2023\/12\/10-1024x683.jpg 1024w, https:\/\/activecitizensfund.ro\/wp-content\/uploads\/2023\/12\/10-768x512.jpg 768w, https:\/\/activecitizensfund.ro\/wp-content\/uploads\/2023\/12\/10-1536x1024.jpg 1536w, https:\/\/activecitizensfund.ro\/wp-content\/uploads\/2023\/12\/10-2048x1365.jpg 2048w, https:\/\/activecitizensfund.ro\/wp-content\/uploads\/2023\/12\/10-18x12.jpg 18w\" sizes=\"auto, (max-width: 2560px) 100vw, 2560px\" \/><\/p>\n<p style=\"font-weight: 400;\"><em>Printre tufi\u0219uri se vede Tisa, frontiera dintre Rom\u00e2nia \u0219i Ucraina<\/em><\/p>\n<p style=\"font-weight: 400;\"><em>\u00a0<\/em><\/p>\n<p style=\"font-weight: 400;\">De exemplu, a fost un caz al unui grup r\u0103t\u0103cit \u00een mun\u021bi care a fost rugat \u00een zadar s\u0103 se opreasc\u0103, s\u0103 aprind\u0103 un foc \u0219i s\u0103 a\u0219tepte \u00eempreun\u0103 echipa de salvare. \u00cen ciuda instruc\u021biunilor de pe apelul de urgen\u021b\u0103, grupul s-a desp\u0103r\u021bit \u0219i a \u00eencercat s\u0103 continue pe cont propriu. Decizia lor s-a soldat cu o tragedie: echipele de salvare nu au putut ajunge la timp la toat\u0103 lumea, iar doi b\u0103rba\u021bi au murit \u00eenghe\u021ba\u021bi \u00een acea noapte de iarn\u0103.<\/p>\n<p style=\"font-weight: 400;\">De\u0219i autorit\u0103\u021bile rom\u00e2ne nu \u00eei deporteaz\u0103 pe refugia\u021bi: \u00een conformitate cu normele UE, ace\u0219tia pot solicita statutul de refugiat de \u00eendat\u0103 ce intr\u0103 \u00een UE. De asemenea, partea ucrainean\u0103 este con\u0219tient\u0103 c\u0103, odat\u0103 ce un refugiat a trecut grani\u021ba, nu mai poate dispune de el, a\u0219a c\u0103 autorit\u0103\u021bile coopereaz\u0103 activ cu partea rom\u00e2n\u0103 pentru depistarea accidentelor.<\/p>\n<p style=\"font-weight: 400;\"><strong>Serviciul Maltez va r\u0103m\u00e2ne cu siguran\u021b\u0103 la post pentru urm\u0103toarele 6 luni <\/strong><\/p>\n<p style=\"font-weight: 400;\">\u201d<em>Cea mai mare provocare este s\u0103 g\u0103sim resursele necesare pentru a continua s\u0103 ajut\u0103m \u0219i s\u0103 \u00eei facem pe oameni s\u0103 \u00een\u021beleag\u0103 c\u0103 aceasta este realitatea, c\u0103 exist\u0103 oameni care tr\u0103iesc cu adev\u0103rat aceste tragedii. C\u00e2nd mergem acolo, vedem realitatea, s\u0103r\u0103cia, foametea, ra\u021biile de m\u00e2ncare pe care le primesc, tragediile copiilor care nu mai au\u00a0 perspective, tineri care tr\u0103iesc vie\u021bi de neimaginat pentru copiii no\u0219tri. Este o provocare uria\u0219\u0103 s\u0103 \u00eei facem pe copiii no\u0219tri, pe oamenii no\u0219tri, s\u0103 con\u0219tientizeze c\u0103 ne afl\u0103m \u00eentr-o situa\u021bie norocoas\u0103 \u0219i c\u0103 trebuie s\u0103 ne asum\u0103m responsabilitatea \u0219i s\u0103 ajut\u0103m\u201d,<\/em> a declarat Anca Simu, ofi\u021ber de programe la Serviciul de Ajutor Maltez.<\/p>\n<p style=\"font-weight: 400;\">De\u0219i proiectul Sprijin pentru Ucraina, sus\u021binut de Active Citizens Fund, s-a \u00eencheiat la sf\u00e2r\u0219itul lunii octombrie, civilii vor r\u0103m\u00e2ne la punctul de trecere a frontierei de la Sighetu Marma\u021biei pentru \u00eenc\u0103 6 luni, continu\u00e2nd s\u0103 ofere sprijin social \u0219i psihic refugia\u021bilor.<\/p>\n\n\t\t<\/div>\n\t<\/div>\n\n\t<div class=\"wpb_text_column wpb_content_element\" >\n\t\t<div class=\"wpb_wrapper\">\n\t\t\t<p style=\"font-weight: 400;\"><strong>Fotografii: Henrietta Bocz<\/strong><\/p>\n<p style=\"font-weight: 400;\"><strong>Traducere: Auguszta Sz\u00e1sz<\/strong><\/p>\n\n\t\t<\/div>\n\t<\/div>\n<div class=\"aio-icon-component    style_1\"><div id=\"Info-box-wrap-1127\" class=\"aio-icon-box default-icon\" style=\"\"  ><div class=\"aio-icon-description ult-responsive\"  data-ultimate-target='#Info-box-wrap-1127 .aio-icon-description'  data-responsive-json-new='{\"font-size\":\"\",\"line-height\":\"\"}'  style=\"\"><\/p>\n<p style=\"font-weight: 400;\">Pentru mai multe informa\u021bii despre Active Citizens Fund \u00een Rom\u00e2nia, accesa\u021bi www.activecitizensfund.ro. Pentru mai multe informa\u021bii despre Granturile SEE \u0219i Norvegiene, accesa\u021bi www.eeagrants.ro.<\/p>\n<p><\/div> <!-- description --><\/div> <!-- aio-icon-box --><\/div> <!-- aio-icon-component --><\/div><\/div><\/div><\/div>\n<\/div>","protected":false},"excerpt":{"rendered":"<p>Un material realizat de @Gen\u0218tiri pentru Programul ACF Rom\u00e2nia Refugia\u021bi ucraineni a\u0219tept\u00e2nd s\u0103 primeasc\u0103 alimente. Caritas are parteneriat cu Banca de alimente 4,215 cet\u0103\u021beni ucraineni sau 1,338 de familii. Acesta este num\u0103rul refugia\u021bilor ucraineni sprijini\u021bi de Confedera\u021bia Caritas de c\u00e2nd a \u00eenceput r\u0103zboiul din Ucraina. Fie c\u0103 e vorba de ore de limba rom\u00e2n\u0103, sprijin&hellip;<\/p>","protected":false},"author":1,"featured_media":58114,"comment_status":"closed","ping_status":"closed","sticky":false,"template":"","format":"standard","meta":{"footnotes":""},"categories":[211],"tags":[214,213],"class_list":["post-58108","post","type-post","status-publish","format-standard","has-post-thumbnail","hentry","category-stiri","tag-apel","tag-bilaterale","category-211","description-off"],"_links":{"self":[{"href":"https:\/\/activecitizensfund.ro\/en\/wp-json\/wp\/v2\/posts\/58108","targetHints":{"allow":["GET"]}}],"collection":[{"href":"https:\/\/activecitizensfund.ro\/en\/wp-json\/wp\/v2\/posts"}],"about":[{"href":"https:\/\/activecitizensfund.ro\/en\/wp-json\/wp\/v2\/types\/post"}],"author":[{"embeddable":true,"href":"https:\/\/activecitizensfund.ro\/en\/wp-json\/wp\/v2\/users\/1"}],"replies":[{"embeddable":true,"href":"https:\/\/activecitizensfund.ro\/en\/wp-json\/wp\/v2\/comments?post=58108"}],"version-history":[{"count":1,"href":"https:\/\/activecitizensfund.ro\/en\/wp-json\/wp\/v2\/posts\/58108\/revisions"}],"predecessor-version":[{"id":58120,"href":"https:\/\/activecitizensfund.ro\/en\/wp-json\/wp\/v2\/posts\/58108\/revisions\/58120"}],"wp:featuredmedia":[{"embeddable":true,"href":"https:\/\/activecitizensfund.ro\/en\/wp-json\/wp\/v2\/media\/58114"}],"wp:attachment":[{"href":"https:\/\/activecitizensfund.ro\/en\/wp-json\/wp\/v2\/media?parent=58108"}],"wp:term":[{"taxonomy":"category","embeddable":true,"href":"https:\/\/activecitizensfund.ro\/en\/wp-json\/wp\/v2\/categories?post=58108"},{"taxonomy":"post_tag","embeddable":true,"href":"https:\/\/activecitizensfund.ro\/en\/wp-json\/wp\/v2\/tags?post=58108"}],"curies":[{"name":"wp","href":"https:\/\/api.w.org\/{rel}","templated":true}]}}